{"id":30860982,"date":"2020-05-27T11:16:11","date_gmt":"2020-05-27T09:16:11","guid":{"rendered":"https:\/\/www.upo.es\/diario\/?p=30860982"},"modified":"2020-05-27T11:16:11","modified_gmt":"2020-05-27T09:16:11","slug":"la-upo-participa-en-un-estudio-sobre-actividad-fisico-deportiva-y-relacion-con-las-tic-en-el-confinamiento","status":"publish","type":"post","link":"https:\/\/www.upo.es\/diario\/ciencia\/2020\/05\/la-upo-participa-en-un-estudio-sobre-actividad-fisico-deportiva-y-relacion-con-las-tic-en-el-confinamiento\/","title":{"rendered":"La UPO participa en un estudio sobre actividad f\u00edsico deportiva y relaci\u00f3n con las TIC en el confinamiento"},"content":{"rendered":"<p><img loading=\"lazy\" decoding=\"async\" class=\"alignright size-medium wp-image-30860990\" src=\"https:\/\/www.upo.es\/diario\/wp-content\/uploads\/2020\/05\/deporte-en-casa-360x240.jpg\" alt=\"persona practicando ejercicios en casa\" width=\"360\" height=\"240\" srcset=\"https:\/\/www.upo.es\/diario\/wp-content\/uploads\/2020\/05\/deporte-en-casa-360x240.jpg 360w, https:\/\/www.upo.es\/diario\/wp-content\/uploads\/2020\/05\/deporte-en-casa-750x500.jpg 750w, https:\/\/www.upo.es\/diario\/wp-content\/uploads\/2020\/05\/deporte-en-casa-768x512.jpg 768w, https:\/\/www.upo.es\/diario\/wp-content\/uploads\/2020\/05\/deporte-en-casa-600x400.jpg 600w, https:\/\/www.upo.es\/diario\/wp-content\/uploads\/2020\/05\/deporte-en-casa-165x109.jpg 165w, https:\/\/www.upo.es\/diario\/wp-content\/uploads\/2020\/05\/deporte-en-casa.jpg 1280w\" sizes=\"auto, (max-width: 360px) 100vw, 360px\" \/>La Universidad Pablo de Olavide lidera junto a la Universidad de Valladolid una<strong> investigaci\u00f3n sobre la influencia del confinamiento en la actividad f\u00edsico deportiva de la poblaci\u00f3n centr\u00e1ndose en una comparativa de los h\u00e1bitos de la sociedad antes y durante el periodo vivido a ra\u00edz de la expansi\u00f3n de la COVID-19<\/strong>. El estudio, en el que tambi\u00e9n participa la Universidad de Le\u00f3n, analiza adem\u00e1s la aplicaci\u00f3n de las Tecnolog\u00edas de la Informaci\u00f3n y Comunicaci\u00f3n en este sector. \u201cEl objetivo es recabar informaci\u00f3n\u00a0 sobre los comportamientos de la poblaci\u00f3n respecto a la actividad f\u00edsico deportiva y al uso de las TIC durante este periodo y proporcionar estos datos al sector deportivo (instituciones p\u00fablicas, empresas, clubes, federaciones, gestores deportivos, entrenadores&#8230;) para que puedan reorganizar su actividad, estar m\u00e1s cerca de las personas y dar una mejor respuesta a la demanda de la sociedad\u201d, explica <strong>Marta Garc\u00eda Tasc\u00f3n<\/strong>, profesora de la Facultad de Ciencias del Deporte de la UPO e investigadora principal del proyecto, junto a Ana Mar\u00eda Magaz Gonz\u00e1lez (UVA).<\/p>\n<p>Para conocer con detalle la influencia del confinamiento en los h\u00e1bitos f\u00edsico deportivos de la poblaci\u00f3n, <strong>el equipo de investigaci\u00f3n de estas tres universidades ha recogido datos sobre las pr\u00e1cticas antes y durante el estado de alarma a trav\u00e9s de una encuesta realizada entre el 10 de abril y el 10 de mayo de 2020<\/strong> (per\u00edodo en que las personas no pod\u00edan salir de casa para practicar deporte). La informaci\u00f3n se ha estructurado en cuatro apartados: datos sociodemogr\u00e1ficos, pr\u00e1ctica de actividad f\u00edsico-deportiva, uso de TIC para la pr\u00e1ctica de actividad f\u00edsica y datos sobre descanso y estado de \u00e1nimo.<\/p>\n<figure id=\"attachment_30860987\" aria-describedby=\"caption-attachment-30860987\" style=\"width: 481px\" class=\"wp-caption alignright\"><img loading=\"lazy\" decoding=\"async\" class=\"size-full wp-image-30860987\" src=\"https:\/\/www.upo.es\/diario\/wp-content\/uploads\/2020\/05\/actividad-fisica-MGT_Covid-19_1.png\" alt=\"\" width=\"481\" height=\"164\" srcset=\"https:\/\/www.upo.es\/diario\/wp-content\/uploads\/2020\/05\/actividad-fisica-MGT_Covid-19_1.png 481w, https:\/\/www.upo.es\/diario\/wp-content\/uploads\/2020\/05\/actividad-fisica-MGT_Covid-19_1-360x123.png 360w\" sizes=\"auto, (max-width: 481px) 100vw, 481px\" \/><figcaption id=\"caption-attachment-30860987\" class=\"wp-caption-text\">Actividad f\u00edsica antes y durante el confinamiento<\/figcaption><\/figure>\n<p><strong>Los resultados preliminares indican que se ha duplicado el porcentaje de personas que no practican actividad f\u00edsica y que han disminuido notablemente las horas de entrenamiento de aquellos que dedican m\u00e1s tiempo al deporte.<\/strong> Las actividades intensas han dado paso -explica el estudio- a las actividades suaves durante este periodo y la mayor\u00eda de ellas han sido realizadas de manera libre por los encuestados, a pesar de observarse tambi\u00e9n un importante aumento\u00a0 del formato de clases virtuales con el acompa\u00f1amiento de entrenadores y centros deportivos.<\/p>\n<p>Otro dato destacable de estos primeros resultados\u00a0es que aproximadamente\u00a0entre el 70 y el 100% de los encuestados no usaban ning\u00fan soporte tecnol\u00f3gico para realizar actividad f\u00edsica antes del confinamiento. Tan solo un 20,1% y 12,6% manifestaron el uso de relojes inteligentes (<em>weareables)<\/em> y aplicaciones deportivas, respectivamente. Durante el periodo analizado han sido las plataformas virtuales y las redes sociales, las que en algunos casos han triplicado y duplicado, respectivamente, su porcentaje de uso. Aunque muchas organizaciones deportivas \u00a0ofrecieron sus servicios durante la pandemia en soporte virtual, los encuestados reflejan que hicieron\u00a0m\u00e1s uso de las redes sociales y, sobre todo, de plataformas virtuales como Youtube para realizar actividad f\u00edsica.<\/p>\n<p>Asimismo, otra de las informaciones que arroja esta primera fase del estudio es que la forma de visualizar la actividad f\u00edsica durante el confinamiento ha sido mayoritariamente a trav\u00e9s de la retransmisi\u00f3n grabada. \u201cEsta situaci\u00f3n puede dar pistas a los gestores y brindar nuevas f\u00f3rmulas de servicios, y no solo ofrecer clases en horarios presenciales y establecidos, sino ofrecer otros formatos para que los usuarios tengan la posibilidad de disfrutar de la oferta deportiva grabada en los horarios que ellos prefieran\u201d, destaca Marta Garc\u00eda Tasc\u00f3n, quien explica que se ha observado tambi\u00e9n un uso significativo del Smartphone, \u201calgo que puede ser tenido en cuenta por organizaciones y entidades, que podr\u00edan considerar adaptar la oferta virtual a este dispositivo, adem\u00e1s de a los ordenadores y tabletas\u201d.<\/p>\n<p>La investigadora de la Universidad Pablo de Olavide subraya que <strong>la pandemia ha supuesto un impulso al uso de la Tecnolog\u00eda de la Informaci\u00f3n y Comunicaci\u00f3n (TIC) aplicada a la actividad f\u00edsico deportiva<\/strong> y el estado de confinamiento ha provocado que para muchas personas la \u00fanica alternativa para hacer ejercicio sea emplear las m\u00faltiples opciones de actividad f\u00edsica virtual que hay en la red o en diversos dispositivos.\u00a0 \u201cLejos de ser una amenaza para el sector de la actividad f\u00edsico deportiva (AFD) incluido el del <em>fitness,<\/em> esta situaci\u00f3n es una oportunidad para actualizar su oferta y dar el salto a entornos web y virtuales. Muchas organizaciones lo han conseguido en tiempo r\u00e9cord, con mayor o menor acierto. Sin embargo, no todas han explorado esas opciones\u201d, resalta la profesora, quien considera que tras esta situaci\u00f3n el sector de la actividad f\u00edsico deportiva tendr\u00e1 que repensar su negocio y reconfigurar sus estrategias, ofertando servicios en diversos formatos, no solo presenciales, y aprovechando la influencia de las redes sociales. \u201cAs\u00ed, por ejemplo, el empleo de las redes sociales por parte de los gestores deber\u00e1 ser revisado a fin de sacar el mayor partido de \u00e9stas, pero sin olvidar que uno de los aspectos clave del entorno <em>fitness<\/em> y de la actividad f\u00edsica en general, es el contacto entre personas y la emoci\u00f3n compartida\u201d, a\u00f1ade.<\/p>\n<figure id=\"attachment_30860988\" aria-describedby=\"caption-attachment-30860988\" style=\"width: 406px\" class=\"wp-caption alignright\"><img loading=\"lazy\" decoding=\"async\" class=\"size-full wp-image-30860988\" src=\"https:\/\/www.upo.es\/diario\/wp-content\/uploads\/2020\/05\/descanso-MGT_Covid-19.png\" alt=\"\" width=\"406\" height=\"152\" srcset=\"https:\/\/www.upo.es\/diario\/wp-content\/uploads\/2020\/05\/descanso-MGT_Covid-19.png 406w, https:\/\/www.upo.es\/diario\/wp-content\/uploads\/2020\/05\/descanso-MGT_Covid-19-360x135.png 360w\" sizes=\"auto, (max-width: 406px) 100vw, 406px\" \/><figcaption id=\"caption-attachment-30860988\" class=\"wp-caption-text\">Calidad del sue\u00f1o antes y durante el confinamiento<\/figcaption><\/figure>\n<p>Por \u00faltimo, el estudio aborda tambi\u00e9n cuestiones relativas al descanso y al estado de \u00e1nimo, se\u00f1alando \u00a0que la media de horas de descanso ha sido de siete horas y que<strong>\u00a0<\/strong>la calidad del sue\u00f1o ha empeorado, vi\u00e9ndose incrementados los aspectos \u2018malo\u2019 y \u2018muy malo\u2019 en la valoraci\u00f3n del mismo.<\/p>\n<p>La investigaci\u00f3n contempla recabar datos en las mismas fechas en el a\u00f1o 2021 y realizar una comparativa con los datos arrojados en esta primera fase.<\/p>\n<p>&nbsp;<\/p>\n<p>&nbsp;<\/p>\n<p>&nbsp;<\/p>\n","protected":false},"excerpt":{"rendered":"<p>La Universidad Pablo de Olavide lidera junto a la Universidad de Valladolid una investigaci\u00f3n sobre la influencia del confinamiento en la actividad f\u00edsico deportiva de la poblaci\u00f3n centr\u00e1ndose en una comparativa de los h\u00e1bitos de la sociedad antes y durante el periodo vivido a ra\u00edz de la expansi\u00f3n de la COVID-19. El estudio, en el que tambi\u00e9n participa la Universidad de Le\u00f3n, analiza adem\u00e1s la aplicaci\u00f3n de las Tecnolog\u00edas de la Informaci\u00f3n y Comunicaci\u00f3n en este sector. \u201cEl objetivo es recabar informaci\u00f3n\u00a0 sobre los comportamientos de la poblaci\u00f3n respecto a la actividad f\u00edsico-deportiva y al uso de las TIC durante este periodo y proporcionar estos datos al sector deportivo (instituciones p\u00fablicas, empresas, clubes, federaciones, gestores deportivos, entrenadores&#8230;) para que puedan reorganizar su actividad, estar m\u00e1s cerca de las personas y dar una mejor respuesta a la demanda de la sociedad\u201d, explica Marta Garc\u00eda Tasc\u00f3n, profesora de la facultad de Ciencias del Deporte de la UPO e investigadora principal del proyecto, junto a Ana Mar\u00eda Magaz Gonz\u00e1lez (UVA).<\/p>\n","protected":false},"author":15,"featured_media":30860990,"comment_status":"closed","ping_status":"open","sticky":false,"template":"","format":"standard","meta":{"_monsterinsights_skip_tracking":false,"_monsterinsights_sitenote_active":false,"_monsterinsights_sitenote_note":"","_monsterinsights_sitenote_category":0,"footnotes":""},"categories":[3],"tags":[1990,6632,6601,541,859,3342,6759,4382,20,719,6758,1227],"class_list":["post-30860982","post","type-post","status-publish","format-standard","has-post-thumbnail","hentry","category-ciencia","tag-ciencias-del-deporte","tag-confinamiento","tag-covid-19","tag-deporte","tag-estudio","tag-facultad-de-ciencias-del-deporte","tag-habitos","tag-marta-garcia-tascon","tag-redes-sociales","tag-tic","tag-universidad-de-leon","tag-universidad-de-valladolid"],"_links":{"self":[{"href":"https:\/\/www.upo.es\/diario\/wp-json\/wp\/v2\/posts\/30860982","targetHints":{"allow":["GET"]}}],"collection":[{"href":"https:\/\/www.upo.es\/diario\/wp-json\/wp\/v2\/posts"}],"about":[{"href":"https:\/\/www.upo.es\/diario\/wp-json\/wp\/v2\/types\/post"}],"author":[{"embeddable":true,"href":"https:\/\/www.upo.es\/diario\/wp-json\/wp\/v2\/users\/15"}],"replies":[{"embeddable":true,"href":"https:\/\/www.upo.es\/diario\/wp-json\/wp\/v2\/comments?post=30860982"}],"version-history":[{"count":6,"href":"https:\/\/www.upo.es\/diario\/wp-json\/wp\/v2\/posts\/30860982\/revisions"}],"predecessor-version":[{"id":30860985,"href":"https:\/\/www.upo.es\/diario\/wp-json\/wp\/v2\/posts\/30860982\/revisions\/30860985"}],"wp:featuredmedia":[{"embeddable":true,"href":"https:\/\/www.upo.es\/diario\/wp-json\/wp\/v2\/media\/30860990"}],"wp:attachment":[{"href":"https:\/\/www.upo.es\/diario\/wp-json\/wp\/v2\/media?parent=30860982"}],"wp:term":[{"taxonomy":"category","embeddable":true,"href":"https:\/\/www.upo.es\/diario\/wp-json\/wp\/v2\/categories?post=30860982"},{"taxonomy":"post_tag","embeddable":true,"href":"https:\/\/www.upo.es\/diario\/wp-json\/wp\/v2\/tags?post=30860982"}],"curies":[{"name":"wp","href":"https:\/\/api.w.org\/{rel}","templated":true}]}}