{"id":30861006,"date":"2020-05-29T11:52:48","date_gmt":"2020-05-29T09:52:48","guid":{"rendered":"https:\/\/www.upo.es\/diario\/?p=30861006"},"modified":"2020-06-02T13:09:24","modified_gmt":"2020-06-02T11:09:24","slug":"los-bosques-espanoles-demuestran-su-capacidad-de-recuperacion-frente-al-aumento-de-sequias-extremas","status":"publish","type":"post","link":"https:\/\/www.upo.es\/diario\/ciencia\/2020\/05\/los-bosques-espanoles-demuestran-su-capacidad-de-recuperacion-frente-al-aumento-de-sequias-extremas\/","title":{"rendered":"Los bosques espa\u00f1oles demuestran su capacidad de recuperaci\u00f3n frente al aumento de sequ\u00edas extremas"},"content":{"rendered":"<figure id=\"attachment_30861008\" aria-describedby=\"caption-attachment-30861008\" style=\"width: 750px\" class=\"wp-caption aligncenter\"><a href=\"https:\/\/www.upo.es\/diario\/wp-content\/uploads\/2020\/05\/2_Pinos-muertos-sequia.jpg\"><img loading=\"lazy\" decoding=\"async\" class=\"size-large wp-image-30861008\" src=\"https:\/\/www.upo.es\/diario\/wp-content\/uploads\/2020\/05\/2_Pinos-muertos-sequia-750x567.jpg\" alt=\"Pinos resineros muertos tras sequ\u00edas recientes en el Sistema Ib\u00e9rico (Zaragoza)\" width=\"750\" height=\"567\" srcset=\"https:\/\/www.upo.es\/diario\/wp-content\/uploads\/2020\/05\/2_Pinos-muertos-sequia-750x567.jpg 750w, https:\/\/www.upo.es\/diario\/wp-content\/uploads\/2020\/05\/2_Pinos-muertos-sequia-360x272.jpg 360w, https:\/\/www.upo.es\/diario\/wp-content\/uploads\/2020\/05\/2_Pinos-muertos-sequia-768x580.jpg 768w, https:\/\/www.upo.es\/diario\/wp-content\/uploads\/2020\/05\/2_Pinos-muertos-sequia-600x453.jpg 600w, https:\/\/www.upo.es\/diario\/wp-content\/uploads\/2020\/05\/2_Pinos-muertos-sequia.jpg 847w\" sizes=\"auto, (max-width: 750px) 100vw, 750px\" \/><\/a><figcaption id=\"caption-attachment-30861008\" class=\"wp-caption-text\">Pinos resineros muertos tras sequ\u00edas recientes en el Sistema Ib\u00e9rico (Zaragoza). Foto: Michele Colangelo<\/figcaption><\/figure>\n<p>Un estudio liderado por investigadores del <strong>Instituto Pirenaico de Ecolog\u00eda (IPE-CSIC) <\/strong>y la <strong>Universidad Pablo de Olavide (UPO)<\/strong>, en colaboraci\u00f3n con 16 instituciones espa\u00f1olas, ha demostrado que los bosques espa\u00f1oles fueron capaces de recuperar r\u00e1pidamente su crecimiento frente al aumento de sequ\u00edas extremas durante los \u00faltimos 30 a\u00f1os. La mayor\u00eda de las 16 especies de \u00e1rboles analizadas en 567 bosques espa\u00f1oles recuperaron las tasas de crecimiento tras una sequ\u00eda extrema en un plazo medio de dos a\u00f1os. El trabajo liderado por\u00a0<strong>Antonio Gazol<\/strong>, investigador del IPE-CSIC, ha sido publicado recientemente bajo el t\u00edtulo \u2018<em>Drought legacies are short, prevail in dry conifer forests and depend on growth variability<\/em>\u2019 en la revista\u00a0<strong><em>Journal of Ecology<\/em><\/strong>.<\/p>\n<figure id=\"attachment_30861011\" aria-describedby=\"caption-attachment-30861011\" style=\"width: 271px\" class=\"wp-caption alignright\"><a href=\"https:\/\/www.upo.es\/diario\/wp-content\/uploads\/2020\/05\/3_Extraccion-testigos-madera.jpg\"><img loading=\"lazy\" decoding=\"async\" class=\"wp-image-30861011 size-medium\" src=\"https:\/\/www.upo.es\/diario\/wp-content\/uploads\/2020\/05\/3_Extraccion-testigos-madera-271x360.jpg\" alt=\"Extracci\u00f3n de testigos de madera con barrena forestal para an\u00e1lisis dendrocronol\u00f3gicos. A la izquierda Dr. J. Julio Camarero, a la derecha. Dr. Ra\u00fal S\u00e1nchez-Salguero.\" width=\"271\" height=\"360\" srcset=\"https:\/\/www.upo.es\/diario\/wp-content\/uploads\/2020\/05\/3_Extraccion-testigos-madera-271x360.jpg 271w, https:\/\/www.upo.es\/diario\/wp-content\/uploads\/2020\/05\/3_Extraccion-testigos-madera.jpg 538w\" sizes=\"auto, (max-width: 271px) 100vw, 271px\" \/><\/a><figcaption id=\"caption-attachment-30861011\" class=\"wp-caption-text\">Julio Camarero (izq.) y Ra\u00fal S\u00e1nchez-Salguero (der.) durante la extracci\u00f3n de testigos de madera para an\u00e1lisis dendrocronol\u00f3gicos. Foto: Michele Colangelo<\/figcaption><\/figure>\n<p>El estudio centra su atenci\u00f3n en la <strong>memoria ecol\u00f3gica<\/strong> de los ecosistemas forestales frente al efecto acumulado de fen\u00f3menos clim\u00e1ticos extremos y recurrentes como las sequ\u00edas. Los investigadores han mostrado c\u00f3mo las consecuencias negativas de las sequ\u00edas pueden prolongarse durante a\u00f1os, influyendo estos <strong>legados clim\u00e1ticos<\/strong> en la respuesta a largo plazo de la din\u00e1mica de muchos de los bosques de la Pen\u00ednsula Ib\u00e9rica. Para ello se analizaron datos de crecimiento radial de los \u00e1rboles, a partir de la dataci\u00f3n y medida de anchura de los anillos anuales del tronco mediante <strong>dendrocronolog\u00eda<\/strong> y datos de actividad vegetal o productividad obtenidos de <strong>im\u00e1genes de sat\u00e9lites<\/strong> tomadas durante las tres \u00faltimas d\u00e9cadas.<\/p>\n<p>Los legados de las sequ\u00edas que afectaron a Espa\u00f1a durante este periodo se manifestaron tanto en reducciones de crecimiento como de productividad de los bosques en funci\u00f3n de la especie dominante y de su capacidad de adaptaci\u00f3n. El crecimiento siempre fue m\u00e1s sensible a la falta de agua que la productividad primaria. Sin embargo, los resultados muestran que los legados clim\u00e1ticos son en general cortos en muchas especies de \u00e1rboles, que muestran una capacidad de recuperar tasas elevadas de crecimiento entre uno y dos a\u00f1os despu\u00e9s de una sequ\u00eda extrema.<\/p>\n<figure id=\"attachment_30861009\" aria-describedby=\"caption-attachment-30861009\" style=\"width: 271px\" class=\"wp-caption alignright\"><a href=\"https:\/\/www.upo.es\/diario\/wp-content\/uploads\/2020\/05\/1_abetos-muertos-sequia.jpg\"><img loading=\"lazy\" decoding=\"async\" class=\"wp-image-30861009\" src=\"https:\/\/www.upo.es\/diario\/wp-content\/uploads\/2020\/05\/1_abetos-muertos-sequia-202x360.jpg\" alt=\"Abetos muertos tras sequ\u00edas recientes en el Paco Ezpela (Ans\u00f3, Huesca).\" width=\"271\" height=\"483\" srcset=\"https:\/\/www.upo.es\/diario\/wp-content\/uploads\/2020\/05\/1_abetos-muertos-sequia-202x360.jpg 202w, https:\/\/www.upo.es\/diario\/wp-content\/uploads\/2020\/05\/1_abetos-muertos-sequia.jpg 383w\" sizes=\"auto, (max-width: 271px) 100vw, 271px\" \/><\/a><figcaption id=\"caption-attachment-30861009\" class=\"wp-caption-text\">Abetos muertos tras sequ\u00edas recientes en el Paco Ezpela (Ans\u00f3, Huesca). Foto: Ra\u00fal S\u00e1nchez-Salguero<\/figcaption><\/figure>\n<p>De las 16 especies analizadas, 9 con\u00edferas -abeto, pinsapo, pino carrasco, pino negro, pino resinero, pino laricio o salgare\u00f1o, pino pi\u00f1onero, pino albar o silvestre y sabina albar- y 7 frondosas -haya, casta\u00f1o, encina, quejigo, roble albar, roble com\u00fan o carballo y rebollo-, las mejor adaptadas a las sequ\u00edas han sido los pinos mediterr\u00e1neos como los pinos carrasco y resinero. Estas especies muestran marcados impactos y por tanto mayores legados de las sequ\u00edas, pero tienen una r\u00e1pida capacidad de recuperaci\u00f3n debido a su mayor plasticidad y adaptaci\u00f3n al d\u00e9ficit h\u00eddrico. Por otro lado, en especies que habitan zonas m\u00e1s h\u00famedas y templadas de la Pen\u00ednsula Ib\u00e9rica, por ejemplo, robles o casta\u00f1os, el efecto acumulado de las sequ\u00edas es menor, a excepci\u00f3n de los hayedos o encinares de sitios h\u00famedos, que s\u00ed se ven m\u00e1s afectados.<\/p>\n<p>En palabras de <strong>J. Julio Camarero<\/strong>, investigador del IPE-CSIC, \u201clos bosques espa\u00f1oles son ecosistemas vulnerables frente al aumento en la frecuencia y duraci\u00f3n de las sequ\u00edas, pero los resultados muestran una alta capacidad de adaptaci\u00f3n a la recurrencia de sequ\u00edas, sobre todo en las especies mediterr\u00e1neas de pino, dado que sus estrategias de adaptaci\u00f3n les permiten hacer frente a los legados clim\u00e1ticos\u201d.<\/p>\n<blockquote><p>Los investigadores se\u00f1alan que bosques de abeto pirenaicos o pinares de zonas continentales y secas corren peligro ante nuevas sequ\u00edas extremas<\/p><\/blockquote>\n<p>Seg\u00fan\u00a0<strong>Ra\u00fal S\u00e1nchez-Salguero<\/strong>, investigador y profesor de la Universidad Pablo de Olavide, \u201cevaluar y entender las diferentes estrategias de adaptaci\u00f3n frente al aumento de fen\u00f3menos extremos considerando la amplia diversidad de especies de \u00e1rboles presentes en la Pen\u00ednsula Ib\u00e9rica es fundamental para identificar <strong>bosques cr\u00edticos<\/strong>, es decir, <strong>altamente vulnerables<\/strong>, y as\u00ed poder establecer las\u00a0<strong>medidas de gesti\u00f3n forestal<\/strong>\u00a0adecuadas que podr\u00edan amortiguar estos efectos, sobre todo en los l\u00edmites de distribuci\u00f3n m\u00e1s secos o en el caso de bosques relictos\u201d. En este sentido, los investigadores se\u00f1alan que algunos bosques de abeto pirenaicos o pinares de zonas continentales y secas, as\u00ed como bosques relictos de pinsapo podr\u00edan ver comprometida su viabilidad futura ante la recurrencia de sequ\u00eda extremas, ya que son las especies que muestran mayores legados de las sequ\u00edas acumuladas, lo que, seg\u00fan los investigadores, concuerda con los marcados episodios de <strong>decaimiento forestal y mortalidad<\/strong> observados en las \u00faltimas d\u00e9cadas. Por lo tanto, como se\u00f1ala <strong>Juan Carlos Linares<\/strong> \u201canalizar la respuesta de estas especies frente al aumento de sequ\u00edas extremas en una amplia diversidad de ambientes nos puede ayudar a mejorar las herramientas para evaluar su vulnerabilidad o adaptaci\u00f3n ante fen\u00f3menos extremos futuros y tomar medidas de conservaci\u00f3n\u201d.<\/p>\n<p>Este grupo de cient\u00edficos espa\u00f1oles asegura que esta aproximaci\u00f3n permitir\u00eda pronosticar <strong>futuros procesos de decaimiento forestal<\/strong> inducidos por el aumento en la frecuencia, duraci\u00f3n e intensidad de sequ\u00edas extremas en la Pen\u00ednsula Ib\u00e9rica. La colaboraci\u00f3n entre grupos y la disponibilidad de fondos p\u00fablicos para investigaci\u00f3n en temas medioambientales ha sido fundamental y ha permitido crear y analizar esta base de datos \u00fanica a nivel europeo, hecho que ha convertido a este trabajo en un buen ejemplo de <strong>colaboraci\u00f3n cient\u00edfica<\/strong> a nivel nacional.<\/p>\n<p><strong>Referencia<\/strong>:\u00a0Gazol, A, Camarero, J.J., S\u00e1nchez-Salguero, R., Serra-Maluquer, X., Vicente-Serrano, S.M., Guti\u00e9rrez, E., de Luis, M., Sang\u00fcesa-Barreda, G., Novak, K., Rozas, V., T\u00edscar, P.A., Linares, J.C., Mart\u00ednez del Castillo, E., Ribas, M., Garc\u00eda-Gonz\u00e1lez, I., Silla, F., Camis\u00f3n, A., G\u00e9nova, M., Olano, J.M., Heres, A-M., Curiel Yuste, J., Longares, L.A., Hevia, A., Tom\u00e1s-Burguera, M., Galv\u00e1n, J.D. 2020. <strong>Drought legacies are short, prevail in dry conifer forests and depend on growth variability<\/strong>. <em>Journal of Ecology<\/em> <a href=\"https:\/\/doi.org\/10.1111\/1365-2745.13435\">https:\/\/doi.org\/10.1111\/1365-2745.13435<\/a><\/p>\n<p>&gt; <a href=\"https:\/\/www.upo.es\/diario\/english\/2020\/05\/spain-forests-demonstrate-their-ability-to-resilience-despite-the-increase-of-severe-droughts\/\"><strong>English Press Release<\/strong><\/a><\/p>\n","protected":false},"excerpt":{"rendered":"<p>Un estudio liderado por investigadores del Instituto Pirenaico de Ecolog\u00eda (IPE-CSIC) y la Universidad Pablo de Olavide (UPO), en colaboraci\u00f3n con 16 instituciones espa\u00f1olas, ha demostrado que los bosques espa\u00f1oles fueron capaces de recuperar r\u00e1pidamente su crecimiento frente al aumento de sequ\u00edas extremas durante los \u00faltimos 30 a\u00f1os. La mayor\u00eda de las 16 especies de \u00e1rboles analizadas en 567 bosques espa\u00f1oles recuperaron las tasas de crecimiento tras una sequ\u00eda extrema en un plazo medio de dos a\u00f1os. El trabajo liderado por\u00a0Antonio Gazol, investigador del IPE-CSIC, ha sido publicado recientemente bajo el t\u00edtulo \u2018Drought legacies are short, prevail in dry conifer forests and depend on growth variability\u2019 en la revista\u00a0Journal of Ecology.<\/p>\n","protected":false},"author":6,"featured_media":30861008,"comment_status":"closed","ping_status":"open","sticky":false,"template":"","format":"standard","meta":{"_monsterinsights_skip_tracking":false,"_monsterinsights_sitenote_active":false,"_monsterinsights_sitenote_note":"","_monsterinsights_sitenote_category":0,"footnotes":""},"categories":[3],"tags":[2391,958,194,3023,56,4770,429,4497],"class_list":["post-30861006","post","type-post","status-publish","format-standard","has-post-thumbnail","hentry","category-ciencia","tag-bosques","tag-clima","tag-ecologia","tag-ecosistema","tag-investigacion","tag-ipe-csic","tag-medio-ambiente","tag-raul-sanchez-salguero"],"_links":{"self":[{"href":"https:\/\/www.upo.es\/diario\/wp-json\/wp\/v2\/posts\/30861006","targetHints":{"allow":["GET"]}}],"collection":[{"href":"https:\/\/www.upo.es\/diario\/wp-json\/wp\/v2\/posts"}],"about":[{"href":"https:\/\/www.upo.es\/diario\/wp-json\/wp\/v2\/types\/post"}],"author":[{"embeddable":true,"href":"https:\/\/www.upo.es\/diario\/wp-json\/wp\/v2\/users\/6"}],"replies":[{"embeddable":true,"href":"https:\/\/www.upo.es\/diario\/wp-json\/wp\/v2\/comments?post=30861006"}],"version-history":[{"count":6,"href":"https:\/\/www.upo.es\/diario\/wp-json\/wp\/v2\/posts\/30861006\/revisions"}],"predecessor-version":[{"id":30861046,"href":"https:\/\/www.upo.es\/diario\/wp-json\/wp\/v2\/posts\/30861006\/revisions\/30861046"}],"wp:featuredmedia":[{"embeddable":true,"href":"https:\/\/www.upo.es\/diario\/wp-json\/wp\/v2\/media\/30861008"}],"wp:attachment":[{"href":"https:\/\/www.upo.es\/diario\/wp-json\/wp\/v2\/media?parent=30861006"}],"wp:term":[{"taxonomy":"category","embeddable":true,"href":"https:\/\/www.upo.es\/diario\/wp-json\/wp\/v2\/categories?post=30861006"},{"taxonomy":"post_tag","embeddable":true,"href":"https:\/\/www.upo.es\/diario\/wp-json\/wp\/v2\/tags?post=30861006"}],"curies":[{"name":"wp","href":"https:\/\/api.w.org\/{rel}","templated":true}]}}