{"id":30861038,"date":"2020-06-01T07:02:31","date_gmt":"2020-06-01T05:02:31","guid":{"rendered":"https:\/\/www.upo.es\/diario\/?p=30861038"},"modified":"2020-06-01T11:03:56","modified_gmt":"2020-06-01T09:03:56","slug":"los-males-del-deporte-base-en-espana-con-y-sin-covid-19","status":"publish","type":"post","link":"https:\/\/www.upo.es\/diario\/theconversation\/2020\/06\/los-males-del-deporte-base-en-espana-con-y-sin-covid-19\/","title":{"rendered":"Los males del deporte base en Espa\u00f1a con y sin COVID-19"},"content":{"rendered":"<figure><img decoding=\"async\" src=\"https:\/\/images.theconversation.com\/files\/338165\/original\/file-20200528-51516-24kt67.jpg?ixlib=rb-1.1.0&amp;rect=7%2C7%2C5306%2C3529&amp;q=45&amp;auto=format&amp;w=754&amp;fit=clip\" \/><figcaption><span class=\"attribution\"><a class=\"source\" href=\"https:\/\/www.shutterstock.com\/es\/image-photo\/brother-sister-standing-near-rock-wall-1006833073\"> Altanaka \/ Shutterstock<\/a><\/span><\/figcaption><\/figure>\n<p>Tras dos meses de confinamiento por la COVID-19, el comienzo de la desescalada nos ha tra\u00eddo escenas muy variadas, muchas de ellas de buen comportamiento c\u00edvico, otras reprobables. Las calles y parques se han llenado de ciudadanos con sus zapatillas de correr, la bicicleta o los patines, recuperando el h\u00e1bito del deporte al aire libre despu\u00e9s de semanas recluidos en las casas. Ese af\u00e1n por ocupar los espacios p\u00fablicos muestra la importancia social del deporte base.<\/p>\n<p>Como ocurre con todas las coyunturas de crisis, se pueden aprovechar para abordar cambios en las pol\u00edticas tradicionales o bien continuar con las mismas de siempre. En el caso que nos ocupa, la actual coyuntura es una gran oportunidad para trazar un cambio profundo en nuestro modelo deportivo, cambio que, sin abandonar el apoyo al deporte de competici\u00f3n, nos permita consolidar el deporte base y extenderlo a la mayor\u00eda de la poblaci\u00f3n.<\/p>\n<p>Es un camino ya emprendido por otros pa\u00edses, como <a href=\"https:\/\/www.tandfonline.com\/doi\/abs\/10.1080\/19406940.2011.596153\">Noruega, Suecia o Dinamarca<\/a>, que desde hace tiempo han apostado por el deporte base desde el \u00e1mbito de las pol\u00edticas p\u00fablicas, liderando el ranking mundial de practicantes de deporte. Y es una apuesta muy necesaria en Espa\u00f1a si queremos que nuestro pa\u00eds deje de ser l\u00edder europeo en <a href=\"https:\/\/theconversation.com\/el-exceso-de-peso-en-los-ninos-espanoles-un-problema-que-no-hemos-sabido-resolver-117385\">obesidad y sobrepeso <\/a>en edad infantil y adolescente, as\u00ed como en bajas laborales por problemas de salud asociados al sedentarismo.<\/p>\n<p>Sin embargo, algunas de las medidas adoptadas durante el estado de alarma no parece que vayan en esa direcci\u00f3n, sino todo lo contrario. De hecho, si se lee el <a href=\"https:\/\/www.boe.es\/buscar\/act.php?id=BOE-A-2020-4554\">art. 26 del RD-ley del pasado 21 de abril<\/a> de medidas urgentes complementarias para apoyar la econom\u00eda y el empleo, que crea la <a href=\"https:\/\/medium.com\/@diegogarciadiegoinfo\/el-gobierno-crea-la-fundaci%C3%B3n-espa%C3%B1a-deporte-global-c7cc0f763f7f\">Fundaci\u00f3n Espa\u00f1a Deporte Global<\/a>, vemos el protagonismo que le da a la <a href=\"https:\/\/www.rfef.es\/\">Real Federaci\u00f3n Espa\u00f1ola de F\u00fatbol<\/a> y a la <a href=\"https:\/\/www.laliga.com\/\">Liga de F\u00fatbol Profesional<\/a>.<\/p>\n<p>Asimismo, si observamos la composici\u00f3n del <a href=\"https:\/\/www.csd.gob.es\/es\/el-csd-crea-el-grupo-de-tareas-para-el-impulso-al-deporte-con-el-fin-de-dar-una-respuesta-agil-las-necesidades-actuales-del\">grupo de trabajo de \u201cImpulso al Deporte\u201d<\/a>, se comprueba la presencia mayoritaria de las grandes federaciones deportivas de alta competici\u00f3n, quedando fuera de an\u00e1lisis y deliberaciones importantes agentes sociales.<\/p>\n<p>Est\u00e1 claro que con ambas medidas se apuesta por el continuismo en nuestro pa\u00eds de un modelo de alta industria del deporte y se apuntala el f\u00fatbol como <em>deporte acaparador<\/em>.<\/p>\n<h3>El deporte base sufre los efectos de la pandemia<\/h3>\n<p>Se echa en falta, por tanto, mayor sensibilidad del Gobierno de la naci\u00f3n por el deporte base, que sin duda se est\u00e1 viendo afectado gravemente, y lo estar\u00e1 a\u00fan m\u00e1s, por la paralizaci\u00f3n de la actividad ocasionada por la COVID-19.<\/p>\n<p>En este sentido, hubieran sido necesarias medidas fiscales urgentes que animen la reincorporaci\u00f3n a la pr\u00e1ctica deportiva de la poblaci\u00f3n, especialmente entre grupos de rentas bajas (j\u00f3venes, mayores, mujeres, etc.), asumiendo las cuotas de gimnasios e instalaciones deportivas.<\/p>\n<p>Hubiera sido igualmente el momento de impulsar una verdadera pol\u00edtica de mecenazgo para atraer la implicaci\u00f3n del sector privado en la financiaci\u00f3n del deporte, reduciendo su dependencia de las arcas p\u00fablicas. Y hubiera sido razonable adoptar tambi\u00e9n un <a href=\"https:\/\/www.diariocordoba.com\/noticias\/deportes\/cordobes-david-moscoso-propone-medidas-reconstruir-sistema-deportivo_1367733.html\">plan de rescate<\/a> de las casi 35\u00a0000 empresas de servicios y productos deportivos existentes en Espa\u00f1a, en su mayor\u00eda aut\u00f3nomos y PYMES, en lugar de priorizar la industria de las retransmisiones deportivas.<\/p>\n<p>No es la primera vez que el deporte en Espa\u00f1a est\u00e1 en estado de shock. Y como en otras ocasiones, los poderes p\u00fablicos se encuentran ante la oportunidad de apostar por el deporte base. Tras la crisis econ\u00f3mico-financiera de 2008 desapareci\u00f3 el 23% de los clubes deportivos, y cerca del 30% de los deportistas profesionales tuvieron que abandonar sus carreras por falta de apoyo.<\/p>\n<p>Eso ocurr\u00eda entonces al mismo tiempo que los grandes clubes de f\u00fatbol eran rescatados con avales y subvenciones p\u00fablicas a fondo perdido, tras una irresponsable gesti\u00f3n especulativa que les gener\u00f3 m\u00e1s de 2\u00a0000 millones de euros en deudas. Y en esa coyuntura, adem\u00e1s, se impuso la apuesta de Espa\u00f1a por defender la candidatura ol\u00edmpica \u201cMadrid 2020\u201d, en el contexto de una imagen internacional de nuestro pa\u00eds da\u00f1ada por los esc\u00e1ndalos de corrupci\u00f3n y crisis urban\u00edstica.<\/p>\n<h3>Viejas f\u00f3rmulas para un modelo deportivo caduco<\/h3>\n<p>Una vez m\u00e1s nos encontramos ante la misma disyuntiva, y el Gobierno de la naci\u00f3n vuelve a emplear las viejas f\u00f3rmulas de un modelo deportivo socialmente caduco.<\/p>\n<p>Desde 1980, cada cinco a\u00f1os, el Consejo Superior de Deportes realiza la <a href=\"https:\/\/www.mecd.gob.es\/servicios-al-ciudadano-mecd\/estadisticas\/deporte\/encuesta-habitos-deportivos.html\">Encuesta de H\u00e1bitos Deportivos en Espa\u00f1a<\/a>. De esa <a href=\"http:\/\/www.cis.es\/cis\/opencm\/ES\/2_bancodatos\/estudios\/ver.jsp?estudio=10844\">encuesta<\/a> merece ser destacado que, cuando se le pregunta a la ciudadan\u00eda su grado de conformidad con la financiaci\u00f3n p\u00fablica en materia deportiva, cerca del 60% de las personas consultadas se opone a que se contin\u00fae financiando con sus impuestos el deporte espect\u00e1culo. En su lugar, el mayor consenso se sit\u00faa entre quienes se muestran a favor de aumentar la financiaci\u00f3n p\u00fablica del deporte base.<\/p>\n<p>Pues bien, en contra de ese sentimiento colectivo, de nuevo se aplica en Espa\u00f1a la f\u00f3rmula de <em>m\u00e1s f\u00fatbol, m\u00e1s competici\u00f3n, m\u00e1s espect\u00e1culo<\/em>. Se olvida as\u00ed que el inter\u00e9s general es el que sit\u00faa en sus prioridades a los veinte millones de personas que, ante la adversidad de la COVID-19, regresan a las calles, plazas y jardines a formar parte de la base del deporte, que es justo el lugar donde el deporte de competici\u00f3n tiene su fuente.<\/p>\n<p><a href=\"https:\/\/www.upo.es\/profesorado\/dmoscoso\/\">David Moscoso S\u00e1nchez<\/a>, profesor de Sociolog\u00eda, especialista en Sociolog\u00eda del Deporte, en la Universidad Pablo de Olavide.<\/p>\n<p>Este art\u00edculo fue publicado originalmente en <a href=\"https:\/\/theconversation.com\">The Conversation<\/a>. Lea el <a href=\"https:\/\/theconversation.com\/los-males-del-deporte-base-en-espana-con-y-sin-covid-19-139544\">original<\/a>.<\/p>\n<p><img loading=\"lazy\" decoding=\"async\" style=\"border: none !important; box-shadow: none !important; margin: 0 !important; max-height: 1px !important; max-width: 1px !important; min-height: 1px !important; min-width: 1px !important; opacity: 0 !important; outline: none !important; padding: 0 !important; text-shadow: none !important;\" src=\"https:\/\/counter.theconversation.com\/content\/139544\/count.gif?distributor=republish-lightbox-advanced\" alt=\"The Conversation\" width=\"1\" height=\"1\" \/><\/p>\n","protected":false},"excerpt":{"rendered":"<p>Tras dos meses de confinamiento por la COVID-19, el comienzo de la desescalada nos ha tra\u00eddo escenas muy variadas, muchas de ellas de buen comportamiento c\u00edvico, otras reprobables. Las calles y parques se han llenado de ciudadanos con sus zapatillas de correr, la bicicleta o los patines, recuperando el h\u00e1bito del deporte al aire libre despu\u00e9s de semanas recluidos en las casas. Ese af\u00e1n por ocupar los espacios p\u00fablicos muestra la importancia social del deporte base.<\/p>\n","protected":false},"author":6,"featured_media":30861039,"comment_status":"closed","ping_status":"open","sticky":false,"template":"","format":"standard","meta":{"_monsterinsights_skip_tracking":false,"_monsterinsights_sitenote_active":false,"_monsterinsights_sitenote_note":"","_monsterinsights_sitenote_category":0,"footnotes":""},"categories":[5390],"tags":[6601,1452,541,76,218],"class_list":["post-30861038","post","type-post","status-publish","format-standard","has-post-thumbnail","hentry","category-theconversation","tag-covid-19","tag-david-j-moscoso","tag-deporte","tag-politica","tag-salud"],"_links":{"self":[{"href":"https:\/\/www.upo.es\/diario\/wp-json\/wp\/v2\/posts\/30861038","targetHints":{"allow":["GET"]}}],"collection":[{"href":"https:\/\/www.upo.es\/diario\/wp-json\/wp\/v2\/posts"}],"about":[{"href":"https:\/\/www.upo.es\/diario\/wp-json\/wp\/v2\/types\/post"}],"author":[{"embeddable":true,"href":"https:\/\/www.upo.es\/diario\/wp-json\/wp\/v2\/users\/6"}],"replies":[{"embeddable":true,"href":"https:\/\/www.upo.es\/diario\/wp-json\/wp\/v2\/comments?post=30861038"}],"version-history":[{"count":2,"href":"https:\/\/www.upo.es\/diario\/wp-json\/wp\/v2\/posts\/30861038\/revisions"}],"predecessor-version":[{"id":30861041,"href":"https:\/\/www.upo.es\/diario\/wp-json\/wp\/v2\/posts\/30861038\/revisions\/30861041"}],"wp:featuredmedia":[{"embeddable":true,"href":"https:\/\/www.upo.es\/diario\/wp-json\/wp\/v2\/media\/30861039"}],"wp:attachment":[{"href":"https:\/\/www.upo.es\/diario\/wp-json\/wp\/v2\/media?parent=30861038"}],"wp:term":[{"taxonomy":"category","embeddable":true,"href":"https:\/\/www.upo.es\/diario\/wp-json\/wp\/v2\/categories?post=30861038"},{"taxonomy":"post_tag","embeddable":true,"href":"https:\/\/www.upo.es\/diario\/wp-json\/wp\/v2\/tags?post=30861038"}],"curies":[{"name":"wp","href":"https:\/\/api.w.org\/{rel}","templated":true}]}}