{"id":30861049,"date":"2020-06-01T12:53:17","date_gmt":"2020-06-01T10:53:17","guid":{"rendered":"https:\/\/www.upo.es\/diario\/?p=30861049"},"modified":"2020-06-08T11:32:16","modified_gmt":"2020-06-08T09:32:16","slug":"un-estudio-del-cabd-revela-que-las-alas-de-los-insectos-y-las-branquias-de-las-efimeras-podrian-compartir-un-origen-evolutivo-comun","status":"publish","type":"post","link":"https:\/\/www.upo.es\/diario\/ciencia\/2020\/06\/un-estudio-del-cabd-revela-que-las-alas-de-los-insectos-y-las-branquias-de-las-efimeras-podrian-compartir-un-origen-evolutivo-comun\/","title":{"rendered":"Un estudio del CABD revela que las alas de los insectos y las branquias de las ef\u00edmeras podr\u00edan compartir un origen evolutivo com\u00fan"},"content":{"rendered":"<figure id=\"attachment_30861053\" aria-describedby=\"caption-attachment-30861053\" style=\"width: 750px\" class=\"wp-caption aligncenter\"><img loading=\"lazy\" decoding=\"async\" class=\"size-large wp-image-30861053\" src=\"https:\/\/www.upo.es\/diario\/wp-content\/uploads\/2020\/06\/126_511810-750x467.jpg\" alt=\"Brown Mayfly (Ephemera vulgata), Ephemeroptera.\" width=\"750\" height=\"467\" srcset=\"https:\/\/www.upo.es\/diario\/wp-content\/uploads\/2020\/06\/126_511810-750x467.jpg 750w, https:\/\/www.upo.es\/diario\/wp-content\/uploads\/2020\/06\/126_511810-360x224.jpg 360w, https:\/\/www.upo.es\/diario\/wp-content\/uploads\/2020\/06\/126_511810-768x478.jpg 768w, https:\/\/www.upo.es\/diario\/wp-content\/uploads\/2020\/06\/126_511810-600x374.jpg 600w, https:\/\/www.upo.es\/diario\/wp-content\/uploads\/2020\/06\/126_511810.jpg 800w\" sizes=\"auto, (max-width: 750px) 100vw, 750px\" \/><figcaption id=\"caption-attachment-30861053\" class=\"wp-caption-text\">Las ef\u00edmeras se encuentran entre los primeros insectos alados que aparecen en el registro f\u00f3sil. Foto: De Agostini Picture Library\/Universal Images Group<\/figcaption><\/figure>\n<p>Un equipo de cient\u00edficos liderado por <strong>Isabel Almud\u00ed<\/strong> y <strong>Fernando Casares<\/strong> del Centro Andaluz de Biolog\u00eda del Desarrollo (CABD), centro mixto del Consejo Superior de Investigaciones Cient\u00edficas (CSIC), la Universidad Pablo de Olavide y la Junta de Andaluc\u00eda ha concluido que las branquias de ciertos insectos acu\u00e1ticos son el \u00f3rgano que comparte un mayor n\u00famero de genes con las alas de los insectos.<strong> El hallazgo, realizado en una especie de ef\u00edmera, que junto a las lib\u00e9lulas, pertenece al grupo de insectos alados m\u00e1s antiguo, resulta clave para descifrar una pregunta largamente planteada en la biolog\u00eda evolutiva: \u00bfc\u00f3mo aparecieron las alas en insectos?<\/strong> La investigaci\u00f3n ha sido publicada en el \u00faltimo n\u00famero de <em><strong>Nature Communications<\/strong>. <\/em><\/p>\n<p>En el estudio tambi\u00e9n han participado investigadores de otras instituciones espa\u00f1olas como el Departamento de Gen\u00e9tica de la Universitat de Barcelona, el Institut de Biologia Evolutiva (IBE-CSIC), el Centro de Regulaci\u00f3n Gen\u00f3mica (CRG) y el Centro Nacional de Analisis Gen\u00f3mico (CNAG-CRG) y otros grupos de investigaci\u00f3n en cinco pa\u00edses.<\/p>\n<p>Los insectos alados son el grupo de animales m\u00e1s diverso, con un mayor n\u00famero de especies, de los que actualmente habitan el Planeta Tierra. Su aparici\u00f3n hace m\u00e1s de 320 millones de a\u00f1os, en el Carbon\u00edfero, supuso una total revoluci\u00f3n en los ecosistemas terrestres. Pese a su gran importancia, a\u00fan no se han hallado respuestas a c\u00f3mo se produjo su r\u00e1pida diversificaci\u00f3n o cu\u00e1les fueron los cambios ocurridos en los genomas de los insectos ancestrales que les dieron origen.<\/p>\n<p>En la subclase Pterygota, es decir, la del linaje de los insectos alados, se han investigado a\u00fan un bajo n\u00famero de genomas. No obstante, se sabe que uno de los \u00f3rdenes de esta subclase, el orden Ephemeroptera, m\u00e1s conocidos por el nombre de ef\u00edmeras, a pesar de haber divergido tempranamente en su filogenia del resto de los insectos alados, sus ancestros se encuentran entre los primeros insectos alados que aparecen en el registro f\u00f3sil. En ese sentido, el estudio de estas especies resulta esencial para conocer el origen de las alas.<\/p>\n<blockquote><p>La investigaci\u00f3n tambi\u00e9n abord\u00f3 si la expresi\u00f3n g\u00e9nica en ciertos tejidos se mantiene en diferentes especies de insectos alados<\/p><\/blockquote>\n<p>Explica el equipo de investigaci\u00f3n que <strong>para el estudio se secuenci\u00f3 el genoma de una especie de ef\u00edmeras, <em>Cloeon dipterum<\/em>, y se observ\u00f3 c\u00f3mo sus genes se expresaban de forma distinta en funci\u00f3n de la fase del ciclo de vida en el que se encontraba<\/strong>: durante los estadios acu\u00e1ticos (juveniles), los genes ten\u00edan predominantemente un papel en la quimio-percepci\u00f3n o percepci\u00f3n de \u2018olores\u2019, mientras que durante la fase adulta, los genes que se expresaban mayoritariamente eran los relacionados con la visi\u00f3n. Para Almud\u00ed y Casares, \u201cesto sugiere que la forma de percibir el medio externo es completamente distinta en las distintas fases vitales y que esta especie ha podido adaptarse a tan diversos ambientes mediante cambios en su genoma. Adem\u00e1s, investigando en detalle c\u00f3mo estas mol\u00e9culas que perciben las se\u00f1ales qu\u00edmicas se expresan en las ninfas, hemos descubierto que muchas de ellas se encuentran en las branquias, que son \u00f3rganos localizados en el abdomen de las ninfas y que hab\u00edan sido consideradas como su principal \u00f3rgano respiratorio\u201d.<\/p>\n<p>Tambi\u00e9n en la investigaci\u00f3n se estudi\u00f3 si la expresi\u00f3n g\u00e9nica en ciertos tejidos se mantiene en diferentes especies de insectos alados, es decir, si los genes que se expresan en el cerebro de una ef\u00edmera, por ejemplo, son los mismos que se expresan en el cerebro de una mosca. El equipo confirm\u00f3 una importante conservaci\u00f3n de los genes que se expresan en las alas de ef\u00edmera y de mosca, y adem\u00e1s observaron que varios de estos genes ten\u00edan un papel en el desarrollo de las alas. \u201cComparamos la expresi\u00f3n g\u00e9nica en distintos \u00f3rganos de la ef\u00edmera y comprobamos que el \u00f3rgano que comparte un mayor n\u00famero de genes expresados con las alas, son las branquias, implicando programas gen\u00e9ticos compartidos y sugiriendo un origen com\u00fan\u201d, concluyeron los investigadores.<\/p>\n<p>Referencia:<br \/>\nAlmudi, I., Vizueta, J., Wyatt, C.D.R. et al. <strong><em>Genomic adaptations to aquatic and aerial life in mayflies and the origin of insect wings<\/em><\/strong>. Nat Commun 11, 2631 (2020). <a href=\"https:\/\/doi.org\/10.1038\/s41467-020-16284-8\">https:\/\/doi.org\/10.1038\/s41467-020-16284-8<\/a><\/p>\n<p>Fuente: CSIC-Andaluc\u00eda<\/p>\n","protected":false},"excerpt":{"rendered":"<p>Un equipo de cient\u00edficos liderado por Isabel Almud\u00ed y Fernando Casares del Centro Andaluz de Biolog\u00eda del Desarrollo (CABD), centro mixto del Consejo Superior de Investigaciones Cient\u00edficas (CSIC), la Universidad Pablo de Olavide (UPO) y la Junta de Andaluc\u00eda ha concluido que las branquias de ciertos insectos acu\u00e1ticos son el \u00f3rgano que comparte un mayor n\u00famero de genes con las alas de los insectos. El hallazgo, realizado en una especie de ef\u00edmera, que junto a las lib\u00e9lulas, pertenece al grupo de insectos alados m\u00e1s antiguo, resulta clave para descifrar una pregunta largamente planteada en la biolog\u00eda evolutiva: \u00bfc\u00f3mo aparecieron las alas en insectos? La investigaci\u00f3n ha sido publicada en el \u00faltimo n\u00famero de Nature Communications.<\/p>\n","protected":false},"author":6,"featured_media":30861053,"comment_status":"closed","ping_status":"open","sticky":false,"template":"","format":"standard","meta":{"_monsterinsights_skip_tracking":false,"_monsterinsights_sitenote_active":false,"_monsterinsights_sitenote_note":"","_monsterinsights_sitenote_category":0,"footnotes":""},"categories":[3],"tags":[246,43,1821,45,406],"class_list":["post-30861049","post","type-post","status-publish","format-standard","has-post-thumbnail","hentry","category-ciencia","tag-biologia","tag-cabd","tag-centro-andaluz-de-biologia-del-desarrollo","tag-csic","tag-publicacion"],"_links":{"self":[{"href":"https:\/\/www.upo.es\/diario\/wp-json\/wp\/v2\/posts\/30861049","targetHints":{"allow":["GET"]}}],"collection":[{"href":"https:\/\/www.upo.es\/diario\/wp-json\/wp\/v2\/posts"}],"about":[{"href":"https:\/\/www.upo.es\/diario\/wp-json\/wp\/v2\/types\/post"}],"author":[{"embeddable":true,"href":"https:\/\/www.upo.es\/diario\/wp-json\/wp\/v2\/users\/6"}],"replies":[{"embeddable":true,"href":"https:\/\/www.upo.es\/diario\/wp-json\/wp\/v2\/comments?post=30861049"}],"version-history":[{"count":6,"href":"https:\/\/www.upo.es\/diario\/wp-json\/wp\/v2\/posts\/30861049\/revisions"}],"predecessor-version":[{"id":30861057,"href":"https:\/\/www.upo.es\/diario\/wp-json\/wp\/v2\/posts\/30861049\/revisions\/30861057"}],"wp:featuredmedia":[{"embeddable":true,"href":"https:\/\/www.upo.es\/diario\/wp-json\/wp\/v2\/media\/30861053"}],"wp:attachment":[{"href":"https:\/\/www.upo.es\/diario\/wp-json\/wp\/v2\/media?parent=30861049"}],"wp:term":[{"taxonomy":"category","embeddable":true,"href":"https:\/\/www.upo.es\/diario\/wp-json\/wp\/v2\/categories?post=30861049"},{"taxonomy":"post_tag","embeddable":true,"href":"https:\/\/www.upo.es\/diario\/wp-json\/wp\/v2\/tags?post=30861049"}],"curies":[{"name":"wp","href":"https:\/\/api.w.org\/{rel}","templated":true}]}}