{"id":30861128,"date":"2020-06-09T15:45:53","date_gmt":"2020-06-09T13:45:53","guid":{"rendered":"https:\/\/www.upo.es\/diario\/?p=30861128"},"modified":"2020-06-16T09:56:33","modified_gmt":"2020-06-16T07:56:33","slug":"abierto-el-periodo-de-matriculacion-para-la-pevau-en-la-upo-hasta-el-23-de-junio","status":"publish","type":"post","link":"https:\/\/www.upo.es\/diario\/institucional\/2020\/06\/abierto-el-periodo-de-matriculacion-para-la-pevau-en-la-upo-hasta-el-23-de-junio\/","title":{"rendered":"Abierto el periodo de matriculaci\u00f3n para la PEvAU en la UPO hasta el 23 de junio"},"content":{"rendered":"<figure id=\"attachment_30861127\" aria-describedby=\"caption-attachment-30861127\" style=\"width: 750px\" class=\"wp-caption aligncenter\"><a href=\"https:\/\/www.upo.es\/diario\/wp-content\/uploads\/2020\/06\/PEvAU-Sept2019_2019_09_10_46-scaled.jpg\"><img loading=\"lazy\" decoding=\"async\" class=\"wp-image-30861127 size-large\" src=\"https:\/\/www.upo.es\/diario\/wp-content\/uploads\/2020\/06\/PEvAU-Sept2019_2019_09_10_46-750x500.jpg\" alt=\"\" width=\"750\" height=\"500\" srcset=\"https:\/\/www.upo.es\/diario\/wp-content\/uploads\/2020\/06\/PEvAU-Sept2019_2019_09_10_46-750x500.jpg 750w, https:\/\/www.upo.es\/diario\/wp-content\/uploads\/2020\/06\/PEvAU-Sept2019_2019_09_10_46-360x240.jpg 360w, https:\/\/www.upo.es\/diario\/wp-content\/uploads\/2020\/06\/PEvAU-Sept2019_2019_09_10_46-768x512.jpg 768w, https:\/\/www.upo.es\/diario\/wp-content\/uploads\/2020\/06\/PEvAU-Sept2019_2019_09_10_46-600x400.jpg 600w, https:\/\/www.upo.es\/diario\/wp-content\/uploads\/2020\/06\/PEvAU-Sept2019_2019_09_10_46-1536x1024.jpg 1536w, https:\/\/www.upo.es\/diario\/wp-content\/uploads\/2020\/06\/PEvAU-Sept2019_2019_09_10_46-2048x1365.jpg 2048w\" sizes=\"auto, (max-width: 750px) 100vw, 750px\" \/><\/a><figcaption id=\"caption-attachment-30861127\" class=\"wp-caption-text\">Estudiantes durante la PEvAU en la UPO el curso pasado<\/figcaption><\/figure>\n<p>La Universidad Pablo de Olavide ha abierto el plazo de matriculaci\u00f3n para la Prueba de Evaluaci\u00f3n de Bachillerato para el Acceso a la Universidad (PEvAU) que se realizar\u00e1n este a\u00f1o en Andaluc\u00eda los d\u00edas 7, 8 y 9 de julio. <strong>Aquellos estudiantes que se examinen en la UPO podr\u00e1n realizar su matr\u00edcula (no automatr\u00edcula) en el periodo comprendido entre el 8 y el 23 de junio<\/strong> y a partir del d\u00eda 26 del mismo mes podr\u00e1n obtener un usuario que les permitir\u00e1 realizar el pago de las tasas de examen, adem\u00e1s de otras gestiones. La UPO ha desarrollado durante estos meses un <strong>plan especial para adaptar la realizaci\u00f3n de la PEvAU a las circunstancias derivadas de la expansi\u00f3n de la COVID-19, habilitando nuevos espacios dentro del campus a fin de garantizar las medidas sanitarias recomendadas por las autoridades<\/strong> y ampliando el personal necesario para la vigilancia y correcci\u00f3n de ex\u00e1menes, as\u00ed como para la limpieza y seguridad de los espacios. No se ha requerido el apoyo de centros de secundaria, con lo que<strong> todas las pruebas tendr\u00e1n lugar en diversos edificios del campus<\/strong>.<\/p>\n<p>\u201cSe velar\u00e1 en todo momento por la salud y tranquilidad de los participantes. El alumnado solo tiene que centrarse en su examen y sacar la mejor nota posible. Ahora bien, tambi\u00e9n pedimos responsabilidad y mantenimiento de la distancia social por su parte\u201d, explica<strong> Mercedes de la Torre<\/strong>, directora general de Acceso, Difusi\u00f3n y Captaci\u00f3n de la Universidad, que subraya que \u201cest\u00e1 todo preparado para el correcto desarrollo de la prueba\u201d.<\/p>\n<p><strong>Las aulas durante la PEvAU estar\u00e1n a un tercio de su capacidad habitual<\/strong> en periodo de examen con estrictas medidas higi\u00e9nicas, rigurosa limpieza y ventilaci\u00f3n. Asimismo, los espacios comunes y los ba\u00f1os seguir\u00e1n tambi\u00e9n escrupulosas medidas de desinfecci\u00f3n y se proporcionar\u00e1 gel hidroalcoh\u00f3lico en los espacios habilitados.<\/p>\n<p>Adem\u00e1s de evitar aglomeraciones,<strong> al estudiante se le recomienda el uso de mascarillas y se le pedir\u00e1 que acuda solo a la prueba para evitar que personas no implicadas en la misma hagan uso de las instalaciones<\/strong>, a excepci\u00f3n de casos particulares como personas con necesidades especiales, para las que tambi\u00e9n se contempla una especial atenci\u00f3n.<\/p>\n<p>Durante la prueba los estudiantes se sentar\u00e1n en las aulas en forma de <em>W<\/em> y en los casos en los que no se alcancen los dos metros de distancia entre ellos deber\u00e1n utilizar la mascarilla.<\/p>\n<p>La informaci\u00f3n sobre la matr\u00edcula puede consultarse en el siguiente enlace:<br \/>\n<a href=\"http:\/\/www.upo.es\/asistencia-estudiante\/acceso-admision\/acceso\/PEVAU\/\">www.upo.es\/asistencia-estudiante\/acceso-admision\/acceso\/PEVAU\/<\/a><\/p>\n","protected":false},"excerpt":{"rendered":"<p>La Universidad Pablo de Olavide ha abierto el plazo de matriculaci\u00f3n para la Prueba de Evaluaci\u00f3n de Bachillerato para el Acceso a la Universidad (PEvAU) que se realizar\u00e1n este a\u00f1o en Andaluc\u00eda los d\u00edas 7, 8 y 9 de julio. Aquellos estudiantes que se examinen en la UPO podr\u00e1n realizar su matr\u00edcula (no automatr\u00edcula) en el periodo comprendido entre el 8 y el 23 de junio y a partir del d\u00eda 26 del mismo mes podr\u00e1n obtener un usuario que les permitir\u00e1 realizar el pago de las tasas de examen, adem\u00e1s de otras gestiones. La UPO ha desarrollado durante estos meses un plan especial para adaptar la realizaci\u00f3n de la PEvAU a las circunstancias derivadas de la expansi\u00f3n de la COVID-19, habilitando nuevos espacios dentro del campus a fin de garantizar las medidas sanitarias recomendadas por las autoridades y ampliando el personal necesario para la vigilancia y correcci\u00f3n de ex\u00e1menes, as\u00ed como para la limpieza y seguridad de los espacios. No se ha requerido el apoyo de centros de secundaria, con lo que todas las pruebas tendr\u00e1n lugar en diversos edificios del campus.<\/p>\n","protected":false},"author":6,"featured_media":30861127,"comment_status":"closed","ping_status":"open","sticky":false,"template":"","format":"standard","meta":{"_monsterinsights_skip_tracking":false,"_monsterinsights_sitenote_active":false,"_monsterinsights_sitenote_note":"","_monsterinsights_sitenote_category":0,"footnotes":""},"categories":[6],"tags":[1462,6601,193,4082,665],"class_list":["post-30861128","post","type-post","status-publish","format-standard","has-post-thumbnail","hentry","category-institucional","tag-acceso-a-la-universidad","tag-covid-19","tag-matricula","tag-pevau","tag-selectividad"],"_links":{"self":[{"href":"https:\/\/www.upo.es\/diario\/wp-json\/wp\/v2\/posts\/30861128","targetHints":{"allow":["GET"]}}],"collection":[{"href":"https:\/\/www.upo.es\/diario\/wp-json\/wp\/v2\/posts"}],"about":[{"href":"https:\/\/www.upo.es\/diario\/wp-json\/wp\/v2\/types\/post"}],"author":[{"embeddable":true,"href":"https:\/\/www.upo.es\/diario\/wp-json\/wp\/v2\/users\/6"}],"replies":[{"embeddable":true,"href":"https:\/\/www.upo.es\/diario\/wp-json\/wp\/v2\/comments?post=30861128"}],"version-history":[{"count":2,"href":"https:\/\/www.upo.es\/diario\/wp-json\/wp\/v2\/posts\/30861128\/revisions"}],"predecessor-version":[{"id":30861130,"href":"https:\/\/www.upo.es\/diario\/wp-json\/wp\/v2\/posts\/30861128\/revisions\/30861130"}],"wp:featuredmedia":[{"embeddable":true,"href":"https:\/\/www.upo.es\/diario\/wp-json\/wp\/v2\/media\/30861127"}],"wp:attachment":[{"href":"https:\/\/www.upo.es\/diario\/wp-json\/wp\/v2\/media?parent=30861128"}],"wp:term":[{"taxonomy":"category","embeddable":true,"href":"https:\/\/www.upo.es\/diario\/wp-json\/wp\/v2\/categories?post=30861128"},{"taxonomy":"post_tag","embeddable":true,"href":"https:\/\/www.upo.es\/diario\/wp-json\/wp\/v2\/tags?post=30861128"}],"curies":[{"name":"wp","href":"https:\/\/api.w.org\/{rel}","templated":true}]}}