{"id":30861158,"date":"2020-06-15T13:34:49","date_gmt":"2020-06-15T11:34:49","guid":{"rendered":"https:\/\/www.upo.es\/diario\/?p=30861158"},"modified":"2020-06-23T14:04:53","modified_gmt":"2020-06-23T12:04:53","slug":"la-residencia-universitaria-flora-tristan-ejemplo-de-solidaridad-tambien-durante-el-confinamiento","status":"publish","type":"post","link":"https:\/\/www.upo.es\/diario\/cultura-social\/2020\/06\/la-residencia-universitaria-flora-tristan-ejemplo-de-solidaridad-tambien-durante-el-confinamiento\/","title":{"rendered":"La Residencia Universitaria Flora Trist\u00e1n, ejemplo de solidaridad tambi\u00e9n durante el confinamiento"},"content":{"rendered":"<p><img loading=\"lazy\" decoding=\"async\" class=\"alignright size-medium wp-image-30861160\" src=\"https:\/\/www.upo.es\/diario\/wp-content\/uploads\/2020\/06\/FloraTristan2-1-360x240.jpg\" alt=\"\" width=\"360\" height=\"240\" srcset=\"https:\/\/www.upo.es\/diario\/wp-content\/uploads\/2020\/06\/FloraTristan2-1-360x240.jpg 360w, https:\/\/www.upo.es\/diario\/wp-content\/uploads\/2020\/06\/FloraTristan2-1-750x499.jpg 750w, https:\/\/www.upo.es\/diario\/wp-content\/uploads\/2020\/06\/FloraTristan2-1-768x511.jpg 768w, https:\/\/www.upo.es\/diario\/wp-content\/uploads\/2020\/06\/FloraTristan2-1-600x399.jpg 600w, https:\/\/www.upo.es\/diario\/wp-content\/uploads\/2020\/06\/FloraTristan2-1-1536x1022.jpg 1536w, https:\/\/www.upo.es\/diario\/wp-content\/uploads\/2020\/06\/FloraTristan2-1-2048x1363.jpg 2048w, https:\/\/www.upo.es\/diario\/wp-content\/uploads\/2020\/06\/FloraTristan2-1-165x109.jpg 165w, https:\/\/www.upo.es\/diario\/wp-content\/uploads\/2020\/06\/FloraTristan2-1-1320x879.jpg 1320w\" sizes=\"auto, (max-width: 360px) 100vw, 360px\" \/>La Universidad Pablo de Olavide, tras la declaraci\u00f3n del estado de alarma del pasado 14 de marzo, decidi\u00f3 no cerrar la Residencia Universitaria Flora Trist\u00e1n a fin de atender las circunstancias de sus estudiantes y continuar con la labor social que desarrolla en el Pol\u00edgono Sur de Sevilla. Ha sido uno de los pocos centros residenciales para estudiantes universitarios que ha mantenido sus puertas abiertas en Andaluc\u00eda. \u201cNo ha sido un tiempo f\u00e1cil, hemos conseguido sobrevivir a la vez que prest\u00e1bamos ayuda en el barrio\u201d, explica Germ\u00e1n Jara\u00edz, director de este proyecto social de referencia en Espa\u00f1a.<\/p>\n<p>Justo antes de iniciar el periodo de confinamiento viv\u00edan en este centro 193 personas, m\u00e1s de 80 procedentes de pa\u00edses extracomunitarios con dificultades de retorno por el cierre de fronteras.\u00a0 A partir del 14 de marzo han permanecido 138, quedando a d\u00eda de hoy 112 estudiantes.<\/p>\n<p>A fin de garantizar la acogida a los residentes en este periodo, la UPO y la Fundaci\u00f3n Universidad Pablo de Olavide desarrollaron dos l\u00edneas de trabajo. La primera de ellas se concret\u00f3 en el establecimiento de normas internas para facilitar el autocuidado de las personas residentes y en el refuerzo de medidas de limpieza y desinfecci\u00f3n diaria de las zonas comunes para prevenir los riesgos de contagio colectivo, mientras que la segunda l\u00ednea se centr\u00f3 en el apoyo a estudiantes con dificultades econ\u00f3micas sobrevenidas por causa de la COVID-19.<\/p>\n<p>As\u00ed, a trav\u00e9s de los Vicerrectorados de Cultura y Compromiso Social y de Estudiantes de la Universidad, fueron aprobadas al inicio del confinamiento una serie de ayudas para el alojamiento dirigidas al alumnado con dificultades econ\u00f3micas. A estas ayudas se suman las que ya estaban en marcha desde el proyecto social de la Residencia. En la actualidad son 80 los residentes que las est\u00e1n recibiendo en forma de beca de alojamiento o de colaboraci\u00f3n, un 71 % del total de las personas que viven en este espacio.<\/p>\n<p>\u201cPara la Universidad Pablo de Olavide el compromiso con\u00a0 los residentes de la Flora y por tanto con el Pol\u00edgono Sur, ha sido siempre prioritario\u201d, destaca Elodia Hern\u00e1ndez, vicerrectora de Cultura y Compromiso Social de la UPO, que pone en valor el \u201cesfuerzo encomiable\u201d de la Residencia Flora Trist\u00e1n durante estos meses. \u201cSigue siendo un ejemplo de solidaridad y trabajo colaborativo. Lo ha demostrado en circunstancias muy dif\u00edciles volcando su esfuerzo hacia dentro, es decir, hacia sus residentes, pero tambi\u00e9n hacia afuera, contribuyendo a paliar el impacto de la COVID-19 en los vecinos y vecinas del Pol\u00edgono Sur\u201d, subraya.<\/p>\n<p><strong>Una labor social intensificada durante el confinamiento<\/strong><\/p>\n<p><img loading=\"lazy\" decoding=\"async\" class=\"alignright size-medium wp-image-30861204\" src=\"https:\/\/www.upo.es\/diario\/wp-content\/uploads\/2020\/06\/Foto-Flora-360x270.jpg\" alt=\"\" width=\"360\" height=\"270\" srcset=\"https:\/\/www.upo.es\/diario\/wp-content\/uploads\/2020\/06\/Foto-Flora-360x270.jpg 360w, https:\/\/www.upo.es\/diario\/wp-content\/uploads\/2020\/06\/Foto-Flora-750x563.jpg 750w, https:\/\/www.upo.es\/diario\/wp-content\/uploads\/2020\/06\/Foto-Flora-768x576.jpg 768w, https:\/\/www.upo.es\/diario\/wp-content\/uploads\/2020\/06\/Foto-Flora-600x450.jpg 600w, https:\/\/www.upo.es\/diario\/wp-content\/uploads\/2020\/06\/Foto-Flora-1536x1152.jpg 1536w, https:\/\/www.upo.es\/diario\/wp-content\/uploads\/2020\/06\/Foto-Flora-1320x990.jpg 1320w, https:\/\/www.upo.es\/diario\/wp-content\/uploads\/2020\/06\/Foto-Flora.jpg 2000w\" sizes=\"auto, (max-width: 360px) 100vw, 360px\" \/>La Residencia ha mantenido su firme compromiso con el proyecto social que lleva a cabo en el Pol\u00edgono Sur desde el a\u00f1o 2004 y que forma parte inherente de su identidad. \u201cDesde el primer momento nos pusimos al servicio del Comisionado para el Pol\u00edgono Sur y de la Comisi\u00f3n de Coordinaci\u00f3n de Emergencias del barrio que se cre\u00f3 al efecto, as\u00ed como de entidades sociales, centros educativos, servicios sociales comunitarios y Distrito Sur del Ayuntamiento de Sevilla\u201d, detalla Germ\u00e1n Jara\u00edz. En total, se ha ofrecido la colaboraci\u00f3n de 24 personas vinculadas al programa de trabajo habitual y continuado con el barrio y de 55 voluntarios y voluntarias con alg\u00fan servicio o colaboraci\u00f3n puntual. \u201cTodas estas personas estaban confinadas en la Residencia y gran parte se ofrecieron voluntariamente a hacer un trabajo presencial si las circunstancias lo requer\u00edan\u201d, afirma el responsable del centro.<\/p>\n<p>Para el trabajo de reestructuraci\u00f3n y adecuaci\u00f3n a esta nueva realidad, el director de la Residencia explica que se constituyeron dos grupos: uno de car\u00e1cter comunicativo para trabajar de forma virtual y otro de apoyo presencial a iniciativas sociales y educativas. El grupo de comunicaci\u00f3n ha colaborado a trav\u00e9s de Radio Abierta, un proyecto de participaci\u00f3n comunitaria que no ha dejado una sola semana de emitir en directo, adaptando toda su programaci\u00f3n a un espacio central sobre la COVID-19. \u2018Mi Pol\u00edgono Sur\u2019, nombre del programa, ha abordado a trav\u00e9s de distintas tem\u00e1ticas una realidad muy actualizada y completa del barrio. Los estudiantes residentes en la Flora se han implicado en los contenidos, la edici\u00f3n de audios de las entrevistas y el acompa\u00f1amiento y dinamizaci\u00f3n de los grupos vecinales, adapt\u00e1ndose al contexto de teletrabajo que impon\u00eda el estado de alarma.\u00a0 Por otra parte, la labor del grupo de apoyo social y educativo se ha centrado en la realizaci\u00f3n de tareas log\u00edsticas y de organizaci\u00f3n, reparto de alimentos y productos de primera necesidad a vecinos en situaci\u00f3n de riesgo social, as\u00ed como refuerzo escolar a menores de familias con dificultades de apoyo, todo ello en colaboraci\u00f3n con la Fundaci\u00f3n Don Bosco y la Asociaci\u00f3n Albore\u00e1.<\/p>\n<p>Adem\u00e1s, como explican los trabajadores de la Residencia, la situaci\u00f3n de confinamiento hizo tambi\u00e9n necesario un trabajo de dinamizaci\u00f3n y cohesi\u00f3n interna con el objetivo de mantener el sentido comunitario y evitar en lo posible el aislamiento de los residentes en sus viviendas. Utilizando como soporte las redes sociales y las plataformas de encuentro virtual se impuls\u00f3 un programa de actividades a trav\u00e9s de un grupo de trabajo, compuesto fundamentalmente por alumnado extranjero, llamado \u2018ConFinArte en la Flora\u2019. Este proyecto permiti\u00f3 mantener en formato virtual actividades ya consolidadas, como el \u2018Cinef\u00f3rum\u2019 o \u2018DanzaFlora\u2019, a la vez que gener\u00f3 otra nueva oferta vinculada a la literatura y a los juegos de mesa. Actualmente, se est\u00e1 trabajando como actividad de cierre \u00a0la elaboraci\u00f3n del \u2018Diario del Confinamiento en la Residencia\u2019 y la realizaci\u00f3n del proyecto \u2018Reciclarte\u2019.<\/p>\n<p><strong>Un proyecto solidario que se mantiene gracias a la implicaci\u00f3n colectiva<\/strong><\/p>\n<p>Por \u00faltimo, Germ\u00e1n Jara\u00edz pone en valor la labor facilitadora y de acompa\u00f1amiento del Vicerrectorado de Internacionalizaci\u00f3n de la UPO en relaci\u00f3n al retorno de estudiantes extranjeros a sus pa\u00edses de origen, ahora que el actual proceso de desconfinamiento lo est\u00e1 haciendo posible.<\/p>\n<p>El director de este proyecto social hace balance de estos meses y se muestra agradecido por el apoyo recibido: \u201cLa labor realizada en este tiempo ha sido posible por la implicaci\u00f3n de todos los actores: la Universidad, la Fundaci\u00f3n UPO, los trabajadores y trabajadoras y muy especialmente las personas residentes. Gracias a esta implicaci\u00f3n colectiva se ha podido mantener en pie el proyecto\u201d.<\/p>\n<p>\u201cEs el esp\u00edritu de la Flora, una filosof\u00eda colaborativa y constructiva en l\u00ednea con la vocaci\u00f3n de servicio p\u00fablico de la Universidad Pablo de Olavide\u201d, subraya Elodia Hern\u00e1ndez.<\/p>\n","protected":false},"excerpt":{"rendered":"<p>La Universidad Pablo de Olavide, tras la declaraci\u00f3n del estado de alarma del pasado 14 de marzo, decidi\u00f3 no cerrar la Residencia Universitaria Flora Trist\u00e1n a fin de atender las circunstancias de sus estudiantes y continuar con la labor social que desarrolla en el Pol\u00edgono Sur de Sevilla. Ha sido uno de los pocos centros residenciales para estudiantes universitarios que ha mantenido sus puertas abiertas en Andaluc\u00eda. \u201cNo ha sido un tiempo f\u00e1cil, hemos conseguido sobrevivir a la vez que prest\u00e1bamos ayuda en el barrio\u201d, explica Germ\u00e1n Jara\u00edz, director de este proyecto social de referencia en Espa\u00f1a.\u00a0<\/p>\n","protected":false},"author":15,"featured_media":30861160,"comment_status":"closed","ping_status":"open","sticky":false,"template":"","format":"standard","meta":{"_monsterinsights_skip_tracking":false,"_monsterinsights_sitenote_active":false,"_monsterinsights_sitenote_note":"","_monsterinsights_sitenote_category":0,"footnotes":""},"categories":[5843],"tags":[3719,6632,6601,6786,747,6787,2474,3875,4411,6626,357,1745,3404,1024,2667,2114,3620],"class_list":["post-30861158","post","type-post","status-publish","format-standard","has-post-thumbnail","hentry","category-cultura-social","tag-ayudas","tag-confinamiento","tag-covid-19","tag-ejemplo","tag-elodia-hernandez","tag-esfuerzo","tag-fundacion-universidad-pablo-de-olavide","tag-german-jaraiz","tag-iniciativas","tag-medidas","tag-poligono-sur","tag-residencia-universitaria-flora-tristan","tag-residentes","tag-solidaridad","tag-vicerrectorado-de-cultura-y-compromiso-social","tag-vicerrectorado-de-estudiantes","tag-vicerrectorado-de-internacionalizacion"],"_links":{"self":[{"href":"https:\/\/www.upo.es\/diario\/wp-json\/wp\/v2\/posts\/30861158","targetHints":{"allow":["GET"]}}],"collection":[{"href":"https:\/\/www.upo.es\/diario\/wp-json\/wp\/v2\/posts"}],"about":[{"href":"https:\/\/www.upo.es\/diario\/wp-json\/wp\/v2\/types\/post"}],"author":[{"embeddable":true,"href":"https:\/\/www.upo.es\/diario\/wp-json\/wp\/v2\/users\/15"}],"replies":[{"embeddable":true,"href":"https:\/\/www.upo.es\/diario\/wp-json\/wp\/v2\/comments?post=30861158"}],"version-history":[{"count":5,"href":"https:\/\/www.upo.es\/diario\/wp-json\/wp\/v2\/posts\/30861158\/revisions"}],"predecessor-version":[{"id":30861205,"href":"https:\/\/www.upo.es\/diario\/wp-json\/wp\/v2\/posts\/30861158\/revisions\/30861205"}],"wp:featuredmedia":[{"embeddable":true,"href":"https:\/\/www.upo.es\/diario\/wp-json\/wp\/v2\/media\/30861160"}],"wp:attachment":[{"href":"https:\/\/www.upo.es\/diario\/wp-json\/wp\/v2\/media?parent=30861158"}],"wp:term":[{"taxonomy":"category","embeddable":true,"href":"https:\/\/www.upo.es\/diario\/wp-json\/wp\/v2\/categories?post=30861158"},{"taxonomy":"post_tag","embeddable":true,"href":"https:\/\/www.upo.es\/diario\/wp-json\/wp\/v2\/tags?post=30861158"}],"curies":[{"name":"wp","href":"https:\/\/api.w.org\/{rel}","templated":true}]}}