{"id":30861170,"date":"2020-06-16T12:32:50","date_gmt":"2020-06-16T10:32:50","guid":{"rendered":"https:\/\/www.upo.es\/diario\/?p=30861170"},"modified":"2020-06-23T14:04:53","modified_gmt":"2020-06-23T12:04:53","slug":"adaptacion-de-la-ensenanza-universitaria-a-las-exigencias-sanitarias-durante-el-curso-academico-2020-2021","status":"publish","type":"post","link":"https:\/\/www.upo.es\/diario\/institucional\/2020\/06\/adaptacion-de-la-ensenanza-universitaria-a-las-exigencias-sanitarias-durante-el-curso-academico-2020-2021\/","title":{"rendered":"Adaptaci\u00f3n de la ense\u00f1anza universitaria a las exigencias sanitarias durante el curso acad\u00e9mico 2020-2021"},"content":{"rendered":"<h3><a href=\"https:\/\/www.upo.es\/diario\/wp-content\/uploads\/2020\/06\/logos-univ-andaluzas-consejeria.png\"><img loading=\"lazy\" decoding=\"async\" class=\"alignright wp-image-30861183 size-medium\" src=\"https:\/\/www.upo.es\/diario\/wp-content\/uploads\/2020\/06\/logos-univ-andaluzas-consejeria-360x216.png\" alt=\"logos universidades de Andaluc\u00eda\" width=\"360\" height=\"216\" srcset=\"https:\/\/www.upo.es\/diario\/wp-content\/uploads\/2020\/06\/logos-univ-andaluzas-consejeria-360x216.png 360w, https:\/\/www.upo.es\/diario\/wp-content\/uploads\/2020\/06\/logos-univ-andaluzas-consejeria.png 500w\" sizes=\"auto, (max-width: 360px) 100vw, 360px\" \/><\/a>PRE\u00c1MBULO<\/h3>\n<p>Desde que el Real Decreto 463\/2020, de 14 de marzo, por el que se declara el estado de<br \/>\nalarma para la gesti\u00f3n de la situaci\u00f3n de crisis sanitaria ocasionada por la COVID-19,<br \/>\nacordara la suspensi\u00f3n de la actividad acad\u00e9mica presencial en todo el sistema<br \/>\neducativo, el Sistema Andaluz de Universidades ha adoptado de manera coordinada<br \/>\nacuerdos sobre la adaptaci\u00f3n a esta situaci\u00f3n excepcional. El 11 de abril de 2020, los<br \/>\nRectores y Rectoras de las universidades andaluzas, junto con el Consejero de Econom\u00eda,<br \/>\nConocimiento, Empresas y Universidad y el Director de Evaluaci\u00f3n y Acreditaci\u00f3n de la<br \/>\nAgencia Andaluza del Conocimiento (DEVA) firmaron un Documento Marco para la<br \/>\nadaptaci\u00f3n de la docencia y evaluaci\u00f3n en las universidades andaluzas a la situaci\u00f3n<br \/>\nexcepcional provocada por la COVID-19 en el segundo semestre del Curso 2019-2020.<\/p>\n<p>En la planificaci\u00f3n del curso 2020-21, hay que tener en cuenta que la evoluci\u00f3n de la<br \/>\npandemia podr\u00eda requerir medidas de restricci\u00f3n del aforo en las aulas y de distancia<br \/>\nf\u00edsica entre personas o que incluso pudiera ser necesaria de nuevo la suspensi\u00f3n de la<br \/>\nactividad presencial en todo el sistema o en determinados centros o grupos docentes.<br \/>\nEn la fecha de aprobaci\u00f3n de este documento marco, la normativa vigente, el Real<br \/>\nDecreto-ley 21\/2020, de 9 de junio, de medidas urgentes de prevenci\u00f3n, contenci\u00f3n y<br \/>\ncoordinaci\u00f3n para hacer frente a la crisis sanitaria por la COVID-19, establece en su<br \/>\nart\u00edculo 9 respecto a los centros docentes (incluidos los universitarios) lo siguiente: En<br \/>\ncualquier caso, deber\u00e1 asegurarse la adopci\u00f3n de las medidas organizativas que resulten<br \/>\nnecesarias para evitar aglomeraciones y garantizar que se mantenga una distancia de<br \/>\nseguridad de, al menos, 1,5 metros. Cuando no sea posible mantener dicha distancia de seguridad, se observar\u00e1n las medidas de higiene adecuadas para prevenir los riesgos de<br \/>\ncontagio.<\/p>\n<p>Por ello resulta imprescindible una planificaci\u00f3n del curso que incluya un plan de<br \/>\ncontingencia para la adaptaci\u00f3n a los distintos escenarios que pueden acaecer a<br \/>\ncomienzos del curso 2020-2021 y durante su desarrollo. Aunque esto ha de hacerse por<br \/>\ncada Universidad en el ejercicio de su autonom\u00eda, se considera conveniente suscribir un<br \/>\nmarco com\u00fan que recoja los criterios generales que guiar\u00e1n dicha adaptaci\u00f3n en las<br \/>\nuniversidades andaluzas durante este periodo excepcional hasta que se declare el fin de<br \/>\nla pandemia y sea posible la vuelta a la plena normalidad de la actividad acad\u00e9mica.<\/p>\n<p>Se trata de un marco compartido de principios y criterios generales para este periodo<br \/>\nexcepcional que sirva de referencia a las medidas que cada universidad andaluza adopte<br \/>\nen el ejercicio de su autonom\u00eda y en funci\u00f3n de sus caracter\u00edsticas espec\u00edficas, y que sea<br \/>\ntambi\u00e9n suscrito por el \u00f3rgano de evaluaci\u00f3n y acreditaci\u00f3n de la calidad en nuestra<br \/>\nComunidad Aut\u00f3noma. Ello bajo el convencimiento de que la coordinaci\u00f3n y<br \/>\ncolaboraci\u00f3n son esenciales en estas circunstancias tan excepcionales para mantener la<br \/>\ncohesi\u00f3n, solidez y calidad que caracteriza al Sistema Andaluz de Universidades y para<br \/>\ncumplir con los requerimientos de los est\u00e1ndares de garant\u00eda de la calidad europeos<br \/>\n(ESG-2015).<\/p>\n<h3>I. ADAPTACI\u00d3N DE LA DOCENCIA<\/h3>\n<ol>\n<li>Las gu\u00edas docentes recoger\u00e1n la programaci\u00f3n del curso 2020-21 seg\u00fan la<br \/>\nmodalidad verificada del t\u00edtulo pero deber\u00e1n incluir un apartado donde,<br \/>\natendiendo a las directrices del plan de contingencia de cada universidad, se<br \/>\ncontemplen las adaptaciones de la asignatura, salvo asignaturas totalmente<br \/>\nvirtuales seg\u00fan la memoria verificada, a dos posibles escenarios: un escenario de<br \/>\nmenor actividad acad\u00e9mica presencial como consecuencia de medidas sanitariasde distanciamiento interpersonal que limiten el aforo permitido en las aulas (escenario A) y un escenario de suspensi\u00f3n de la actividad presencial (escenario B).<\/li>\n<li>El plan de contingencia se activar\u00e1 en funci\u00f3n de las normas para prevenir el<br \/>\ncontagio de la Covid-19 que se adopten por las autoridades estatales o<br \/>\nauton\u00f3micas competentes en la materia. En el caso de ense\u00f1anzas de grado o<br \/>\nm\u00e1ster con un alto porcentaje de estudiantado internacional, el plan de<br \/>\ncontingencia tambi\u00e9n podr\u00e1 activarse si las restricciones a los desplazamientos<br \/>\ninternacionales por motivos sanitarios impiden o dificultan las actividades<br \/>\npresenciales.<\/li>\n<li>Para el escenario A, se adoptar\u00e1 un sistema multimodal o h\u00edbrido de ense\u00f1anza<br \/>\nque combine, en todo lo posible, clases presenciales, adem\u00e1s de clases online<br \/>\n(sesiones s\u00edncronas) y actividades formativas no presenciales para el aprendizaje<br \/>\naut\u00f3nomo del estudiantado. Adem\u00e1s, el plan de contingencia debe prever la<br \/>\ntransici\u00f3n a un sistema de docencia exclusivamente online para el caso del<br \/>\nescenario B, de suspensi\u00f3n de la actividad presencial.<\/li>\n<li>Todos los grupos de las asignaturas de grado o m\u00e1ster dispondr\u00e1n de un espacio<br \/>\ndentro de la plataforma de gesti\u00f3n de aprendizaje de la Universidad.<\/li>\n<li>En el sistema multimodal de docencia del escenario A, la planificaci\u00f3n de la<br \/>\nense\u00f1anza se guiar\u00e1 preferentemente por los siguientes criterios:<\/p>\n<ul style=\"list-style-type: lower-alpha;\">\n<li>Se mantendr\u00e1 el mayor porcentaje posible de actividad presencial que<br \/>\npermitan las restricciones sanitarias para mantener la mayor adecuaci\u00f3n<br \/>\nposible al plan de estudios verificado y porque se reconoce el valor de la<br \/>\npresencialidad en la formaci\u00f3n universitaria.<\/li>\n<li>Las actividades presenciales se organizar\u00e1n en grupos cuyo tama\u00f1o vendr\u00e1<br \/>\ndeterminado por las restricciones establecidas por las autoridades sanitarias<br \/>\ny la capacidad de los espacios en los que tengan que desarrollarse.<\/li>\n<li>Si fuera necesario, se priorizar\u00e1 que las clases presenciales en grupos<br \/>\nreducidos se dediquen a la docencia de car\u00e1cter pr\u00e1ctico o experimental.<\/li>\n<li>Se adaptar\u00e1n los contenidos tem\u00e1ticos a esta tipolog\u00eda de ense\u00f1anza y se<br \/>\nregular\u00e1n los horarios para facilitar al estudiantado la compatibilidad entre<br \/>\ndocencia presencial y docencia online.<\/li>\n<\/ul>\n<\/li>\n<li>Entre las actividades no presenciales en cualquiera de los dos escenarios, se<br \/>\npodr\u00e1n programar tanto sesiones s\u00edncronas como actividades formativas<br \/>\nas\u00edncronas. Es importante que estas \u00faltimas sean adecuadas a la docencia virtual<br \/>\ny que mantengan una supervisi\u00f3n e interacci\u00f3n con el estudiantado suficientes<br \/>\npara que \u00e9ste pueda realizar un seguimiento adecuado de la asignatura. Las<br \/>\nactividades as\u00edncronas que sustituyan a las sesiones presenciales o s\u00edncronas<br \/>\ndeber\u00e1n conllevar un retorno formativo.<\/li>\n<li>Los horarios de las asignaturas aprobados por los centros se adaptar\u00e1n a los<br \/>\nescenarios A y B y se mantendr\u00e1n para cualquiera de las tipolog\u00edas de ense\u00f1anza<br \/>\nen las que se pueda desarrollar la docencia, salvo modificaciones puntuales en los<br \/>\nhorarios semanales derivados de las restricciones de espacios docentes. La gu\u00eda<br \/>\ndocente debe indicar la distribuci\u00f3n temporal, en su caso, as\u00ed como las actividades<br \/>\nobjeto de la misma.<\/li>\n<li>Las universidades programar\u00e1n, individualmente o de manera conjunta con otras<br \/>\nuniversidades, l\u00edneas de formaci\u00f3n del profesorado que permitan mejorar o<\/li>\n<\/ol>\n<h3>II. ADAPTACI\u00d3N DE LA EVALUACI\u00d3N<\/h3>\n<ol>\n<li>Los instrumentos y criterios de evaluaci\u00f3n y ponderaci\u00f3n establecidas en la<br \/>\nmemoria verificada del t\u00edtulo se adaptar\u00e1n a los escenarios A y B. Se recomienda<br \/>\npriorizar la evaluaci\u00f3n continua mediante pruebas de evaluaci\u00f3n online para<br \/>\nfacilitar el tr\u00e1nsito de uno a otro escenario.<\/li>\n<li>En el escenario A, las pruebas de evaluaci\u00f3n finales de las asignaturas que<br \/>\nestuvieran previstas en la gu\u00eda docente se realizar\u00e1n preferentemente de forma<br \/>\npresencial, aunque teniendo en cuenta el nivel de ocupaci\u00f3n del espacio<br \/>\nautorizado por las autoridades sanitarias.<\/li>\n<li>Las pruebas de evaluaci\u00f3n no presenciales incluir\u00e1n mecanismos de garant\u00eda de la<br \/>\nautor\u00eda de las pruebas por parte del estudiantado. Los sistemas inform\u00e1ticos que<br \/>\nvayan a utilizarse para la realizaci\u00f3n de las pruebas deber\u00e1n estar publicados para<br \/>\nsu conocimiento por el estudiantado antes de la matriculaci\u00f3n. En todo caso, se<br \/>\npreservar\u00e1n siempre las garant\u00edas legales y de seguridad adecuadas, con respeto<br \/>\na los derechos fundamentales a la intimidad y privacidad, observando el principio<br \/>\nde proporcionalidad.<\/li>\n<\/ol>\n<h3>III. PR\u00c1CTICAS EXTERNAS CURRICULARES<\/h3>\n<ol>\n<li>Las pr\u00e1cticas externas curriculares se mantendr\u00e1n en los mismos t\u00e9rminos que<br \/>\nest\u00e9n establecidos en la memoria verificada del t\u00edtulo y en los convenios existentes<br \/>\ncon las entidades colaboradoras. Siempre que las circunstancias lo permitan, y las<br \/>\nentidades colaboradoras satisfagan las condiciones sanitarias exigidas, las<br \/>\npr\u00e1cticas curriculares se desarrollar\u00e1n presencialmente en las entidades<br \/>\ncolaboradoras.<\/li>\n<li>En el escenario A, si hubiera de limitarse el n\u00famero de horas de presencia en la<br \/>\nentidad colaboradora por limitaciones en el aforo, se combinar\u00e1n las actividades<br \/>\npresenciales con un volumen razonable de resultados de aprendizaje que<br \/>\ngaranticen una adquisici\u00f3n suficiente de competencias, con otro tipo de actividad<br \/>\n(proyectos, memorias, programas formativos, etc.) que puedan ser evaluadas.<\/li>\n<li>Si no fuera posible la presencia f\u00edsica en la entidad colaboradora, se procurar\u00e1 que<br \/>\nlos objetivos formativos se mantengan con actividades en l\u00ednea desarrolladas con<br \/>\nla entidad colaboradora, siempre que \u00e9sta lo facilite. El calendario y metodolog\u00eda<br \/>\ndeber\u00e1 ser acordado con los tutores externos.<\/li>\n<li>En caso de que las pr\u00e1cticas curriculares se tengan que interrumpir por<br \/>\nnecesidades de confinamiento temporal, la adquisici\u00f3n de las competencias podr\u00e1<br \/>\ncompletarse mediante el desarrollo de actividades formativas alternativas<br \/>\nsiempre que se den las condiciones adecuadas para ello. En este caso, los tutores<br \/>\ninternos intensificar\u00e1n su labor de seguimiento de las pr\u00e1cticas. Cuando no sea<br \/>\nposible la adaptaci\u00f3n de las pr\u00e1cticas a una tipolog\u00eda de ense\u00f1anza no presencial,<br \/>\nla Universidad podr\u00e1 prorrogar el periodo de realizaci\u00f3n de manera intensiva en<br \/>\naquellos periodos donde la situaci\u00f3n sanitaria lo permita.<\/li>\n<li>Para las pr\u00e1cticas externas de larga duraci\u00f3n de titulaciones profesionalizantes<br \/>\nreguladas se tendr\u00e1n en cuenta las recomendaciones y acuerdos que se alcancen<br \/>\npor las conferencias nacionales de decanos y decanas, procurando las<br \/>\nuniversidades andaluzas adoptar las soluciones propuestas por dichas<br \/>\nconferencias, a fin de que las competencias adquiridas por el estudiantado sean<br \/>\nsimilares en todo el territorio nacional.<\/li>\n<\/ol>\n<h3>IV. EVALUACI\u00d3N DE TFG Y TFM<\/h3>\n<ol>\n<li>La defensa de los Trabajos Fin de Grado (TFG) y Trabajos Fin de M\u00e1ster (TFM) ser\u00e1<br \/>\npresencial cuando sea compatible con las garant\u00edas sanitarias que deban<br \/>\nrespetarse o adaptarse a una modalidad online, garantizando en todo caso la<br \/>\nidentificaci\u00f3n del estudiantado y la publicidad, siguiendo los protocolos que<br \/>\naprueben las universidades.<\/li>\n<li>En el caso de un escenario no presencial, los tutores de TFG y TFM deben velar<br \/>\nespecialmente por mantener un adecuado seguimiento del trabajo del<br \/>\nestudiantado, programando sesiones de tutorizaci\u00f3n mediante mecanismos de<br \/>\ncomunicaci\u00f3n que est\u00e9n al alcance de este.<\/li>\n<li>Los TFG y TFM experimentales o que requieran pr\u00e1cticas de campo se tratar\u00e1n<br \/>\nacorde a las limitaciones de presencialidad que se establezcan por las autoridades<br \/>\nsanitarias en cada momento.<\/li>\n<li>Si las pr\u00e1cticas externas del estudiantado se han tenido que retrasar por la<br \/>\nimposibilidad de su adaptaci\u00f3n a la tipolog\u00eda de ense\u00f1anza no presencial durante<br \/>\nlas fechas previstas, se permitir\u00e1 que el estudiantado pueda presentar el TFG o<br \/>\nTFM aun sin tener superadas las pr\u00e1cticas, con los cambios transitorios en la<br \/>\nnormativa acad\u00e9mica que ello requiera.<\/li>\n<\/ol>\n<h3>V. DEFENSA DE TESIS DOCTORALES<\/h3>\n<ol>\n<li>En el escenario B de suspensi\u00f3n de la actividad presencial, las universidades<br \/>\naplicar\u00e1n su normativa o protocolos para la defensa no presencial de las tesis<br \/>\ndoctorales y de los planes de investigaci\u00f3n, en su caso, garantizando plenamente<br \/>\nla identidad del doctorando y la publicidad del acto.<\/li>\n<li>Se mantendr\u00e1 igualmente, en los casos de defensa no presencial, la garant\u00eda del<br \/>\nplazo de exposici\u00f3n p\u00fablica previsto en la normativa de doctorado de cada<br \/>\nUniversidad, con el fin de que cualquier doctor pueda examinarla y en su caso<br \/>\nformular por escrito cuantas alegaciones estime oportunas.<\/li>\n<\/ol>\n<h3>VI. SISTEMA DE GARANT\u00cdA DE CALIDAD DE LOS T\u00cdTULOS<\/h3>\n<ol>\n<li>Los cambios adoptados ante la situaci\u00f3n de excepcionalidad tender\u00e1n a mantener<br \/>\nlos niveles de calidad formativa y tendr\u00e1n siempre como marco de referencia los<br \/>\nEst\u00e1ndares Europeos para el Aseguramiento de la Calidad (ESG-2015),<br \/>\ngarantizando la adquisici\u00f3n de las competencias y resultados de aprendizaje<br \/>\nprevistos en los programas de formaci\u00f3n.<\/li>\n<li>La Direcci\u00f3n de Evaluaci\u00f3n y Acreditaci\u00f3n (DEVA) manifiesta la necesidad de<br \/>\ndocumentar con evidencias las decisiones adoptadas en este periodo de<br \/>\nexcepcionalidad, poniendo en valor los sistemas de gesti\u00f3n de la calidad de t\u00edtulos<br \/>\ny centros, y adaptando sus instrumentos de recogida de informaci\u00f3n al servicio de<br \/>\nla toma de decisiones en relaci\u00f3n con los diferentes escenarios de ense\u00f1anza<br \/>\nadoptados. Se tomar\u00e1n como referencia las orientaciones para la adaptaci\u00f3n de la<br \/>\ndocencia y planes de contingencia universitaria (DEVA, Orientaciones para la<br \/>\nrecogida de informaci\u00f3n y registro documental de las adaptaciones de la docencia<br \/>\nderivadas de la Pandemia de la COVID-19, 14 abril 2020).<\/li>\n<li>Asimismo, la DEVA mantiene el compromiso compartido por mantener activos y<br \/>\ndar continuidad a los diferentes procesos de evaluaci\u00f3n de los programas en curso,<br \/>\nadoptando las correspondientes medidas de excepcionalidad que requiera la<br \/>\nsituaci\u00f3n. Si fuese necesario adaptar\u00e1 de forma virtual las visitas presenciales en<br \/>\nlas evaluaciones para la renovaci\u00f3n de la acreditaci\u00f3n de t\u00edtulos.<\/li>\n<\/ol>\n<h3>VII. DEL ESTUDIANTADO<\/h3>\n<ol>\n<li>El estudiantado conocer\u00e1 con la debida antelaci\u00f3n y, en todo caso, antes del inicio<br \/>\ndel periodo de matr\u00edcula en el curso acad\u00e9mico 2020-2021, las adaptaciones de la<br \/>\ndocencia y evaluaci\u00f3n previstas seg\u00fan el plan de contingencia para los dos<br \/>\nescenarios posibles.<\/li>\n<li>Con independencia de la tipolog\u00eda de la docencia recibida en cualquiera de los<br \/>\nescenarios, el estudiantado recibir\u00e1 la atenci\u00f3n y supervisi\u00f3n necesaria por parte<br \/>\nde su profesorado, que deber\u00e1 reforzarse especialmente en el escenario de<br \/>\ndocencia no presencial.<\/li>\n<\/ol>\n<h3>VIII. CALENDARIO ACAD\u00c9MICO DEL CURSO 2020-2021<\/h3>\n<p>La adaptaci\u00f3n de la ense\u00f1anza universitaria a cualquiera de las tipolog\u00edas previstas en el<br \/>\nplan de contingencia no afectar\u00e1 a las fechas del calendario acad\u00e9mico aprobado por<br \/>\ncada Universidad, salvo para aquellas asignaturas que por su car\u00e1cter pr\u00e1ctico o<br \/>\nexperimental requieran un nivel de presencialidad que no haya sido posible alcanzar en<br \/>\nlos escenarios en que se ha impartido la docencia. Estas asignaturas podr\u00e1n ser<br \/>\nreprogramadas en fechas distintas de las previstas.<\/p>\n<h3>IX. MODALIDAD DE COMIENZO DEL CURSO 2020-2021<\/h3>\n<p>El Curso 2020-21 en las Universidades Andaluzas comenzar\u00e1 de acuerdo con el escenario<br \/>\nA de ense\u00f1anza multimodal siempre buscando la mayor presencialidad posible en<br \/>\ninter\u00e9s de la formaci\u00f3n integral del alumnado.<\/p>\n<p>16 de junio 2020<\/p>\n<p><strong>Firmado:<\/strong><br \/>\n\u25cf Rogelio Velasco P\u00e9rez, Consejero de Econom\u00eda, Conocimiento, Empresas y<br \/>\nUniversidad<br \/>\n\u25cf Carmelo Rodr\u00edguez Torreblanca, Rector de la Universidad de Almer\u00eda<br \/>\n\u25cf Francisco Piniella Corbacho, Rector de la Universidad de C\u00e1diz<br \/>\n\u25cf Jos\u00e9 Carlos G\u00f3mez Villamandos, Rector de la Universidad de C\u00f3rdoba<br \/>\n\u25cf Pilar Aranda Ram\u00edrez, Rectora de la Universidad de Granada<br \/>\n\u25cf M.\u00aa Antonia Pe\u00f1a Guerrero, Rectora de la Universidad de Huelva<br \/>\n\u25cf Jos\u00e9 Ignacio Garc\u00eda P\u00e9rez, Rector de la Universidad Internacional de Andaluc\u00eda<br \/>\n\u25cf Juan G\u00f3mez Ortega, Rector de la Universidad de Ja\u00e9n<br \/>\n\u25cf Gabriel M.\u00aa P\u00e9rez Alcal\u00e1, Rector de la Universidad Loyola de Andaluc\u00eda<br \/>\n\u25cf Jos\u00e9 \u00c1ngel Narv\u00e1ez Bueno, Rector de la Universidad de M\u00e1laga<br \/>\n\u25cf Vicente Guzm\u00e1n Fluja, Rector de la Universidad Pablo de Olavide<br \/>\n\u25cf Miguel \u00c1ngel Castro Arroyo, Rector de la Universidad de Sevilla<br \/>\n\u25cf Sebasti\u00e1n Ch\u00e1vez de Diego, Director de Evaluaci\u00f3n y Acreditaci\u00f3n de la Agencia<br \/>\nAndaluza del Conocimiento.<\/p>\n<p>&gt; <a href=\"https:\/\/www.upo.es\/diario\/wp-content\/uploads\/2020\/06\/20200616-DocumentoMarco_AdaptacionDocConvid-19_2020-21.pdf\"><strong>Acuerdo sobre criterios comunes para la adaptaci\u00f3n de la ense\u00f1anza universitaria a las exigencias sanitarias derivadas de la epidemia de la Covid-19 durante el curso acad\u00e9mico 2020-2021 (PDF)<\/strong><\/a><\/p>\n","protected":false},"excerpt":{"rendered":"<p>PRE\u00c1MBULO Desde que el Real Decreto 463\/2020, de 14 de marzo, por el que se declara el estado de alarma para la gesti\u00f3n de la situaci\u00f3n de crisis sanitaria ocasionada por la COVID-19, acordara la suspensi\u00f3n de la actividad acad\u00e9mica presencial en todo el sistema educativo, el Sistema Andaluz de Universidades ha adoptado de manera coordinada acuerdos sobre la adaptaci\u00f3n<a class=\"read-more\" href=\"https:\/\/www.upo.es\/diario\/institucional\/2020\/06\/adaptacion-de-la-ensenanza-universitaria-a-las-exigencias-sanitarias-durante-el-curso-academico-2020-2021\/\">[Read More&#8230;]<\/a><\/p>\n","protected":false},"author":15,"featured_media":30861183,"comment_status":"closed","ping_status":"open","sticky":false,"template":"","format":"standard","meta":{"_monsterinsights_skip_tracking":false,"_monsterinsights_sitenote_active":false,"_monsterinsights_sitenote_note":"","_monsterinsights_sitenote_category":0,"footnotes":""},"categories":[6],"tags":[700,190,2744,6601,6755,6235,6792,6794,6058,39],"class_list":["post-30861170","post","type-post","status-publish","format-standard","has-post-thumbnail","hentry","category-institucional","tag-acuerdo","tag-andalucia","tag-consejeria-de-economia","tag-covid-19","tag-curso-2020-2021","tag-empresas-y-universidad","tag-marco","tag-plan-de-contingencia","tag-planificacion","tag-universidades"],"_links":{"self":[{"href":"https:\/\/www.upo.es\/diario\/wp-json\/wp\/v2\/posts\/30861170","targetHints":{"allow":["GET"]}}],"collection":[{"href":"https:\/\/www.upo.es\/diario\/wp-json\/wp\/v2\/posts"}],"about":[{"href":"https:\/\/www.upo.es\/diario\/wp-json\/wp\/v2\/types\/post"}],"author":[{"embeddable":true,"href":"https:\/\/www.upo.es\/diario\/wp-json\/wp\/v2\/users\/15"}],"replies":[{"embeddable":true,"href":"https:\/\/www.upo.es\/diario\/wp-json\/wp\/v2\/comments?post=30861170"}],"version-history":[{"count":11,"href":"https:\/\/www.upo.es\/diario\/wp-json\/wp\/v2\/posts\/30861170\/revisions"}],"predecessor-version":[{"id":30861184,"href":"https:\/\/www.upo.es\/diario\/wp-json\/wp\/v2\/posts\/30861170\/revisions\/30861184"}],"wp:featuredmedia":[{"embeddable":true,"href":"https:\/\/www.upo.es\/diario\/wp-json\/wp\/v2\/media\/30861183"}],"wp:attachment":[{"href":"https:\/\/www.upo.es\/diario\/wp-json\/wp\/v2\/media?parent=30861170"}],"wp:term":[{"taxonomy":"category","embeddable":true,"href":"https:\/\/www.upo.es\/diario\/wp-json\/wp\/v2\/categories?post=30861170"},{"taxonomy":"post_tag","embeddable":true,"href":"https:\/\/www.upo.es\/diario\/wp-json\/wp\/v2\/tags?post=30861170"}],"curies":[{"name":"wp","href":"https:\/\/api.w.org\/{rel}","templated":true}]}}