{"id":30861234,"date":"2020-06-22T12:03:30","date_gmt":"2020-06-22T10:03:30","guid":{"rendered":"https:\/\/www.upo.es\/diario\/?p=30861234"},"modified":"2020-06-29T11:41:19","modified_gmt":"2020-06-29T09:41:19","slug":"la-upo-se-suma-a-la-conmemoracion-del-dia-internacional-del-orgullo-gay","status":"publish","type":"post","link":"https:\/\/www.upo.es\/diario\/institucional\/2020\/06\/la-upo-se-suma-a-la-conmemoracion-del-dia-internacional-del-orgullo-gay\/","title":{"rendered":"La UPO se suma a la conmemoraci\u00f3n del D\u00eda Internacional del Orgullo LGTBIQ+"},"content":{"rendered":"<p><a href=\"https:\/\/www.upo.es\/diario\/wp-content\/uploads\/2020\/06\/bandera-arco-iris-campus-UPO-scaled.jpg\"><img loading=\"lazy\" decoding=\"async\" class=\"aligncenter size-large wp-image-30861235\" src=\"https:\/\/www.upo.es\/diario\/wp-content\/uploads\/2020\/06\/bandera-arco-iris-campus-UPO-750x500.jpg\" alt=\"\" width=\"750\" height=\"500\" srcset=\"https:\/\/www.upo.es\/diario\/wp-content\/uploads\/2020\/06\/bandera-arco-iris-campus-UPO-750x500.jpg 750w, https:\/\/www.upo.es\/diario\/wp-content\/uploads\/2020\/06\/bandera-arco-iris-campus-UPO-360x240.jpg 360w, https:\/\/www.upo.es\/diario\/wp-content\/uploads\/2020\/06\/bandera-arco-iris-campus-UPO-768x512.jpg 768w, https:\/\/www.upo.es\/diario\/wp-content\/uploads\/2020\/06\/bandera-arco-iris-campus-UPO-600x400.jpg 600w, https:\/\/www.upo.es\/diario\/wp-content\/uploads\/2020\/06\/bandera-arco-iris-campus-UPO-1536x1024.jpg 1536w, https:\/\/www.upo.es\/diario\/wp-content\/uploads\/2020\/06\/bandera-arco-iris-campus-UPO-2048x1366.jpg 2048w, https:\/\/www.upo.es\/diario\/wp-content\/uploads\/2020\/06\/bandera-arco-iris-campus-UPO-165x109.jpg 165w, https:\/\/www.upo.es\/diario\/wp-content\/uploads\/2020\/06\/bandera-arco-iris-campus-UPO-1320x880.jpg 1320w\" sizes=\"auto, (max-width: 750px) 100vw, 750px\" \/><\/a>La Universidad Pablo de Olavide, a trav\u00e9s del Vicerrectorado de Cultura y Compromiso Social, se suma a la conmemoraci\u00f3n del D\u00eda Internacional del Orgullo Gay, que se celebra el 28 de junio, en apoyo a las necesidades y reivindicaciones de los grupos LGTBI. <strong>Entre las iniciativas que ha puesto en marcha la instituci\u00f3n se incluye un programa de actividades que ha arrancado hoy lunes 22 con la colocaci\u00f3n de la bandera arco iris en el campus<\/strong>, que ondear\u00e1 hasta el pr\u00f3ximo 29 de junio.<\/p>\n<p>La UPO participa desde el pasado 15 de mayo en un <strong>grupo de trabajo en materia LGTBI formado por representantes de 33 universidades espa\u00f1olas<\/strong> y coordinados por la Universidad de Granada y la Universidad de Salamanca. Las instituciones participantes son: UNED, \u00a0Universidad Aut\u00f3noma de Barcelona, Universidad Aut\u00f3noma de Madrid,\u00a0 Universidad Carlos III, Universidad de Alicante, Universidad de Barcelona, Universidad de C\u00e1diz, Universidad de Cantabria, Universidad de C\u00f3rdoba, Universidad de Granada, Universidad de Huelva, Universidad de Ja\u00e9n, Universidad de La Laguna, Universidad de La Rioja, Universidad de Le\u00f3n, Universidad de M\u00e1laga, Universidad de Oviedo, Universidad de Salamanca, Universidad de Valladolid, Universidad de Zaragoza, Universidad de Pa\u00eds Vasco \/ EHU, Universidad Pablo de Olavide, Universidad Rey Juan Carlos, Universidad Rovira i Virgili, Universidad de la Coru\u00f1a, Universidad de Girona, Universidad de Lleida, \u00a0Universidad de Val\u00e8ncia, Universidad Oberta de Catalu\u00f1a, Pompeu Fabra, Alcal\u00e1, Extremadura y Sevilla.<em>\u00a0<\/em><\/p>\n<p>El\u00a0objetivo\u00a0de\u00a0este equipo de trabajo es dotar de mayor visibilidad a la labor que realizan las universidades en relaci\u00f3n a los grupos LGTBI, as\u00ed como establecer alianzas entre las instituciones, aunando sinergias y compartiendo experiencias (teniendo en cuenta la casu\u00edstica que pueda existir en cada de ellas).<\/p>\n<p>El programa de actividades contempla la celebraci\u00f3n de una mesa redonda el mi\u00e9rcoles 24 que contar\u00e1 con la participaci\u00f3n de Jos\u00e9 Mar\u00eda Valcuende del R\u00edo,\u00a0profesor del \u00c1rea de Antropolog\u00eda del departamento de\u00a0Antropolog\u00eda Social, Psicolog\u00eda B\u00e1sica y Salud P\u00fablica de la Universidad Pablo de Olavide y\u00a0coordinador de la Red LIESS (Laboratorio Iberoamericano para el Estudio Sociohist\u00f3rico de las Sexualidades). Este profesor de la UPO es referente internacional en investigaciones sobre LGTBI y memoria hist\u00f3rica. Sus l\u00edneas de trabajo se centran en identidades sexuales, diversidad sexual, cuerpos y masculinidades.<\/p>\n<p>\u201cEl trabajo en red de las universidades permite avanzar en las reivindicaciones contra la discriminaci\u00f3n y logros por la igualdad del colectivo LGTBI en sus m\u00faltiples dimensiones, tanto desde la producci\u00f3n del conocimiento como desde el despliegue de acciones concretas. En esta ocasi\u00f3n la UPO se suma al programa visibilizando la excelencia investigadora que alcanza en este campo con la participaci\u00f3n del profesor Valcuende, a quien agradecemos su generosa colaboraci\u00f3n\u201d, afirma la vicerrectora de Cultura y Compromiso Social de la UPO, Elodia Hern\u00e1ndez Le\u00f3n.<\/p>\n<p>M\u00e1s informaci\u00f3n en: <a href=\"https:\/\/www.upo.es\/upsc\/igualdad\/identidad-y-expresion-de-genero\/\">https:\/\/www.upo.es\/upsc\/igualdad\/identidad-y-expresion-de-genero\/<\/a><\/p>\n","protected":false},"excerpt":{"rendered":"<p>La Universidad Pablo de Olavide, a trav\u00e9s del Vicerrectorado de Cultura y Compromiso Social, se suma a la conmemoraci\u00f3n del D\u00eda Internacional del Orgullo Gay, que se celebra el 28 de junio, en apoyo a las necesidades y reivindicaciones de los grupos LGTBI. Entre las iniciativas que ha puesto en marcha la instituci\u00f3n se incluye un programa de actividades que ha arrancado hoy lunes 22 con la colocaci\u00f3n de la bandera arco iris en el campus, que ondear\u00e1 hasta el pr\u00f3ximo 29 de junio. <\/p>\n","protected":false},"author":6,"featured_media":30861235,"comment_status":"closed","ping_status":"open","sticky":false,"template":"","format":"standard","meta":{"_acf_changed":false,"_monsterinsights_skip_tracking":false,"footnotes":""},"categories":[6],"tags":[6138,39,2667],"class_list":["post-30861234","post","type-post","status-publish","format-standard","has-post-thumbnail","hentry","category-institucional","tag-derechos-lgtbi","tag-universidades","tag-vicerrectorado-de-cultura-y-compromiso-social"],"acf":[],"_links":{"self":[{"href":"https:\/\/www.upo.es\/diario\/wp-json\/wp\/v2\/posts\/30861234","targetHints":{"allow":["GET"]}}],"collection":[{"href":"https:\/\/www.upo.es\/diario\/wp-json\/wp\/v2\/posts"}],"about":[{"href":"https:\/\/www.upo.es\/diario\/wp-json\/wp\/v2\/types\/post"}],"author":[{"embeddable":true,"href":"https:\/\/www.upo.es\/diario\/wp-json\/wp\/v2\/users\/6"}],"replies":[{"embeddable":true,"href":"https:\/\/www.upo.es\/diario\/wp-json\/wp\/v2\/comments?post=30861234"}],"version-history":[{"count":2,"href":"https:\/\/www.upo.es\/diario\/wp-json\/wp\/v2\/posts\/30861234\/revisions"}],"predecessor-version":[{"id":30861237,"href":"https:\/\/www.upo.es\/diario\/wp-json\/wp\/v2\/posts\/30861234\/revisions\/30861237"}],"wp:featuredmedia":[{"embeddable":true,"href":"https:\/\/www.upo.es\/diario\/wp-json\/wp\/v2\/media\/30861235"}],"wp:attachment":[{"href":"https:\/\/www.upo.es\/diario\/wp-json\/wp\/v2\/media?parent=30861234"}],"wp:term":[{"taxonomy":"category","embeddable":true,"href":"https:\/\/www.upo.es\/diario\/wp-json\/wp\/v2\/categories?post=30861234"},{"taxonomy":"post_tag","embeddable":true,"href":"https:\/\/www.upo.es\/diario\/wp-json\/wp\/v2\/tags?post=30861234"}],"curies":[{"name":"wp","href":"https:\/\/api.w.org\/{rel}","templated":true}]}}