{"id":30861258,"date":"2020-06-24T09:44:02","date_gmt":"2020-06-24T07:44:02","guid":{"rendered":"https:\/\/www.upo.es\/diario\/?p=30861258"},"modified":"2020-06-26T13:52:48","modified_gmt":"2020-06-26T11:52:48","slug":"la-asociacion-yo-nemalinica-y-la-upo-se-unen-en-la-busqueda-de-nuevos-tratamientos-para-las-miopatias-congenitas","status":"publish","type":"post","link":"https:\/\/www.upo.es\/diario\/ciencia\/2020\/06\/la-asociacion-yo-nemalinica-y-la-upo-se-unen-en-la-busqueda-de-nuevos-tratamientos-para-las-miopatias-congenitas\/","title":{"rendered":"La Asociaci\u00f3n \u2018Yo Nemal\u00ednica\u2019 y la UPO se unen en la b\u00fasqueda de nuevos tratamientos para las miopat\u00edas cong\u00e9nitas"},"content":{"rendered":"<figure id=\"attachment_30857073\" aria-describedby=\"caption-attachment-30857073\" style=\"width: 750px\" class=\"wp-caption aligncenter\"><a href=\"https:\/\/www.upo.es\/diario\/wp-content\/uploads\/2019\/06\/sanchezalcazar0001.jpg\"><img loading=\"lazy\" decoding=\"async\" class=\"size-large wp-image-30857073\" src=\"https:\/\/www.upo.es\/diario\/wp-content\/uploads\/2019\/06\/sanchezalcazar0001-750x500.jpg\" alt=\"\" width=\"750\" height=\"500\" srcset=\"https:\/\/www.upo.es\/diario\/wp-content\/uploads\/2019\/06\/sanchezalcazar0001-750x500.jpg 750w, https:\/\/www.upo.es\/diario\/wp-content\/uploads\/2019\/06\/sanchezalcazar0001-360x240.jpg 360w, https:\/\/www.upo.es\/diario\/wp-content\/uploads\/2019\/06\/sanchezalcazar0001-768x512.jpg 768w, https:\/\/www.upo.es\/diario\/wp-content\/uploads\/2019\/06\/sanchezalcazar0001-600x400.jpg 600w, https:\/\/www.upo.es\/diario\/wp-content\/uploads\/2019\/06\/sanchezalcazar0001-165x109.jpg 165w\" sizes=\"auto, (max-width: 750px) 100vw, 750px\" \/><\/a><figcaption id=\"caption-attachment-30857073\" class=\"wp-caption-text\">El investigador Jos\u00e9 Antonio S\u00e1nchez Alc\u00e1zar.<\/figcaption><\/figure>\n<p>El rector de la Universidad Pablo de Olavide, Vicente Guzm\u00e1n Fluja, y el presidente de la Asociaci\u00f3n \u2018Yo Nemal\u00ednica\u2019, Jos\u00e9 Manuel Palomo G\u00f3mez, han firmado una adenda al convenio de colaboraci\u00f3n entre ambas entidades para el <strong>desarrollo de nuevos tratamientos alternativos para las miopat\u00edas cong\u00e9nitas<\/strong>, enfermedades musculares poco frecuentes para las que no hay actualmente tratamientos efectivos.<\/p>\n<p>En concreto, la Asociaci\u00f3n \u2018Yo Nemal\u00ednica\u2019 sumar\u00e1 34 000 euros a los 21 000 aportados el pasado mes de septiembre al <strong>Proyecto \u2018MYOCURE\u2019<\/strong>, l\u00ednea de investigaci\u00f3n del equipo cient\u00edfico del profesor de la Universidad Pablo de Olavide <strong>Jos\u00e9 Antonio S\u00e1nchez Alc\u00e1zar, referente internacional en el estudio de las enfermedades raras<\/strong>.<\/p>\n<p>&nbsp;<\/p>\n<div class=\"mceTemp\"><\/div>\n<p><a href=\"https:\/\/www.upo.es\/diario\/wp-content\/uploads\/2020\/06\/logo_yonemalinica-scaled.jpg\"><img loading=\"lazy\" decoding=\"async\" class=\"aligncenter size-medium wp-image-30861260\" src=\"https:\/\/www.upo.es\/diario\/wp-content\/uploads\/2020\/06\/logo_yonemalinica-360x99.jpg\" alt=\"\" width=\"360\" height=\"99\" srcset=\"https:\/\/www.upo.es\/diario\/wp-content\/uploads\/2020\/06\/logo_yonemalinica-360x99.jpg 360w, https:\/\/www.upo.es\/diario\/wp-content\/uploads\/2020\/06\/logo_yonemalinica-750x206.jpg 750w, https:\/\/www.upo.es\/diario\/wp-content\/uploads\/2020\/06\/logo_yonemalinica-768x211.jpg 768w, https:\/\/www.upo.es\/diario\/wp-content\/uploads\/2020\/06\/logo_yonemalinica-600x165.jpg 600w, https:\/\/www.upo.es\/diario\/wp-content\/uploads\/2020\/06\/logo_yonemalinica-1536x421.jpg 1536w, https:\/\/www.upo.es\/diario\/wp-content\/uploads\/2020\/06\/logo_yonemalinica-2048x562.jpg 2048w, https:\/\/www.upo.es\/diario\/wp-content\/uploads\/2020\/06\/logo_yonemalinica-1320x362.jpg 1320w\" sizes=\"auto, (max-width: 360px) 100vw, 360px\" \/><\/a><\/p>\n<p>&nbsp;<\/p>\n<p>\u201cEstos peque\u00f1os empujones y apoyos conseguidos nos dan aliento para continuar la lucha. Ya fue una gran satisfacci\u00f3n el conseguir abrir una l\u00ednea de investigaci\u00f3n para esta enfermedad que solo afecta a apenas 25 personas en Espa\u00f1a, pero el esfuerzo econ\u00f3mico como asociaci\u00f3n tan peque\u00f1a es infinito por lo que toda ayuda recibida en difusi\u00f3n y\/o econ\u00f3mica se agradece enormemente\u201d, declara Jos\u00e9 Manuel Palomo G\u00f3mez, presidente de la Asociaci\u00f3n \u2018Yo Nemal\u00ednica\u2019, quien sostiene que \u201cla uni\u00f3n hace la fuerza y fuerza muscular es lo que le falta a nuestros peque\u00f1os, pero de fuerza en el sentido de coraje y tes\u00f3n les sobra\u201d.<\/p>\n<p>Las miopat\u00edas cong\u00e9nitas engloban muchas enfermedades gen\u00e9ticamente distintas que tienen en com\u00fan la presentaci\u00f3n temprana de la sintomatolog\u00eda muscular y unos hallazgos morfol\u00f3gicos caracter\u00edsticos en el m\u00fasculo. Se trata de enfermedades que ocasionan problemas con el tono y la contracci\u00f3n de los m\u00fasculos esquel\u00e9tico. Estos problemas van desde la rigidez (mioton\u00eda) hasta la debilidad, con diferentes grados de severidad.<\/p>\n<p>La <strong>miopat\u00eda nemal\u00ednica<\/strong>, el subtipo m\u00e1s frecuente de las miopat\u00edas cong\u00e9nitas, presenta cuatro tipos cl\u00ednicos y gen\u00e9ticos distintos seg\u00fan el tiempo transcurrido desde el inicio de la sintomatolog\u00eda y el tipo de herencia. Se han identificado unos 15 genes, entre los que se encuentran TPM3 en 1q21, NEB en 2q21-22, ACTA1, TPM2 y TNNT1. Es una dolencia que est\u00e1 dentro de las llamadas enfermedades raras, ya que afecta a 1 de cada 50 000 habitantes. En la actualidad no tiene cura ni tratamiento o f\u00e1rmaco que minimice sus consecuencias y en Espa\u00f1a hay alrededor de 25 familias en las que hay un miembro afectado.<strong>\u00a0<\/strong><\/p>\n<figure id=\"attachment_30857072\" aria-describedby=\"caption-attachment-30857072\" style=\"width: 360px\" class=\"wp-caption alignright\"><a href=\"https:\/\/www.upo.es\/diario\/wp-content\/uploads\/2019\/06\/grupo_sanchezalcazar0001.jpg\"><img loading=\"lazy\" decoding=\"async\" class=\"size-medium wp-image-30857072\" src=\"https:\/\/www.upo.es\/diario\/wp-content\/uploads\/2019\/06\/grupo_sanchezalcazar0001-360x240.jpg\" alt=\"Miembros del equipo cient\u00edfico dirigido por Jos\u00e9 Antonio S\u00e1nchez Alc\u00e1zar.\" width=\"360\" height=\"240\" srcset=\"https:\/\/www.upo.es\/diario\/wp-content\/uploads\/2019\/06\/grupo_sanchezalcazar0001-360x240.jpg 360w, https:\/\/www.upo.es\/diario\/wp-content\/uploads\/2019\/06\/grupo_sanchezalcazar0001-768x512.jpg 768w, https:\/\/www.upo.es\/diario\/wp-content\/uploads\/2019\/06\/grupo_sanchezalcazar0001-750x500.jpg 750w, https:\/\/www.upo.es\/diario\/wp-content\/uploads\/2019\/06\/grupo_sanchezalcazar0001-600x400.jpg 600w, https:\/\/www.upo.es\/diario\/wp-content\/uploads\/2019\/06\/grupo_sanchezalcazar0001-165x109.jpg 165w\" sizes=\"auto, (max-width: 360px) 100vw, 360px\" \/><\/a><figcaption id=\"caption-attachment-30857072\" class=\"wp-caption-text\">Miembros del equipo cient\u00edfico dirigido por Jos\u00e9 Antonio S\u00e1nchez Alc\u00e1zar.<\/figcaption><\/figure>\n<p><strong>Medicina de precisi\u00f3n personalizada<\/strong><\/p>\n<p>El equipo de investigaci\u00f3n establecer\u00e1 un modelo celular para entender los mecanismos fisiopatol\u00f3gicos de la enfermedad y, para ello, utilizar\u00e1 los <strong>fibroblastos derivados de la piel de los pacientes<\/strong> con diagn\u00f3stico molecular y cl\u00ednico de miopat\u00eda nemal\u00ednica. Identificar\u00e1 tambi\u00e9n potenciales terapias mediante el desarrollo de una metodolog\u00eda de cribado farmacol\u00f3gico en los modelos celulares desarrollados.<\/p>\n<p>\u201cEn una segunda fase, si los resultados son positivos en el cribado farmacol\u00f3gico en los fibroblastos, confirmaremos los hallazgos en <strong>c\u00e9lulas musculares esquel\u00e9ticas<\/strong> generadas por reprogramaci\u00f3n directa de los fibroblastos de los pacientes\u201d, explica el profesor S\u00e1nchez Alc\u00e1zar. De esta manera<strong>, experimentan los efectos de los diferentes f\u00e1rmacos y dosis <em>in vitro<\/em> sobre los tejidos de los propios pacientes, para as\u00ed poder observar los resultados de forma individualizada<\/strong>.<\/p>\n<p>Un trabajo minucioso que este equipo de investigaci\u00f3n aplicar\u00e1 en 3 pacientes con mutaciones en el gen ACTA1 (alpha-actina), 4 pacientes con mutaciones en el gen NEB (nebulina), y 1 paciente con diagn\u00f3stico molecular incierto pero con cl\u00ednica e histolog\u00eda compatible con la enfermedad. Estos pacientes tienen un rango de edad de entre 2 a 43 a\u00f1os.<\/p>\n<figure id=\"attachment_30861259\" aria-describedby=\"caption-attachment-30861259\" style=\"width: 360px\" class=\"wp-caption alignleft\"><a href=\"https:\/\/www.upo.es\/diario\/wp-content\/uploads\/2020\/06\/imagen-nemal\u00ednica.jpg\"><img loading=\"lazy\" decoding=\"async\" class=\"size-medium wp-image-30861259\" src=\"https:\/\/www.upo.es\/diario\/wp-content\/uploads\/2020\/06\/imagen-nemal\u00ednica-360x360.jpg\" alt=\"\" width=\"360\" height=\"360\" srcset=\"https:\/\/www.upo.es\/diario\/wp-content\/uploads\/2020\/06\/imagen-nemal\u00ednica-360x360.jpg 360w, https:\/\/www.upo.es\/diario\/wp-content\/uploads\/2020\/06\/imagen-nemal\u00ednica-150x150.jpg 150w, https:\/\/www.upo.es\/diario\/wp-content\/uploads\/2020\/06\/imagen-nemal\u00ednica-600x602.jpg 600w, https:\/\/www.upo.es\/diario\/wp-content\/uploads\/2020\/06\/imagen-nemal\u00ednica.jpg 612w\" sizes=\"auto, (max-width: 360px) 100vw, 360px\" \/><\/a><figcaption id=\"caption-attachment-30861259\" class=\"wp-caption-text\">C\u00e9lula derivada de un paciente con miopat\u00eda nemal\u00ednica con alteraciones en la formaci\u00f3n de los filamentos de actina (en rojo en la imagen).<\/figcaption><\/figure>\n<p>El proyecto ayudar\u00e1 a comprender c\u00f3mo se producen las alteraciones del citoesqueleto que provocan la enfermedad y buscar nuevas opciones terap\u00e9uticas. \u201cAl igual que una casa tiene unas vigas para sostenerse, las c\u00e9lulas cuentan con la actina, uno de los componentes fundamentales del citoesqueleto. En las personas que sufren de miopat\u00eda nemal\u00ednica la actina no se forma, y \u00e9sta es fundamental para que los m\u00fasculos se contraigan\u201d, explica el investigador S\u00e1nchez Alc\u00e1zar. As\u00ed, si se consiguen los objetivos propuestos, se podr\u00e1 obtener un modelo para comprobar la eficacia de los medicamentos que recuperen el citoesqueleto celular y sus efectos beneficiosos a nivel celular.<\/p>\n<p>Los modelos celulares pueden ser \u00fatiles para el estudio de las alteraciones fisiopatol\u00f3gicas de la enfermedad y para el cribado farmacol\u00f3gico para la identificaci\u00f3n de potenciales dianas terap\u00e9uticas. De esta manera, se puede afirmar que los objetivos del proyecto son eminentemente pr\u00e1cticos y se ajustan a las principales prioridades de investigaci\u00f3n establecida por las asociaciones de pacientes.<\/p>\n<p>Este grupo de investigaci\u00f3n de la Universidad Pablo de Olavide, que desarrolla su trabajo en el Centro Andaluz de Biolog\u00eda del Desarrollo (centro mixto del CSIC, UPO y Junta de Andaluc\u00eda), aplica este m\u00e9todo de trabajo basado en la <strong>medicina de precisi\u00f3n personalizada<\/strong>, adem\u00e1s de en el Proyecto <strong>MYOCURE<\/strong>, en sus diferentes proyectos, como <strong>MITOCURE<\/strong> (centrado en las enfermedades mitocondriales), o <strong>BRAINCURE<\/strong> (centrado en neurodegeneraci\u00f3n con acumulaci\u00f3n cerebral de hierro y otras enfermedades neurodegenerativas).<\/p>\n","protected":false},"excerpt":{"rendered":"<p>El rector de la Universidad Pablo de Olavide, Vicente Guzm\u00e1n Fluja, y el presidente de la Asociaci\u00f3n \u2018Yo Nemal\u00ednica\u2019, Jos\u00e9 Manuel Palomo G\u00f3mez, han firmado una adenda al convenio de colaboraci\u00f3n entre ambas entidades para el desarrollo de nuevos tratamientos alternativos para las miopat\u00edas cong\u00e9nitas, enfermedades musculares poco frecuentes para las que no hay actualmente tratamientos efectivos.<\/p>\n<p>En concreto, la Asociaci\u00f3n \u2018Yo Nemal\u00ednica\u2019 sumar\u00e1 34 000 euros a los 21 000 aportados el pasado mes de septiembre al Proyecto \u2018MYOCURE\u2019, l\u00ednea de investigaci\u00f3n del equipo cient\u00edfico del profesor de la Universidad Pablo de Olavide Jos\u00e9 Antonio S\u00e1nchez Alc\u00e1zar, referente internacional en el estudio de las enfermedades raras.<\/p>\n","protected":false},"author":2,"featured_media":30861259,"comment_status":"closed","ping_status":"open","sticky":false,"template":"","format":"standard","meta":{"_monsterinsights_skip_tracking":false,"_monsterinsights_sitenote_active":false,"_monsterinsights_sitenote_note":"","_monsterinsights_sitenote_category":0,"footnotes":""},"categories":[3],"tags":[6139,43,6485,117,5929,1832,245,6487,6488,6809,6810,6808,6484,218,771,6486],"class_list":["post-30861258","post","type-post","status-publish","format-standard","has-post-thumbnail","hentry","category-ciencia","tag-ayuda","tag-cabd","tag-celulas-neuronales","tag-enfermedades-raras","tag-fibroblasto","tag-jose-antonio-sanchez-alcazar","tag-medicina","tag-medicina-de-precision","tag-medicina-personalizada","tag-miopatia-nemalitica","tag-musculo","tag-proyecto-myocure","tag-reprogramacion-directa","tag-salud","tag-terapia","tag-terapias-personalizadas"],"_links":{"self":[{"href":"https:\/\/www.upo.es\/diario\/wp-json\/wp\/v2\/posts\/30861258","targetHints":{"allow":["GET"]}}],"collection":[{"href":"https:\/\/www.upo.es\/diario\/wp-json\/wp\/v2\/posts"}],"about":[{"href":"https:\/\/www.upo.es\/diario\/wp-json\/wp\/v2\/types\/post"}],"author":[{"embeddable":true,"href":"https:\/\/www.upo.es\/diario\/wp-json\/wp\/v2\/users\/2"}],"replies":[{"embeddable":true,"href":"https:\/\/www.upo.es\/diario\/wp-json\/wp\/v2\/comments?post=30861258"}],"version-history":[{"count":3,"href":"https:\/\/www.upo.es\/diario\/wp-json\/wp\/v2\/posts\/30861258\/revisions"}],"predecessor-version":[{"id":30861263,"href":"https:\/\/www.upo.es\/diario\/wp-json\/wp\/v2\/posts\/30861258\/revisions\/30861263"}],"wp:featuredmedia":[{"embeddable":true,"href":"https:\/\/www.upo.es\/diario\/wp-json\/wp\/v2\/media\/30861259"}],"wp:attachment":[{"href":"https:\/\/www.upo.es\/diario\/wp-json\/wp\/v2\/media?parent=30861258"}],"wp:term":[{"taxonomy":"category","embeddable":true,"href":"https:\/\/www.upo.es\/diario\/wp-json\/wp\/v2\/categories?post=30861258"},{"taxonomy":"post_tag","embeddable":true,"href":"https:\/\/www.upo.es\/diario\/wp-json\/wp\/v2\/tags?post=30861258"}],"curies":[{"name":"wp","href":"https:\/\/api.w.org\/{rel}","templated":true}]}}