{"id":30861342,"date":"2020-07-02T12:05:34","date_gmt":"2020-07-02T10:05:34","guid":{"rendered":"https:\/\/www.upo.es\/diario\/?p=30861342"},"modified":"2020-07-03T15:13:35","modified_gmt":"2020-07-03T13:13:35","slug":"la-segunda-fase-de-preinscripcion-para-iniciar-estudios-de-masteres-oficiales-finaliza-el-16-de-julio","status":"publish","type":"post","link":"https:\/\/www.upo.es\/diario\/institucional\/2020\/07\/la-segunda-fase-de-preinscripcion-para-iniciar-estudios-de-masteres-oficiales-finaliza-el-16-de-julio\/","title":{"rendered":"La segunda fase de preinscripci\u00f3n para iniciar estudios de m\u00e1steres oficiales finaliza el 16 de julio"},"content":{"rendered":"<figure id=\"attachment_27372511\" aria-describedby=\"caption-attachment-27372511\" style=\"width: 600px\" class=\"wp-caption aligncenter\"><a href=\"https:\/\/www.upo.es\/diario\/wp-content\/uploads\/2018\/07\/Master-UPO.jpg\"><img loading=\"lazy\" decoding=\"async\" class=\"size-large wp-image-27372511\" src=\"https:\/\/www.upo.es\/diario\/wp-content\/uploads\/2018\/07\/Master-UPO-600x426.jpg\" alt=\"\" width=\"600\" height=\"426\" srcset=\"https:\/\/www.upo.es\/diario\/wp-content\/uploads\/2018\/07\/Master-UPO-600x426.jpg 600w, https:\/\/www.upo.es\/diario\/wp-content\/uploads\/2018\/07\/Master-UPO-320x227.jpg 320w\" sizes=\"auto, (max-width: 600px) 100vw, 600px\" \/><\/a><figcaption id=\"caption-attachment-27372511\" class=\"wp-caption-text\">El pr\u00f3ximo curso se impartir\u00e1n en la UPO 41 m\u00e1steres oficiales.<\/figcaption><\/figure>\n<p>La segunda fase de preinscripci\u00f3n para cursar estudios de m\u00e1ster universitario en 2020-2021 permanecer\u00e1 abierta hasta el 16 de julio. Distrito \u00danico Andaluz modific\u00f3 el calendario de fechas debido a la crisis sanitaria, medida llevada a cabo para permitir que los estudiantes que se hayan visto afectados para la obtenci\u00f3n del grado puedan acceder a los estudios de m\u00e1ster.<\/p>\n<p>Por su parte, la <strong>fecha l\u00edmite para acreditar el abono de los derechos de expedici\u00f3n del t\u00edtulo de grado es el 2 de octubre.<\/strong> En casos excepcionales, este plazo podr\u00e1 alcanzar el l\u00edmite de 30 de diciembre de 2020, cuando la universidad de procedencia acredite que el aplazamiento de asignaturas, pr\u00e1cticas, Trabajos Fin de Grado o examen de acreditaci\u00f3n ling\u00fc\u00edstica, debido a la situaci\u00f3n sanitaria por COVID-19, le ha impedido la finalizaci\u00f3n de los estudios a tiempo de abonar los derechos de expedici\u00f3n del t\u00edtulo a fecha 2 de octubre.<\/p>\n<p><strong><a href=\"https:\/\/www.upo.es\/diario\/wp-content\/uploads\/2020\/07\/Nuevas-fechas-Preinscripcion_masteres.jpg\"><img loading=\"lazy\" decoding=\"async\" class=\"alignleft size-medium wp-image-30861343\" src=\"https:\/\/www.upo.es\/diario\/wp-content\/uploads\/2020\/07\/Nuevas-fechas-Preinscripcion_masteres-360x360.jpg\" alt=\"\" width=\"360\" height=\"360\" srcset=\"https:\/\/www.upo.es\/diario\/wp-content\/uploads\/2020\/07\/Nuevas-fechas-Preinscripcion_masteres-360x360.jpg 360w, https:\/\/www.upo.es\/diario\/wp-content\/uploads\/2020\/07\/Nuevas-fechas-Preinscripcion_masteres-750x750.jpg 750w, https:\/\/www.upo.es\/diario\/wp-content\/uploads\/2020\/07\/Nuevas-fechas-Preinscripcion_masteres-150x150.jpg 150w, https:\/\/www.upo.es\/diario\/wp-content\/uploads\/2020\/07\/Nuevas-fechas-Preinscripcion_masteres-768x768.jpg 768w, https:\/\/www.upo.es\/diario\/wp-content\/uploads\/2020\/07\/Nuevas-fechas-Preinscripcion_masteres-600x600.jpg 600w, https:\/\/www.upo.es\/diario\/wp-content\/uploads\/2020\/07\/Nuevas-fechas-Preinscripcion_masteres.jpg 800w\" sizes=\"auto, (max-width: 360px) 100vw, 360px\" \/><\/a>La primera lista con adjudicaci\u00f3n ser\u00e1 publicada el 31 de julio<\/strong>, mientras que el <strong>primer plazo de matriculaci\u00f3n<\/strong>, confirmaci\u00f3n y reserva de plaza se ha establecido <strong>del 3 al 6 de agosto<\/strong>. La publicaci\u00f3n de la <strong>segunda y \u00faltima lista de adjudicaci\u00f3n ser\u00e1 el 14 de septiembre<\/strong> y el per\u00edodo de <strong>reclamaci\u00f3n<\/strong> queda fijado <strong>del 14 al 17 de septiembre<\/strong>.<\/p>\n<p>Por \u00faltimo, la <strong>fase extraordinaria<\/strong>, en la que s\u00f3lo se ofertan las plazas vacantes, se desarrollar\u00e1 durante el mes de octubre. El plazo de solicitudes <strong>ser\u00e1 del 30 de septiembre al 7 de octubre <\/strong>y la publicaci\u00f3n de <strong>la primera lista de adjudicaci\u00f3n el 20 de octubre<\/strong>.<\/p>\n<p>Las solicitudes de preinscripci\u00f3n se deben formalizar de manera online a trav\u00e9s de la <a href=\"https:\/\/www.juntadeandalucia.es\/economiaconocimientoempresasyuniversidad\/sguit\/?q=masteres&amp;d=mo_calendario.php\">web de Distrito \u00danico<\/a>.<\/p>\n<p><strong>Oferta de M\u00e1steres oficiales de la Universidad Pablo de Olavide<\/strong><\/p>\n<p>Para el pr\u00f3ximo curso acad\u00e9mico 2020\/2021, la Universidad Pablo de Olavide impartir\u00e1 <strong>41 m\u00e1steres oficiales<\/strong>, de los que <strong>7 de ellos se ofrecen en la modalidad online, <\/strong>que abarcar\u00e1n tem\u00e1ticas como \u2018Ingenier\u00eda Inform\u00e1tica\u2019, \u2018Ense\u00f1anza del Espa\u00f1ol como Lengua Extranjera\u2019, \u2018Ciencias de las Religiones: Historia y Sociedad\u2019, \u2018Diagn\u00f3stico del Estado de Conservaci\u00f3n del Patrimonio Hist\u00f3rico\u2019, \u2018Historia y Humanidades Digitales\u2019 o \u2018Actividad F\u00edsica y Salud\u2019.<\/p>\n<p>As\u00ed, la UPO, en su esfuerzo por adaptarse a las condiciones cambiantes de su entorno social, econ\u00f3mico y acad\u00e9mico, <strong>apuesta por articular una formaci\u00f3n online de primer orden<\/strong>.<strong>\u00a0<\/strong><\/p>\n<blockquote><p>La UPO impartir\u00e1 41 m\u00e1steres oficiales, de los que 7 de ellos se ofrecen en la modalidad online<\/p><\/blockquote>\n<p>Por otro lado, la Universidad Pablo de Olavide <strong>presenta una oferta muy consolidada en diversos campos<\/strong>, en la que destacan, en primer lugar, los programas de biotecnolog\u00eda (sanitaria y medioambiental) o el dedicado a la ciencia y tecnolog\u00eda de aceites y bebidas fermentadas, todos ellos en estrecha colaboraci\u00f3n con los centros colaboradores del CSIC y con un <strong>componente muy fuerte de especializaci\u00f3n cient\u00edfica<\/strong>. En segundo lugar, la UPO <strong>renueva su apuesta por programas multidisciplinares en tem\u00e1ticas socio-ambientales<\/strong> como el cambio clim\u00e1tico, los recursos h\u00eddricos, las ciencias sociales aplicadas al medioambiente, la biodiversidad, la agroecolog\u00eda, o la educaci\u00f3n ambiental, entre otros. Todos ellos se nutren y retroalimentan tambi\u00e9n con las iniciativas del proyecto Campus de Excelencia Internacional CEI CamBio, coordinado por la Universidad Pablo de Olavide.<\/p>\n<p>En tercer lugar, destaca el <strong>\u00e9xito de la oferta de t\u00edtulos de doble m\u00e1ster<\/strong>, con el eje central del M\u00e1ster habilitante en Abogac\u00eda, y que incluye la especializaci\u00f3n en derecho de la contrataci\u00f3n y responsabilidad civil o en derecho de las nuevas tecnolog\u00edas. Asimismo, cabe destacar la importante contribuci\u00f3n de los programas en humanidades, como la apuesta interuniversitaria sobre el an\u00e1lisis hist\u00f3rico del mundo actual o sobre la investigaci\u00f3n y el an\u00e1lisis del flamenco, o los dedicados a la comunicaci\u00f3n internacional, ense\u00f1anza del espa\u00f1ol o ense\u00f1anza biling\u00fce; as\u00ed como los programas orientados a las ciencias sociales y jur\u00eddicas, como el M\u00e1ster en Finanzas y Banca, primer t\u00edtulo oficial de postgrado en Andaluc\u00eda en obtener la acreditaci\u00f3n M\u00edFID II de la Comisi\u00f3n Nacional del Mercado de Valores (CNMV), el M\u00e1ster en Direcci\u00f3n de Negocios Internacionales, Direcci\u00f3n Estrat\u00e9gica de Recursos Humanos o Consultor\u00eda y Auditor\u00eda Laboral, entre otros.<\/p>\n<p>&nbsp;<\/p>\n<p><strong>M\u00e1s informaci\u00f3n:<\/strong><\/p>\n<p><a href=\"https:\/\/www.upo.es\/postgrado\/es\">Centro de Estudios de Postgrado de la Universidad Pablo de Olavide<\/a><\/p>\n<p><a href=\"https:\/\/www.juntadeandalucia.es\/economiaconocimientoempresasyuniversidad\/sguit\/?q=masteres&amp;d=mo_calendario.php\">Distrito \u00danico Andaluz<\/a><\/p>\n<p>&nbsp;<\/p>\n<p>&nbsp;<\/p>\n","protected":false},"excerpt":{"rendered":"<p>La segunda fase de preinscripci\u00f3n para cursar estudios de m\u00e1ster universitario en 2020-2021 permanecer\u00e1 abierta hasta el 16 de julio. Distrito \u00danico Andaluz modific\u00f3 el calendario de fechas debido a la crisis sanitaria, medida llevada a cabo para permitir que los estudiantes que se hayan visto afectados para la obtenci\u00f3n del grado puedan acceder a los estudios de m\u00e1ster.<\/p>\n","protected":false},"author":2,"featured_media":27372511,"comment_status":"closed","ping_status":"open","sticky":false,"template":"","format":"standard","meta":{"_monsterinsights_skip_tracking":false,"_monsterinsights_sitenote_active":false,"_monsterinsights_sitenote_note":"","_monsterinsights_sitenote_category":0,"footnotes":""},"categories":[6],"tags":[6755,118,1658,6676,82,743,3728],"class_list":["post-30861342","post","type-post","status-publish","format-standard","has-post-thumbnail","hentry","category-institucional","tag-curso-2020-2021","tag-master","tag-matriculacion","tag-online","tag-postgrado","tag-preinscripcion","tag-vicerrectorado-de-postgrado-y-formacion-permanente"],"_links":{"self":[{"href":"https:\/\/www.upo.es\/diario\/wp-json\/wp\/v2\/posts\/30861342","targetHints":{"allow":["GET"]}}],"collection":[{"href":"https:\/\/www.upo.es\/diario\/wp-json\/wp\/v2\/posts"}],"about":[{"href":"https:\/\/www.upo.es\/diario\/wp-json\/wp\/v2\/types\/post"}],"author":[{"embeddable":true,"href":"https:\/\/www.upo.es\/diario\/wp-json\/wp\/v2\/users\/2"}],"replies":[{"embeddable":true,"href":"https:\/\/www.upo.es\/diario\/wp-json\/wp\/v2\/comments?post=30861342"}],"version-history":[{"count":1,"href":"https:\/\/www.upo.es\/diario\/wp-json\/wp\/v2\/posts\/30861342\/revisions"}],"predecessor-version":[{"id":30861344,"href":"https:\/\/www.upo.es\/diario\/wp-json\/wp\/v2\/posts\/30861342\/revisions\/30861344"}],"wp:featuredmedia":[{"embeddable":true,"href":"https:\/\/www.upo.es\/diario\/wp-json\/wp\/v2\/media\/27372511"}],"wp:attachment":[{"href":"https:\/\/www.upo.es\/diario\/wp-json\/wp\/v2\/media?parent=30861342"}],"wp:term":[{"taxonomy":"category","embeddable":true,"href":"https:\/\/www.upo.es\/diario\/wp-json\/wp\/v2\/categories?post=30861342"},{"taxonomy":"post_tag","embeddable":true,"href":"https:\/\/www.upo.es\/diario\/wp-json\/wp\/v2\/tags?post=30861342"}],"curies":[{"name":"wp","href":"https:\/\/api.w.org\/{rel}","templated":true}]}}