{"id":30861358,"date":"2020-07-03T14:04:00","date_gmt":"2020-07-03T12:04:00","guid":{"rendered":"https:\/\/www.upo.es\/diario\/?p=30861358"},"modified":"2020-07-14T13:26:24","modified_gmt":"2020-07-14T11:26:24","slug":"el-proyecto-familyapp-ganador-del-concurso-de-ideas-de-la-fase-formativa-de-la-ii-edicion-de-univergem","status":"publish","type":"post","link":"https:\/\/www.upo.es\/diario\/cultura-social\/2020\/07\/el-proyecto-familyapp-ganador-del-concurso-de-ideas-de-la-fase-formativa-de-la-ii-edicion-de-univergem\/","title":{"rendered":"El proyecto \u2018FamilyAPP\u2019, ganador del concurso de ideas de la fase formativa de la II edici\u00f3n de UNIVERGEM"},"content":{"rendered":"<figure id=\"attachment_30861360\" aria-describedby=\"caption-attachment-30861360\" style=\"width: 750px\" class=\"wp-caption aligncenter\"><a href=\"https:\/\/www.upo.es\/diario\/wp-content\/uploads\/2020\/07\/GanadorasUivergem2020-scaled.jpg\"><img loading=\"lazy\" decoding=\"async\" class=\"size-large wp-image-30861360\" src=\"https:\/\/www.upo.es\/diario\/wp-content\/uploads\/2020\/07\/GanadorasUivergem2020-750x422.jpg\" alt=\"\" width=\"750\" height=\"422\" srcset=\"https:\/\/www.upo.es\/diario\/wp-content\/uploads\/2020\/07\/GanadorasUivergem2020-750x422.jpg 750w, https:\/\/www.upo.es\/diario\/wp-content\/uploads\/2020\/07\/GanadorasUivergem2020-360x203.jpg 360w, https:\/\/www.upo.es\/diario\/wp-content\/uploads\/2020\/07\/GanadorasUivergem2020-768x432.jpg 768w, https:\/\/www.upo.es\/diario\/wp-content\/uploads\/2020\/07\/GanadorasUivergem2020-600x338.jpg 600w, https:\/\/www.upo.es\/diario\/wp-content\/uploads\/2020\/07\/GanadorasUivergem2020-1536x864.jpg 1536w, https:\/\/www.upo.es\/diario\/wp-content\/uploads\/2020\/07\/GanadorasUivergem2020-2048x1152.jpg 2048w, https:\/\/www.upo.es\/diario\/wp-content\/uploads\/2020\/07\/GanadorasUivergem2020-1320x743.jpg 1320w\" sizes=\"auto, (max-width: 750px) 100vw, 750px\" \/><\/a><figcaption id=\"caption-attachment-30861360\" class=\"wp-caption-text\">Ganadoras de la II edici\u00f3n de UNIVERGEM<\/figcaption><\/figure>\n<p>El proyecto <strong>\u2018FamilyApp\u2019 ha sido el ganador del concurso de ideas, realizado al final de la fase formativa de la segunda edici\u00f3n del programa UNIVERGEM, una iniciativa que busca promover la igualdad de g\u00e9nero en el \u00e1mbito laboral y favorecer el acceso al empleo y emprendimiento de mujeres universitarias<\/strong>. En concreto, \u2018FamilyApp\u2019 es una aplicaci\u00f3n que tiene como objetivo ayudar a las familias a pasar m\u00e1s tiempo de calidad juntos, bajo un modo organizado y divertido. De esta manera gamificada, las familias educan y motivan a sus hijos\/as en distintas \u00e1reas, a trav\u00e9s de peque\u00f1os retos, mediante el aprender-haciendo.<\/p>\n<p>El proyecto ganador ha estado integrado por un <strong>equipo promotor multidisciplinar compuesto por Gema Mar\u00eda Mart\u00edn Franco<\/strong>, M\u00e1ster en Abogac\u00eda;<strong> Zoyla Mar\u00eda Rodr\u00edguez D\u00edaz<\/strong>, graduada en Ciencias Pol\u00edticas y Sociolog\u00eda; <strong>Mar\u00eda del Mar Maya Mart\u00ednez<\/strong>, graduada en Traducci\u00f3n e Interpretaci\u00f3n (Franc\u00e9s); <strong>Mar\u00eda Virginia Mart\u00ednez Gonz\u00e1lez<\/strong>, graduada en Ciencias Ambientales; y <strong>Raquel Ramos Robles<\/strong>, graduada en Nutrici\u00f3n Humana y Diet\u00e9tica. Cada una de ellas ha obtenido como premio una Tablet Lenovo Tab P10.<\/p>\n<blockquote><p>UNIVERGEM es una iniciativa que busca promover la igualdad de g\u00e9nero en el \u00e1mbito laboral, favorecer el acceso al empleo y promover el emprendimiento entre mujeres universitarias<\/p><\/blockquote>\n<p>Otros proyectos que han participado en esta fase formativa han sido <strong>&#8216;Mensalup&#8217;<\/strong> una app que ofrece servicios de nutrici\u00f3n, psicolog\u00eda y deporte para prevenir enfermedades no transmisibles con cierto componente hereditario y\/o que mejore la calidad de vida de personas que cursan con las mismas; <strong>&#8216;Maktub&#8217;<\/strong> que consiste en un taller de formaci\u00f3n para mujeres desempleadas y empleadas que quiera empoderarse y mejorar su situaci\u00f3n en el mundo laboral;<strong> &#8216;Equai Home&#8217;<\/strong> que propone una app dise\u00f1ada para guiar a padres y madres que quieren reconstruir los roles sexistas desde la infancia; <strong>&#8216;Drivher&#8217;<\/strong> un negocio que se basa en la necesidad de dar seguridad a las mujeres en el uso del transporte p\u00fablico y, a su vez, fomentar el empleo femenino en un sector masculinizado y <strong>&#8216;Wombook&#8217;<\/strong>, un proyecto empresarial liderado por j\u00f3venes universitarias con el objetivo de dar visibilidad a las mujeres tanto en el \u00e1mbito acad\u00e9mico como profesional.<\/p>\n<p>El programa UNIVERGEM es una iniciativa de \u00e1mbito regional, que busca promover la igualdad de g\u00e9nero en el \u00e1mbito laboral, favorecer el acceso al empleo y promover el emprendimiento entre mujeres universitarias y est\u00e1 financiado por el Instituto Andaluz de la Mujer (IAM), perteneciente a la Consejer\u00eda de Igualdad, Pol\u00edticas Sociales y Conciliaci\u00f3n de la Junta de Andaluc\u00eda. Este programa est\u00e1 dirigido a egresadas universitarias de grado, postgrado doctorado de la UPO, graduadas universitarias matriculadas en alg\u00fan t\u00edtulo de postgrado oficial o propio de la UPO, doctorandas de la UPO y universitarias matriculadas en alg\u00fan grado de la UPO que tengan superados, al menos, el 80% de los cr\u00e9ditos; y se divide en dos fases, un primer periodo formativo denominado \u2018Mujeres universitarias: empleabilidad y emprendimiento en Igualdad\u2019 que se ha desarrollado entre el 1 y el 17 de junio, y un segundo periodo de mentorizaci\u00f3n profesional.<\/p>\n<p>UNIVERGEM-UPO ha sido <strong>impulsado por los vicerrectorados de Estrategia, Empleabilidad y Emprendimiento y de Cultura y Compromiso Social<\/strong>, a trav\u00e9s del \u00c1rea de Empleabilidad y Emprendimiento de la Fundaci\u00f3n UPO y la Oficina para la Igualdad, dando as\u00ed cumplimiento a las acciones previstas en el II Plan de Igualdad entre mujeres y hombres de la UPO 2017-2020 y el vigente IV Plan Estrat\u00e9gico de la UPO.<\/p>\n<blockquote><p>Jos\u00e9 Manuel Feria: \u00abPocas veces se tiene la oportunidad de recibir una mentorizaci\u00f3n de tanta calidad y con tanta duraci\u00f3n\u00bb<\/p><\/blockquote>\n<p>En esta segunda edici\u00f3n, la fase formativa de UNIVERGEM se ha tenido que desarrollar \u00edntegramente de modo <em>online<\/em> debido a las circunstancias actuales marcadas por la Covid-19. Este primer bloque ha contado con 31 participantes y ha tenido como finalidad generar un espacio de formaci\u00f3n y encuentro donde las graduadas universitarias tomen conciencia de las barreras de g\u00e9nero existentes ante el empleo, conozcan los itinerarios de inserci\u00f3n y recursos de acompa\u00f1amiento que ofrecen las distintas instituciones, y conozcan ejemplos exitosos de inserci\u00f3n laboral, as\u00ed como conocer las competencias que las empresas demandan, orientarlas en el an\u00e1lisis de sus expectativas profesionales y en la visibilizaci\u00f3n de sus capacidades t\u00e9cnicas y profesionales.<\/p>\n<p>Durante el desarrollo del programa formativo, se ha contado con las ponencias de profesionales especialistas en materia de g\u00e9nero e igualdad, empleabilidad y emprendimiento y se ha trabajado de manera participativa en temas relacionados con el futuro del empleo desde la perspectiva de g\u00e9nero, la segregaci\u00f3n laboral, el derecho a la igualdad y la no discriminaci\u00f3n as\u00ed como las barreras de g\u00e9nero en el acceso al empleo, entre otros.<\/p>\n<p>Por otro lado, la segunda fase del programa UNIVERGEM-UPO, que dio comienzo ayer 2 de julio, consiste en un programa de mentorizaci\u00f3n profesional de 247 horas (230 horas individuales y 17 hora grupales), para el que se ha contado con la consultora internacional , entidad con experiencia internacional en m\u00e1s de 110 pa\u00edses de los cinco continentes. Esta mentorizaci\u00f3n, adem\u00e1s del proceso de asesoramiento individualizado, contar\u00e1 con varias <em>masters class, <\/em>impartidas por mujeres profesionales de primer nivel como Roc\u00edo Reinoso, directora de la Agencia EFE y presidenta del Consejo Social de la UPO; Rosa Siles, directora-gerente de Andaluc\u00eda Emprende o Silvia Escribano, socia de Human Blooming, adem\u00e1s de un encuentro <em>online<\/em> con empresarias y profesionales de BPW Madrid.<\/p>\n<p>El objetivo de esta segunda fase es la adquisici\u00f3n de experiencia, habilidades y competencias en el \u00e1mbito profesional de las usuarias para mejorar sus opciones de empleabilidad, a trav\u00e9s del contacto con el tejido empresarial nacional e internacional, y proporcion\u00e1ndoles asesoramiento individualizado para que puedan ser part\u00edcipes y creadoras de su propio itinerario de inserci\u00f3n, capacitando su potencial profesional de manera exitosa.<\/p>\n<p>En palabras del vicerrector de Estrategia, Empleabilidad y Emprendimiento, <strong>Jos\u00e9 Manuel Feria<\/strong>, \u201cpocas veces se tiene la oportunidad de recibir una mentorizaci\u00f3n de tanta calidad y con tanta duraci\u00f3n, este ambicioso programa de mentorizaci\u00f3n se ha dise\u00f1ado para que las usuarias de Univergem potencien al m\u00e1ximo su talento y cualidades ante un escenario de m\u00e1xima incertidumbre laboral, por lo que esperamos que suponga un salto cualitativo en el curr\u00edculum de cada una de ellas\u201d. El programa de mentorizaci\u00f3n profesional individualizada tendr\u00e1 una duraci\u00f3n m\u00e1xima de diez semanas y se desarrollar\u00e1 entre los meses de julio y octubre de 2020.<\/p>\n<p>&nbsp;<\/p>\n<p><strong>M\u00e1s informaci\u00f3n:<\/strong><\/p>\n<p><a href=\"https:\/\/www.upo.es\/upsc\/igualdad\/univergem\/\">www.upo.es\/upsc\/igualdad\/univergem\/<\/a><\/p>\n<p><a href=\"https:\/\/www.facebook.com\/Univergem-UPO\">www.facebook.com\/Univergem-UPO<\/a><\/p>\n<p><a href=\"mailto:univergem@upo.es\">univergem@upo.es<\/a><\/p>\n","protected":false},"excerpt":{"rendered":"<p>El proyecto \u2018FamilyApp\u2019 ha sido el ganador del concurso de ideas, realizado al final de la fase formativa de la segunda edici\u00f3n del programa UNIVERGEM, una iniciativa que busca promover la igualdad de g\u00e9nero en el \u00e1mbito laboral y favorecer el acceso al empleo y emprendimiento de mujeres universitarias. En concreto, \u2018FamilyApp\u2019 es una aplicaci\u00f3n que tiene como objetivo ayudar a las familias a pasar m\u00e1s tiempo de calidad juntos, bajo un modo organizado y divertido. De esta manera gamificada, las familias educan y motivan a sus hijos\/as en distintas \u00e1reas, a trav\u00e9s de peque\u00f1os retos, mediante el aprender-haciendo.<\/p>\n","protected":false},"author":6,"featured_media":30861360,"comment_status":"closed","ping_status":"open","sticky":false,"template":"","format":"standard","meta":{"_monsterinsights_skip_tracking":false,"_monsterinsights_sitenote_active":false,"_monsterinsights_sitenote_note":"","_monsterinsights_sitenote_category":0,"footnotes":""},"categories":[5843],"tags":[5068,438,689,2474,2022,5902,3437],"class_list":["post-30861358","post","type-post","status-publish","format-standard","has-post-thumbnail","hentry","category-cultura-social","tag-area-de-empleabilidad-y-emprendimiento","tag-empleo","tag-emprendimiento","tag-fundacion-universidad-pablo-de-olavide","tag-jose-manuel-feria","tag-univergem","tag-vicerrectorado-de-estrategia-empleabilidad-y-emprendimiento"],"_links":{"self":[{"href":"https:\/\/www.upo.es\/diario\/wp-json\/wp\/v2\/posts\/30861358","targetHints":{"allow":["GET"]}}],"collection":[{"href":"https:\/\/www.upo.es\/diario\/wp-json\/wp\/v2\/posts"}],"about":[{"href":"https:\/\/www.upo.es\/diario\/wp-json\/wp\/v2\/types\/post"}],"author":[{"embeddable":true,"href":"https:\/\/www.upo.es\/diario\/wp-json\/wp\/v2\/users\/6"}],"replies":[{"embeddable":true,"href":"https:\/\/www.upo.es\/diario\/wp-json\/wp\/v2\/comments?post=30861358"}],"version-history":[{"count":7,"href":"https:\/\/www.upo.es\/diario\/wp-json\/wp\/v2\/posts\/30861358\/revisions"}],"predecessor-version":[{"id":30861405,"href":"https:\/\/www.upo.es\/diario\/wp-json\/wp\/v2\/posts\/30861358\/revisions\/30861405"}],"wp:featuredmedia":[{"embeddable":true,"href":"https:\/\/www.upo.es\/diario\/wp-json\/wp\/v2\/media\/30861360"}],"wp:attachment":[{"href":"https:\/\/www.upo.es\/diario\/wp-json\/wp\/v2\/media?parent=30861358"}],"wp:term":[{"taxonomy":"category","embeddable":true,"href":"https:\/\/www.upo.es\/diario\/wp-json\/wp\/v2\/categories?post=30861358"},{"taxonomy":"post_tag","embeddable":true,"href":"https:\/\/www.upo.es\/diario\/wp-json\/wp\/v2\/tags?post=30861358"}],"curies":[{"name":"wp","href":"https:\/\/api.w.org\/{rel}","templated":true}]}}