{"id":30861490,"date":"2020-07-20T12:48:58","date_gmt":"2020-07-20T10:48:58","guid":{"rendered":"https:\/\/www.upo.es\/diario\/?p=30861490"},"modified":"2020-07-30T18:16:49","modified_gmt":"2020-07-30T16:16:49","slug":"un-convenio-entre-la-chg-y-la-upo-permitira-un-conocimiento-exhaustivo-de-los-procesos-hidrologicos-en-donana-2","status":"publish","type":"post","link":"https:\/\/www.upo.es\/diario\/ciencia\/2020\/07\/un-convenio-entre-la-chg-y-la-upo-permitira-un-conocimiento-exhaustivo-de-los-procesos-hidrologicos-en-donana-2\/","title":{"rendered":"Un convenio entre la CHG y la UPO permitir\u00e1 un conocimiento exhaustivo de los procesos hidrol\u00f3gicos en Do\u00f1ana"},"content":{"rendered":"<figure id=\"attachment_30861492\" aria-describedby=\"caption-attachment-30861492\" style=\"width: 750px\" class=\"wp-caption aligncenter\"><img loading=\"lazy\" decoding=\"async\" class=\"wp-image-30861492 size-large\" src=\"https:\/\/www.upo.es\/diario\/wp-content\/uploads\/2020\/07\/139_1912669-750x483.jpg\" alt=\"\" width=\"750\" height=\"483\" srcset=\"https:\/\/www.upo.es\/diario\/wp-content\/uploads\/2020\/07\/139_1912669-750x483.jpg 750w, https:\/\/www.upo.es\/diario\/wp-content\/uploads\/2020\/07\/139_1912669-360x232.jpg 360w, https:\/\/www.upo.es\/diario\/wp-content\/uploads\/2020\/07\/139_1912669-768x494.jpg 768w, https:\/\/www.upo.es\/diario\/wp-content\/uploads\/2020\/07\/139_1912669-600x386.jpg 600w, https:\/\/www.upo.es\/diario\/wp-content\/uploads\/2020\/07\/139_1912669.jpg 800w\" sizes=\"auto, (max-width: 750px) 100vw, 750px\" \/><figcaption id=\"caption-attachment-30861492\" class=\"wp-caption-text\">PN de Do\u00f1ana. Foto: Chris R. Sharp \/ Photo Researchers \/ Universal Images Group<\/figcaption><\/figure>\n<p>El Consejo de Ministros ha aprobado,<strong> a propuesta del Ministerio para la Transici\u00f3n Ecol\u00f3gica y el Reto Demogr\u00e1fico<\/strong>, la suscripci\u00f3n del convenio de colaboraci\u00f3n entre la Confederaci\u00f3n Hidrogr\u00e1fica del Guadalquivir y la Universidad Pablo de Olavide, <strong>para la ampliaci\u00f3n del inventario, monitorizaci\u00f3n y modelizaci\u00f3n hidrol\u00f3gica de la relaci\u00f3n laguna-acu\u00edfero en los mantos e\u00f3licos de Do\u00f1ana<\/strong>. El investigador principal de este acuerdo es el profesor del \u00c1rea de Geodin\u00e1mica Externa de la UPO, <strong>Miguel Rodr\u00edguez Rodr\u00edguez<\/strong>.<\/p>\n<figure id=\"attachment_30861491\" aria-describedby=\"caption-attachment-30861491\" style=\"width: 360px\" class=\"wp-caption alignright\"><a href=\"https:\/\/www.upo.es\/diario\/wp-content\/uploads\/2020\/07\/miguel_rguez_rguez-scaled.jpg\"><img loading=\"lazy\" decoding=\"async\" class=\"size-medium wp-image-30861491\" src=\"https:\/\/www.upo.es\/diario\/wp-content\/uploads\/2020\/07\/miguel_rguez_rguez-360x240.jpg\" alt=\"Miguel Rodr\u00edguez\" width=\"360\" height=\"240\" srcset=\"https:\/\/www.upo.es\/diario\/wp-content\/uploads\/2020\/07\/miguel_rguez_rguez-360x240.jpg 360w, https:\/\/www.upo.es\/diario\/wp-content\/uploads\/2020\/07\/miguel_rguez_rguez-750x500.jpg 750w, https:\/\/www.upo.es\/diario\/wp-content\/uploads\/2020\/07\/miguel_rguez_rguez-768x512.jpg 768w, https:\/\/www.upo.es\/diario\/wp-content\/uploads\/2020\/07\/miguel_rguez_rguez-600x400.jpg 600w, https:\/\/www.upo.es\/diario\/wp-content\/uploads\/2020\/07\/miguel_rguez_rguez-1536x1024.jpg 1536w, https:\/\/www.upo.es\/diario\/wp-content\/uploads\/2020\/07\/miguel_rguez_rguez-2048x1365.jpg 2048w\" sizes=\"auto, (max-width: 360px) 100vw, 360px\" \/><\/a><figcaption id=\"caption-attachment-30861491\" class=\"wp-caption-text\">Miguel Rodr\u00edguez, investigador principal del acuerdo y profesor de Geodin\u00e1mica externa<\/figcaption><\/figure>\n<p>El objeto del convenio es continuar con el desarrollo de la colaboraci\u00f3n que permita el <strong>seguimiento de los procesos hidrol\u00f3gicos en el espacio natural de Do\u00f1ana y, en concreto, el funcionamiento y estado hidrol\u00f3gico de las lagunas peridunares de este parque nacional<\/strong>, as\u00ed como la adici\u00f3n a la red existente de nuevos piez\u00f3metros someros.<\/p>\n<p>La monitorizaci\u00f3n hidrol\u00f3gica y modelizaci\u00f3n de la relaci\u00f3n laguna-acu\u00edfero en los mantos e\u00f3licos de Do\u00f1ana, objeto espec\u00edfico del acuerdo, se llevar\u00e1 a cabo con la aportaci\u00f3n por las partes de medios materiales, t\u00e9cnicos, humanos y econ\u00f3micos que sean precisos para la materializaci\u00f3n de las acciones previstas. En concreto, la Confederaci\u00f3n Hidrogr\u00e1fica del Guadalquivir aportar\u00e1 instalaciones, infraestructuras, recursos humanos y t\u00e9cnicos, as\u00ed como un total de 75.000 euros distribuidos en 25.000 euros cada uno de los 3 a\u00f1os de vigencia del convenio, de su presupuesto de gastos anual. La Universidad Pablo de Olavide aportar\u00e1 el equipo cient\u00edfico, material espec\u00edfico y laboratorios.<\/p>\n<p>El objetivo fundamental de este trabajo es la continuaci\u00f3n de la investigaci\u00f3n hidrogeol\u00f3gica en sistemas lagunares alimentados por escorrent\u00eda superficial y subterr\u00e1nea a lagunas sobre materiales de alta permeabilidad y estimar el grado de ajuste de los resultados te\u00f3ricos obtenidos con la evoluci\u00f3n real del agua en las lagunas. As\u00ed, se podr\u00e1 contribuir al conocimiento del grado de relaci\u00f3n que existe entre estos humedales y las Masas de Agua Subterr\u00e1nea (MASub) sobre las que se sit\u00faan.<\/p>\n<p>El estudio se plantea desde una perspectiva ambiental, siguiendo los objetivos planteados en el Art\u00edculo 4 de la Directiva Marco del Agua (DMA) y los resultados servir\u00e1n para mejorar los modelos conceptuales de funcionamiento de lagunas, lo que redundar\u00e1 en mayor precisi\u00f3n y efectividad, tanto de la planificaci\u00f3n como de la gesti\u00f3n.<\/p>\n<p>Este convenio responde a la inquietud de entidades e instituciones en relaci\u00f3n a la progresiva disminuci\u00f3n del periodo de inundaci\u00f3n de algunas de las lagunas del Parque Nacional de Do\u00f1ana, mejorando el conocimiento y la informaci\u00f3n de la red piezom\u00e9trica mantenida por este organismo de cuenca.<\/p>\n","protected":false},"excerpt":{"rendered":"<p>El Consejo de Ministros aprueba la firma de la renovaci\u00f3n de un convenio entre ambas instituciones para continuar con el estudio y la modelizaci\u00f3n de la relaci\u00f3n laguna-acu\u00edfero en los mantos e\u00f3licos del Parque Nacional.<\/p>\n","protected":false},"author":6,"featured_media":30861492,"comment_status":"closed","ping_status":"open","sticky":false,"template":"","format":"standard","meta":{"_monsterinsights_skip_tracking":false,"_monsterinsights_sitenote_active":false,"_monsterinsights_sitenote_note":"","_monsterinsights_sitenote_category":0,"footnotes":""},"categories":[3],"tags":[4790,326,6351,2599,3984],"class_list":["post-30861490","post","type-post","status-publish","format-standard","has-post-thumbnail","hentry","category-ciencia","tag-area-de-geodinamica-externa","tag-convenio","tag-espacio-natural-de-donana","tag-hidrologia","tag-miguel-rodriguez-rodriguez"],"_links":{"self":[{"href":"https:\/\/www.upo.es\/diario\/wp-json\/wp\/v2\/posts\/30861490","targetHints":{"allow":["GET"]}}],"collection":[{"href":"https:\/\/www.upo.es\/diario\/wp-json\/wp\/v2\/posts"}],"about":[{"href":"https:\/\/www.upo.es\/diario\/wp-json\/wp\/v2\/types\/post"}],"author":[{"embeddable":true,"href":"https:\/\/www.upo.es\/diario\/wp-json\/wp\/v2\/users\/6"}],"replies":[{"embeddable":true,"href":"https:\/\/www.upo.es\/diario\/wp-json\/wp\/v2\/comments?post=30861490"}],"version-history":[{"count":2,"href":"https:\/\/www.upo.es\/diario\/wp-json\/wp\/v2\/posts\/30861490\/revisions"}],"predecessor-version":[{"id":30861495,"href":"https:\/\/www.upo.es\/diario\/wp-json\/wp\/v2\/posts\/30861490\/revisions\/30861495"}],"wp:featuredmedia":[{"embeddable":true,"href":"https:\/\/www.upo.es\/diario\/wp-json\/wp\/v2\/media\/30861492"}],"wp:attachment":[{"href":"https:\/\/www.upo.es\/diario\/wp-json\/wp\/v2\/media?parent=30861490"}],"wp:term":[{"taxonomy":"category","embeddable":true,"href":"https:\/\/www.upo.es\/diario\/wp-json\/wp\/v2\/categories?post=30861490"},{"taxonomy":"post_tag","embeddable":true,"href":"https:\/\/www.upo.es\/diario\/wp-json\/wp\/v2\/tags?post=30861490"}],"curies":[{"name":"wp","href":"https:\/\/api.w.org\/{rel}","templated":true}]}}