{"id":30861496,"date":"2020-07-20T14:01:58","date_gmt":"2020-07-20T12:01:58","guid":{"rendered":"https:\/\/www.upo.es\/diario\/?p=30861496"},"modified":"2020-07-20T14:46:16","modified_gmt":"2020-07-20T12:46:16","slug":"personas-mayores-de-55-anos-se-encuentra-soledad-andalucia","status":"publish","type":"post","link":"https:\/\/www.upo.es\/diario\/ciencia\/2020\/07\/personas-mayores-de-55-anos-se-encuentra-soledad-andalucia\/","title":{"rendered":"El 47% de las personas mayores de 55 a\u00f1os se encuentra en situaci\u00f3n de soledad en Andaluc\u00eda"},"content":{"rendered":"<p><img loading=\"lazy\" decoding=\"async\" class=\"aligncenter size-large wp-image-30861499\" src=\"https:\/\/www.upo.es\/diario\/wp-content\/uploads\/2020\/07\/soledad-hombre-mayor-750x500.jpg\" alt=\"hombre mayor de espaldas frente al horizonte\" width=\"750\" height=\"500\" srcset=\"https:\/\/www.upo.es\/diario\/wp-content\/uploads\/2020\/07\/soledad-hombre-mayor-750x500.jpg 750w, https:\/\/www.upo.es\/diario\/wp-content\/uploads\/2020\/07\/soledad-hombre-mayor-360x240.jpg 360w, https:\/\/www.upo.es\/diario\/wp-content\/uploads\/2020\/07\/soledad-hombre-mayor-768x512.jpg 768w, https:\/\/www.upo.es\/diario\/wp-content\/uploads\/2020\/07\/soledad-hombre-mayor-600x400.jpg 600w, https:\/\/www.upo.es\/diario\/wp-content\/uploads\/2020\/07\/soledad-hombre-mayor-165x109.jpg 165w, https:\/\/www.upo.es\/diario\/wp-content\/uploads\/2020\/07\/soledad-hombre-mayor.jpg 1280w\" sizes=\"auto, (max-width: 750px) 100vw, 750px\" \/>La soledad no deseada se encuentra presente a todas las edades en la poblaci\u00f3n andaluza de 55 y m\u00e1s a\u00f1os, se incrementa con la edad y es especialmente gravosa a partir de los 80 a\u00f1os, seg\u00fan se desprende del <strong>Estudio sobre soledad no deseada en personas de 55+ a\u00f1os en Andaluc\u00eda<\/strong>, llevado a cabo desde la <strong>Direcci\u00f3n General de Personas Mayores y Pensiones no Contributivas de la Consejer\u00eda de Igualdad y Pol\u00edticas Sociales de la Junta de Andaluc\u00eda<\/strong>. Esta investigaci\u00f3n, coordinada por <strong><a href=\"https:\/\/www.upo.es\/profesorado\/jmgargon\/\">Juan Manuel Garc\u00eda Gonz\u00e1lez<\/a>, profesor de Sociolog\u00eda de la Universidad Pablo de Olavide<\/strong>, se ha llevado a cabo mediante la entrevista a 2000 personas de 55 y m\u00e1s a\u00f1os residentes en todo el territorio andaluz.<\/p>\n<p>Se trata del <strong>primer estudio de estas caracter\u00edsticas que se realiza en Andaluc\u00eda<\/strong>, que hasta ahora no contaba con ning\u00fan instrumento para valorar y tratar esta problem\u00e1tica. La \u00fanica referencia es la estad\u00edstica sobre hogares unipersonales y sus variables por edad. Sin embargo, <strong>no todas las personas mayores que viven solas tienen por qu\u00e9 sentirse solas o encontrarse en situaci\u00f3n de soledad. De ah\u00ed, la importancia de este estudio<\/strong> que analiza otras variables y los factores que influyen en este sentimiento tanto internos (soledad emocional), como externos (soledad social).<\/p>\n<figure id=\"attachment_30861505\" aria-describedby=\"caption-attachment-30861505\" style=\"width: 360px\" class=\"wp-caption alignright\"><img loading=\"lazy\" decoding=\"async\" class=\"size-medium wp-image-30861505\" src=\"https:\/\/www.upo.es\/diario\/wp-content\/uploads\/2020\/07\/Fotoconsejerasoledadnodeseada01-360x240.jpeg\" alt=\"Roc\u00edo Ruiz\" width=\"360\" height=\"240\" srcset=\"https:\/\/www.upo.es\/diario\/wp-content\/uploads\/2020\/07\/Fotoconsejerasoledadnodeseada01-360x240.jpeg 360w, https:\/\/www.upo.es\/diario\/wp-content\/uploads\/2020\/07\/Fotoconsejerasoledadnodeseada01-750x500.jpeg 750w, https:\/\/www.upo.es\/diario\/wp-content\/uploads\/2020\/07\/Fotoconsejerasoledadnodeseada01-768x512.jpeg 768w, https:\/\/www.upo.es\/diario\/wp-content\/uploads\/2020\/07\/Fotoconsejerasoledadnodeseada01-600x400.jpeg 600w, https:\/\/www.upo.es\/diario\/wp-content\/uploads\/2020\/07\/Fotoconsejerasoledadnodeseada01-1536x1024.jpeg 1536w, https:\/\/www.upo.es\/diario\/wp-content\/uploads\/2020\/07\/Fotoconsejerasoledadnodeseada01-165x109.jpeg 165w, https:\/\/www.upo.es\/diario\/wp-content\/uploads\/2020\/07\/Fotoconsejerasoledadnodeseada01-1320x880.jpeg 1320w, https:\/\/www.upo.es\/diario\/wp-content\/uploads\/2020\/07\/Fotoconsejerasoledadnodeseada01.jpeg 1600w\" sizes=\"auto, (max-width: 360px) 100vw, 360px\" \/><figcaption id=\"caption-attachment-30861505\" class=\"wp-caption-text\">Roc\u00edo Ruiz. Foto: Junta de Andaluc\u00eda<\/figcaption><\/figure>\n<p><strong>La consejera de Igualdad, Pol\u00edticas Sociales y Conciliaci\u00f3n, Roc\u00edo Ruiz, ha presentado hoy el estudio<\/strong> en el que se pone de manifiesto \u201cque la soledad no deseada se encuentra presente de manera transversal a todas las edades, en hombres y mujeres, y en todas las provincias andaluza\u201d. \u201cHay una problem\u00e1tica de soledad no deseada contra la que hay que luchar, que es necesario aliviar y ante la que hay que articular estrategias y pol\u00edticas p\u00fablicas de prevenci\u00f3n, seguimiento e intervenci\u00f3n, as\u00ed como seguir investigando\u201d, ha a\u00f1adido la consejera.<\/p>\n<p>En este sentido, la m\u00e1xima responsable de las Pol\u00edticas Sociales en Andaluc\u00eda ha hecho referencia al primer plan Estrat\u00e9gico Integral para Personas Mayores en Andaluc\u00eda que est\u00e1 elaborando la Consejer\u00eda. Este Plan \u201cordenar\u00e1 el conjunto de las pol\u00edticas p\u00fablicas destinadas a promover el bienestar de los mayores ,pol\u00edticas en el \u00e1mbito sanitario, de servicios sociales, cultural, deportivo, de ocio, urban\u00edstico y asociativo, desde una perspectiva integral, preventiva y sostenible\u201d, ha apuntado la consejera.<\/p>\n<blockquote><p>El estudio refleja que 47% de las personas andaluzas de 55 y m\u00e1s a\u00f1os se encuentra en soledad no deseada, con un 40% en soledad moderada y un 7% en soledad severa<\/p><\/blockquote>\n<p>Para Ruiz, adem\u00e1s, es necesario \u201csensibilizar al conjunto de la poblaci\u00f3n sobre el fen\u00f3meno de la soledad en las personas mayores y no tan mayores, as\u00ed como fomentar redes comunitarias s\u00f3lidas, en especial en el \u00e1mbito del barrio\u00a0 y de cercan\u00eda, as\u00ed como fortalecer los servicios sociales\u201d. \u201cLa soledad no deseada es uno de los mayores enemigos del envejecimiento, y debemos todos estar muy sensibilizados con este problema. Demostrarles todo lo que queremos a nuestros mayores, expresarles nuestro afecto y nuestro cari\u00f1o, y hacernos presentes, estando m\u00e1s pendientes de ellos debe ser una obligaci\u00f3n moral. Debemos darle todo a los que todo dieron por nosotros\u201d, ha dicho la consejera.<\/p>\n<p>En este sentido, desde la Consejer\u00eda de Igualdad, Pol\u00edticas Sociales y Conciliaci\u00f3n \u201cno partimos de cero. Actualmente disponemos de una serie de recursos, como son el Servicio de Teleasistencia, que ha sido fundamental en esta pandemia con m\u00e1s de dos millones de llamadas gestionadas, la mayor\u00eda de ellas para paliar situaciones de soledad, o el Tel\u00e9fono de Atenci\u00f3n a las Personas Mayores, para detectar casos de riesgos en situaci\u00f3n de aislamiento social o soledad\u201d, ha explicado la consejera.<\/p>\n<p>\u201cContamos, tambi\u00e9n con los Centros de Participaci\u00f3n Activa, que son centros de encuentro y de intercambio que ayudan a paliar la soledad de las personas mayores a trav\u00e9s de actividades, talleres y fomento del voluntariado. Adem\u00e1s de las actividades programadas en estos centros se prestan servicios, como atenci\u00f3n jur\u00eddica o servicio de comedor. En Andaluc\u00eda hay una red de unos seiscientos centros de participaci\u00f3n activa, de los que 168 son de titularidad de la Junta de Andaluc\u00eda\u201d, ha insistido Roc\u00edo Ruiz.<\/p>\n<h3><strong>El sentimiento de soledad aumenta con la edad<\/strong><\/h3>\n<p>El estudio refleja que 47% de las personas andaluzas de 55 y m\u00e1s a\u00f1os se encuentra en soledad no deseada, con un 40% en soledad moderada y un 7% en soledad severa. El sentimiento de soledad aumenta con la edad, siendo especialmente preocupante a partir de los 80 a\u00f1os.<\/p>\n<p>La prevalencia de soledad emocional es mayor que la de soledad social, siendo la primera m\u00e1s frecuente entre las mujeres y la segunda m\u00e1s frecuente entre los hombres, aumentando ambas igualmente en los grupos de edades m\u00e1s avanzadas. La soledad, asimismo, es mayor entre las personas con menor nivel educativo y entre las que viven en hogares unipersonales.<\/p>\n<p>Adem\u00e1s, <strong>un 15% se encuentra en riesgo de aislamiento social, cifras que aumentan entre los grupos de mayor edad como consecuencia de la rotura y p\u00e9rdida de la red de amistades y una menor frecuencia de contactos<\/strong>, alcanzando el riesgo de aislamiento de la red de amistades a casi un tercio de la poblaci\u00f3n de 55 y m\u00e1s a\u00f1os. En cambio, el riesgo de aislamiento de la red familiar se encuentra en torno al 5%. Los datos apuntan a que la red social y de amistades de las mujeres es m\u00e1s s\u00f3lida y amplia que la de los hombres en el grupo de edad de 55 a 64 a\u00f1os, mientras que a los 65 a\u00f1os los riesgos se equiparan y se dispara entre las mujeres de 80 y m\u00e1s a\u00f1os.<\/p>\n<h3><strong>Nivel educativo y poblaci\u00f3n<\/strong><\/h3>\n<p><strong>El riesgo de aislamiento social es mayor entre las personas con un nivel educativo m\u00e1s bajo<\/strong>, m\u00e1s preocupante en la p\u00e9rdida de la red de amistades en el grupo de los que no tienen estudios o tienen estudios primarios. En cambio, el nivel educativo tiene menos relevancia en el riesgo de aislamiento de la red familiar, por un lado, y la edad es menos determinante entre las personas que tienen estudios superiores.<\/p>\n<p>Otros resultados relevantes que presenta el estudio se refieren al efecto protector sobre la soledad no deseada y el riesgo de aislamiento social que tiene el asociacionismo y la residencia en pareja o con familiares.<\/p>\n<p>En cuanto al \u00e1mbito territorial, la investigaci\u00f3n no ha encontrado diferencias claras entre los h\u00e1bitats rural y urbano. S\u00ed se vislumbra un ligero menor riesgo de soledad y aislamiento en las zonas costeras que en las zonas de sierra o de monta\u00f1a. Por su parte, la distribuci\u00f3n provincial tampoco es uniforme y depende del indicador. En general, hay una mayor prevalencia de soledad en las provincias con mayor envejecimiento poblacional, hip\u00f3tesis acorde con el comportamiento de la soledad con la edad. Al atender solo al indicador de la soledad severa, s\u00ed que se atisba que la Andaluc\u00eda oriental presenta mayor soledad que la Andaluc\u00eda occidental.<\/p>\n<h3><strong>La soledad durante el confinamiento<\/strong><\/h3>\n<figure style=\"width: 200px\" class=\"wp-caption alignright\"><img loading=\"lazy\" decoding=\"async\" class=\"size-medium\" src=\"https:\/\/0.academia-photos.com\/173331\/88388\/30508485\/s200_juan_manuel.garc_a_gonz_lez.png\" alt=\"Juan Manuel Garc\u00eda Gonz\u00e1lez\" width=\"200\" height=\"200\" \/><figcaption class=\"wp-caption-text\">Juan Manuel Garc\u00eda Gonz\u00e1lez<\/figcaption><\/figure>\n<p>Aunque el estudio sobre soledad no deseada se realiz\u00f3 antes de la declaraci\u00f3n del estado de alarma, durante la jornada se han dado tambi\u00e9n algunas claves sobre c\u00f3mo el confinamiento afect\u00f3 al sentimiento de soledad de las personas mayores. As\u00ed,<strong> el investigador de la UPO responsable del estudio, Juan Manuel Garc\u00eda, ha asegurado que se ha producido \u201cun incremento\u201d de esta situaci\u00f3n. Por un lado, personas mayores que no se encontraban en soledad han pasado a sentirla y, por otro, los que ya part\u00edan de un sentimiento de soledad, \u00e9ste se ha visto incrementado<\/strong>.<\/p>\n<p>El director general de Personas Mayores y Pensiones No Contributivas de la Junta de Andaluc\u00eda, Juan Carlos Dur\u00e1n, ha apuntado que \u201cdurante la pandemia y el confinamiento, muchos mayores se han visto m\u00e1s solos que antes. Las visitas de familiares y amigos se han reducido. Adem\u00e1s no han podido sentir el contacto f\u00edsico tan deseado\u201d. Los mayores, ha recordado, \u201ctienen menos habilidades que la poblaci\u00f3n m\u00e1s joven para manejar las nuevas tecnolog\u00edas, no se manejan igual de bien con los m\u00f3viles o tablet, usan con mayor dificultad las aplicaciones de mensajer\u00eda o las videollamadas, lo que ha influido tambi\u00e9n de manera negativa durante le confinamiento. \u201cLo que m\u00e1s ven es la televisi\u00f3n, y precisamente no ha sido lo que m\u00e1s les ha ayudado durante la pandemia\u201d, ha apuntado el director general, en referencia a las noticias en las que se alertaba del riesgo de las personas mayores y los fallecimientos.<\/p>\n<p>\u201cMuchos mayores han expresado que prefer\u00edan ver a sus hijos, besarlos y abrazarlos, aunque se contagiaran\u201d, ha apuntado Dur\u00e1n.<\/p>\n<p>En general, <strong>la pandemia del Covid-19 ha generado consecuencias muy negativas entre la poblaci\u00f3n mayor.\u00a0 Adem\u00e1s de haber sido la m\u00e1s castigada por la infecci\u00f3n para ellos, el largo periodo de confinamiento les ha generado un cambio brusco en sus rutinas<\/strong>. \u201cNo han podido salir de casa, y los que viven en residencias, no han podido salir ni recibir visitas, y se han visto confinados m\u00e1s horas de lo normal en sus habitaciones. Han dejado de caminar, y esto les ha generado una mayor p\u00e9rdida a la que ya de por s\u00ed genera el envejecimiento en la masa muscular, perdiendo fuerzas y capacidad funcional\u201d, ha apuntado Juan Carlos Dur\u00e1n, adem\u00e1s de las consecuencias emocionales como el miedo o la ansiedad.<\/p>\n<p>Fuente: Consejer\u00eda de Igualdad, Pol\u00edticas Sociales y Conciliaci\u00f3n, Junta de Andaluc\u00eda<\/p>\n","protected":false},"excerpt":{"rendered":"<p>La soledad no deseada se encuentra presente a todas las edades en la poblaci\u00f3n andaluza de 55 y m\u00e1s a\u00f1os, se incrementa con la edad y es especialmente gravosa a partir de los 80 a\u00f1os, seg\u00fan se desprende del Estudio sobre soledad no deseada en personas de 55+ a\u00f1os en Andaluc\u00eda, llevado a cabo desde la Direcci\u00f3n General de Personas Mayores y Pensiones no Contributivas de la Consejer\u00eda de Igualdad y Pol\u00edticas Sociales de la Junta de Andaluc\u00eda. Esta investigaci\u00f3n, coordinada por Juan Manuel Garc\u00eda Gonz\u00e1lez, profesor de la Universidad Pablo de Olavide, se ha llevado a cabo mediante la entrevista a 2.000 personas de 55 y m\u00e1s a\u00f1os residentes en todo el territorio andaluz.<\/p>\n","protected":false},"author":6,"featured_media":30861499,"comment_status":"closed","ping_status":"open","sticky":false,"template":"","format":"standard","meta":{"_monsterinsights_skip_tracking":false,"_monsterinsights_sitenote_active":false,"_monsterinsights_sitenote_note":"","_monsterinsights_sitenote_category":0,"footnotes":""},"categories":[3],"tags":[190,6632,5903,859,203,53,104,6835],"class_list":["post-30861496","post","type-post","status-publish","format-standard","has-post-thumbnail","hentry","category-ciencia","tag-andalucia","tag-confinamiento","tag-consejeria-de-igualdad-politicas-sociales-y-conciliacion","tag-estudio","tag-junta-de-andalucia","tag-mayores","tag-sociologia","tag-soledad"],"_links":{"self":[{"href":"https:\/\/www.upo.es\/diario\/wp-json\/wp\/v2\/posts\/30861496","targetHints":{"allow":["GET"]}}],"collection":[{"href":"https:\/\/www.upo.es\/diario\/wp-json\/wp\/v2\/posts"}],"about":[{"href":"https:\/\/www.upo.es\/diario\/wp-json\/wp\/v2\/types\/post"}],"author":[{"embeddable":true,"href":"https:\/\/www.upo.es\/diario\/wp-json\/wp\/v2\/users\/6"}],"replies":[{"embeddable":true,"href":"https:\/\/www.upo.es\/diario\/wp-json\/wp\/v2\/comments?post=30861496"}],"version-history":[{"count":7,"href":"https:\/\/www.upo.es\/diario\/wp-json\/wp\/v2\/posts\/30861496\/revisions"}],"predecessor-version":[{"id":30861506,"href":"https:\/\/www.upo.es\/diario\/wp-json\/wp\/v2\/posts\/30861496\/revisions\/30861506"}],"wp:featuredmedia":[{"embeddable":true,"href":"https:\/\/www.upo.es\/diario\/wp-json\/wp\/v2\/media\/30861499"}],"wp:attachment":[{"href":"https:\/\/www.upo.es\/diario\/wp-json\/wp\/v2\/media?parent=30861496"}],"wp:term":[{"taxonomy":"category","embeddable":true,"href":"https:\/\/www.upo.es\/diario\/wp-json\/wp\/v2\/categories?post=30861496"},{"taxonomy":"post_tag","embeddable":true,"href":"https:\/\/www.upo.es\/diario\/wp-json\/wp\/v2\/tags?post=30861496"}],"curies":[{"name":"wp","href":"https:\/\/api.w.org\/{rel}","templated":true}]}}