{"id":30861516,"date":"2020-07-23T10:35:41","date_gmt":"2020-07-23T08:35:41","guid":{"rendered":"https:\/\/www.upo.es\/diario\/?p=30861516"},"modified":"2020-07-30T18:16:46","modified_gmt":"2020-07-30T16:16:46","slug":"libro-coenzima-q10-envejecimiento","status":"publish","type":"post","link":"https:\/\/www.upo.es\/diario\/ciencia\/2020\/07\/libro-coenzima-q10-envejecimiento\/","title":{"rendered":"El coenzima Q10, factor esencial en el envejecimiento"},"content":{"rendered":"<figure id=\"attachment_30861517\" aria-describedby=\"caption-attachment-30861517\" style=\"width: 750px\" class=\"wp-caption aligncenter\"><a href=\"https:\/\/www.upo.es\/diario\/wp-content\/uploads\/2020\/07\/Libro-CoenzimaQ-scaled.jpg\"><img loading=\"lazy\" decoding=\"async\" class=\"size-large wp-image-30861517\" src=\"https:\/\/www.upo.es\/diario\/wp-content\/uploads\/2020\/07\/Libro-CoenzimaQ-750x500.jpg\" alt=\" Guillermo L\u00f3pez-Lluch, Carlos Santos, Mar\u00eda Victoria Cascajo, Juan Diego Hern\u00e1ndez y Ana S\u00e1nchez Cuesta en el CABD\" width=\"750\" height=\"500\" srcset=\"https:\/\/www.upo.es\/diario\/wp-content\/uploads\/2020\/07\/Libro-CoenzimaQ-750x500.jpg 750w, https:\/\/www.upo.es\/diario\/wp-content\/uploads\/2020\/07\/Libro-CoenzimaQ-360x240.jpg 360w, https:\/\/www.upo.es\/diario\/wp-content\/uploads\/2020\/07\/Libro-CoenzimaQ-768x512.jpg 768w, https:\/\/www.upo.es\/diario\/wp-content\/uploads\/2020\/07\/Libro-CoenzimaQ-600x400.jpg 600w, https:\/\/www.upo.es\/diario\/wp-content\/uploads\/2020\/07\/Libro-CoenzimaQ-1536x1024.jpg 1536w, https:\/\/www.upo.es\/diario\/wp-content\/uploads\/2020\/07\/Libro-CoenzimaQ-2048x1365.jpg 2048w\" sizes=\"auto, (max-width: 750px) 100vw, 750px\" \/><\/a><figcaption id=\"caption-attachment-30861517\" class=\"wp-caption-text\">Guillermo L\u00f3pez-Lluch, Carlos Santos, Mar\u00eda Victoria Cascajo, Juan Diego Hern\u00e1ndez y Ana S\u00e1nchez Cuesta<\/figcaption><\/figure>\n<p>El profesor <strong>Guillermo L\u00f3pez-Lluch<\/strong>, catedr\u00e1tico de la Universidad Pablo de Olavide e investigador del Centro Andaluz de Biolog\u00eda del Desarrollo (CABD), en colaboraci\u00f3n con otros investigadores del CABD y de universidades y centros de investigaci\u00f3n espa\u00f1olas e internacionales, ha publicado con la editorial Springer-Nature el libro<strong> \u2018Coenzima Q y envejecimiento\u2019, una obra que revisa, en cuatro secciones, diferentes aspectos de la actividad del coenzima Q<sub>10<\/sub> en la actividad del organismo y en el proceso de envejecimiento, as\u00ed como su influencia en la progresi\u00f3n de las m\u00faltiples enfermedades asociadas a \u00e9ste<\/strong>.<\/p>\n<blockquote><p>\u00abEsperamos, en un futuro no muy lejano, poder dise\u00f1ar terapias que eviten el descenso de sus niveles con la edad y con algunas patolog\u00edas\u00bb<\/p><\/blockquote>\n<p>El coenzima Q<sub>10<\/sub>, conocido por su actividad antioxidante y utilizado principalmente en cosm\u00e9tica y en suplementos diet\u00e9ticos, es una <strong>mol\u00e9cula imprescindible para la vida por su importancia en la generaci\u00f3n de energ\u00eda y en la protecci\u00f3n antioxidante en los \u00f3rganos y en el colesterol de la sangre<\/strong>. \u201cEra necesario compilar en un libro los resultados m\u00e1s actuales sobre la importancia de esta mol\u00e9cula esencial para la capacidad energ\u00e9tica y antioxidante del organismo y su relaci\u00f3n con el envejecimiento, por eso nos embarcamos en este proyecto\u201d, indica el profesor L\u00f3pez- Lluch.<\/p>\n<figure id=\"attachment_30861518\" aria-describedby=\"caption-attachment-30861518\" style=\"width: 360px\" class=\"wp-caption alignright\"><a href=\"https:\/\/www.upo.es\/diario\/wp-content\/uploads\/2020\/07\/Guillermo-Lopez-Lluch-scaled.jpg\"><img loading=\"lazy\" decoding=\"async\" class=\"size-medium wp-image-30861518\" src=\"https:\/\/www.upo.es\/diario\/wp-content\/uploads\/2020\/07\/Guillermo-Lopez-Lluch-360x240.jpg\" alt=\"Guillermo L\u00f3pez-Lluch\" width=\"360\" height=\"240\" srcset=\"https:\/\/www.upo.es\/diario\/wp-content\/uploads\/2020\/07\/Guillermo-Lopez-Lluch-360x240.jpg 360w, https:\/\/www.upo.es\/diario\/wp-content\/uploads\/2020\/07\/Guillermo-Lopez-Lluch-750x500.jpg 750w, https:\/\/www.upo.es\/diario\/wp-content\/uploads\/2020\/07\/Guillermo-Lopez-Lluch-768x512.jpg 768w, https:\/\/www.upo.es\/diario\/wp-content\/uploads\/2020\/07\/Guillermo-Lopez-Lluch-600x400.jpg 600w, https:\/\/www.upo.es\/diario\/wp-content\/uploads\/2020\/07\/Guillermo-Lopez-Lluch-1536x1024.jpg 1536w, https:\/\/www.upo.es\/diario\/wp-content\/uploads\/2020\/07\/Guillermo-Lopez-Lluch-2048x1365.jpg 2048w\" sizes=\"auto, (max-width: 360px) 100vw, 360px\" \/><\/a><figcaption id=\"caption-attachment-30861518\" class=\"wp-caption-text\">Guillermo L\u00f3pez-Lluch<\/figcaption><\/figure>\n<p>El investigador subraya que desde hace mucho tiempo se conoce que la cantidad de coenzima Q<sub>10<\/sub> disminuye en los \u00f3rganos conforme avanza la edad. \u201cLa causa de este descenso es a\u00fan desconocida, pero los \u00faltimos estudios han demostrado su relevancia sobre la progresi\u00f3n del envejecimiento y de los m\u00faltiples desequilibrios y enfermedades que se asocian con la edad\u201d, resalta.<\/p>\n<p><strong>El libro est\u00e1 estructurado en cuatro secciones.<\/strong> La secci\u00f3n inicial compila una serie de cap\u00edtulos en los que se resaltan las diferentes funciones clave del Coenzima Q<sub>10<\/sub> y los mecanismos de regulaci\u00f3n de su s\u00edntesis recientemente descubiertos. Las siguientes repasan los diferentes modelos de organismos, desde las bacterias hasta los seres humanos, que se han utilizado para estudiar la estrecha relaci\u00f3n que existe entre esta mol\u00e9cula con la longevidad y el envejecimiento. Los descubrimientos en los organismos modelo permiten abordar la repercusi\u00f3n que el desequilibrio en los niveles de esta mol\u00e9cula produce sobre las enfermedades asociadas con la edad desde el s\u00edndrome metab\u00f3lico, la diabetes, la p\u00e9rdida de capacidad reproductiva o la p\u00e9rdida de capacidad f\u00edsica, cuestiones que se abordan en la tercera secci\u00f3n. \u201cUno de los cap\u00edtulos de esta parte aborda la importancia del coenzima Q<sub>10<\/sub> en la actividad del sistema inmunol\u00f3gico y su repercusi\u00f3n sobre la disfunci\u00f3n de este sistema durante la vejez, un aspecto muy importante especialmente en estos momentos donde este desequilibrio provoca una mayor severidad de la COVID-19 sobre las personas mayores\u201d, destaca el catedr\u00e1tico. La \u00faltima secci\u00f3n se centra en estudios encaminados a incrementar la s\u00edntesis de esta mol\u00e9cula en los \u00f3rganos o su suplementaci\u00f3n y su repercusi\u00f3n sobre la salud de las personas mayores.<\/p>\n<p>Como explica el profesor, <strong>los estudios realizados hasta el momento indican que la suplementaci\u00f3n con esta mol\u00e9cula esencial mejora sustancialmente m\u00faltiples aspectos asociados con el envejecimiento<\/strong>. \u201cEsperamos, en un futuro no muy lejano, poder dise\u00f1ar terapias que eviten el descenso de sus niveles con la edad y con algunas patolog\u00edas, ralentizando, de esta manera, el deterioro general asociado con el envejecimiento. Esta obra nace con el objetivo de ser actualizada en ediciones futuras de manera que podamos entender mucho mejor la importancia de esta mol\u00e9cula para nuestra salud y nuestra capacidad f\u00edsica durante los \u00faltimos a\u00f1os de nuestra vida\u201d, a\u00f1ade.<\/p>\n<p>Guillermo L\u00f3pez Lluch (editor). <em><strong>Coenzyme Q in aging<\/strong>. <\/em>Springer-Nature. ISBN: 978-3-030-45641-2.<br \/>\n<a href=\"https:\/\/www.springer.com\/gp\/book\/9783030456412#aboutBook\">https:\/\/www.springer.com\/gp\/book\/9783030456412#aboutBook<\/a><\/p>\n<p>&nbsp;<\/p>\n","protected":false},"excerpt":{"rendered":"<p>El profesor Guillermo L\u00f3pez-Lluch, catedr\u00e1tico de la Universidad Pablo de Olavide e investigador del Centro Andaluz de Biolog\u00eda del Desarrollo (CABD), en colaboraci\u00f3n con otros investigadores del CABD y de universidades y centros de investigaci\u00f3n espa\u00f1olas e internacionales, ha publicado con la editorial Springer-Nature el libro \u2018Coenzima Q y envejecimiento\u2019, una obra que revisa, en cuatro secciones, diferentes aspectos de la actividad del coenzima Q10 en la actividad del organismo y en el proceso de envejecimiento, as\u00ed como su influencia en la progresi\u00f3n de las m\u00faltiples enfermedades asociadas a \u00e9ste.<\/p>\n","protected":false},"author":6,"featured_media":30861517,"comment_status":"closed","ping_status":"open","sticky":false,"template":"","format":"standard","meta":{"_monsterinsights_skip_tracking":false,"_monsterinsights_sitenote_active":false,"_monsterinsights_sitenote_note":"","_monsterinsights_sitenote_category":0,"footnotes":""},"categories":[3],"tags":[4996,43,6437,2635,271,1943,56,333,218],"class_list":["post-30861516","post","type-post","status-publish","format-standard","has-post-thumbnail","hentry","category-ciencia","tag-biologia-celular","tag-cabd","tag-carlos-santos-ocana","tag-coenzima-q10","tag-envejecimiento","tag-guillermo-lopez-lluch","tag-investigacion","tag-libro","tag-salud"],"_links":{"self":[{"href":"https:\/\/www.upo.es\/diario\/wp-json\/wp\/v2\/posts\/30861516","targetHints":{"allow":["GET"]}}],"collection":[{"href":"https:\/\/www.upo.es\/diario\/wp-json\/wp\/v2\/posts"}],"about":[{"href":"https:\/\/www.upo.es\/diario\/wp-json\/wp\/v2\/types\/post"}],"author":[{"embeddable":true,"href":"https:\/\/www.upo.es\/diario\/wp-json\/wp\/v2\/users\/6"}],"replies":[{"embeddable":true,"href":"https:\/\/www.upo.es\/diario\/wp-json\/wp\/v2\/comments?post=30861516"}],"version-history":[{"count":6,"href":"https:\/\/www.upo.es\/diario\/wp-json\/wp\/v2\/posts\/30861516\/revisions"}],"predecessor-version":[{"id":30861534,"href":"https:\/\/www.upo.es\/diario\/wp-json\/wp\/v2\/posts\/30861516\/revisions\/30861534"}],"wp:featuredmedia":[{"embeddable":true,"href":"https:\/\/www.upo.es\/diario\/wp-json\/wp\/v2\/media\/30861517"}],"wp:attachment":[{"href":"https:\/\/www.upo.es\/diario\/wp-json\/wp\/v2\/media?parent=30861516"}],"wp:term":[{"taxonomy":"category","embeddable":true,"href":"https:\/\/www.upo.es\/diario\/wp-json\/wp\/v2\/categories?post=30861516"},{"taxonomy":"post_tag","embeddable":true,"href":"https:\/\/www.upo.es\/diario\/wp-json\/wp\/v2\/tags?post=30861516"}],"curies":[{"name":"wp","href":"https:\/\/api.w.org\/{rel}","templated":true}]}}