{"id":30861545,"date":"2020-07-28T14:02:07","date_gmt":"2020-07-28T12:02:07","guid":{"rendered":"https:\/\/www.upo.es\/diario\/?p=30861545"},"modified":"2020-07-28T15:44:02","modified_gmt":"2020-07-28T13:44:02","slug":"dos-nuevas-publicaciones-proyecto-cultural-enredars","status":"publish","type":"post","link":"https:\/\/www.upo.es\/diario\/docencia-formacion\/2020\/07\/dos-nuevas-publicaciones-proyecto-cultural-enredars\/","title":{"rendered":"Dos nuevas publicaciones se incorporan al proyecto cultural Enredars de la UPO"},"content":{"rendered":"<p>El proyecto cultural Enredars, impulsado por profesores del \u00c1rea de Historia del Arte de la Universidad Pablo de Olavide, incorpora en su cat\u00e1logo dos nuevas publicaciones, <strong><em>La<\/em> <em>negritud y su po\u00e9tica. Pr\u00e1cticas art\u00edsticas y miradas cr\u00edticas contempor\u00e1neas en Latinoam\u00e9rica <\/em><\/strong>y <em><strong>Do\u00f1ana y su entorno como zona patrimonial<\/strong><\/em>, dos obras que tratan de \u201cconectar con la realidad cultural cercana, preocup\u00e1ndose por cuestiones que incluso se desplazan a los bordes de la misma, a pesar de su importancia\u201d, explica <strong>Fernando Quiles<\/strong>, responsable de esta editorial de la UPO. <strong>Enredars cuenta con una treintena de t\u00edtulos e inaugura con el libro sobre Do\u00f1ana una quinta colecci\u00f3n: \u2018Visibilia. Patrimonio cultural andaluz\u2019.<\/strong><\/p>\n<p>\u201cHa pasado un lustro desde que publicamos el primero de nuestros libros. En todo el tiempo transcurrido hemos estado dando forma al que todav\u00eda hoy consideramos proyecto editorial. En los \u00faltimos meses alumbramos un libro sobre migraci\u00f3n y patrimonio cultural y otro sobre la cultura paliativa. Hoy hacemos p\u00fablico un \u00faltimo abordaje comprometido, el de la negritud, un libro que ve la luz junto a otro con el que iniciamos nuestra quinta colecci\u00f3n, dedicada al patrimonio cultural y natural andaluz, una obra centrado en Do\u00f1ana y su entorno\u201d, explican desde Enredars.<\/p>\n<h3><strong><em>La negritud y su po\u00e9tica<\/em><\/strong><strong>, un an\u00e1lisis cr\u00edtico que reivindica un legado cultural invisibilizado<\/strong><\/h3>\n<p><a href=\"https:\/\/www.upo.es\/diario\/wp-content\/uploads\/2020\/07\/la-negritud-y-su-poetica.jpg\"><img loading=\"lazy\" decoding=\"async\" class=\"alignright size-medium wp-image-30861547\" src=\"https:\/\/www.upo.es\/diario\/wp-content\/uploads\/2020\/07\/la-negritud-y-su-poetica-288x360.jpg\" alt=\"\" width=\"288\" height=\"360\" srcset=\"https:\/\/www.upo.es\/diario\/wp-content\/uploads\/2020\/07\/la-negritud-y-su-poetica-288x360.jpg 288w, https:\/\/www.upo.es\/diario\/wp-content\/uploads\/2020\/07\/la-negritud-y-su-poetica-600x750.jpg 600w, https:\/\/www.upo.es\/diario\/wp-content\/uploads\/2020\/07\/la-negritud-y-su-poetica-768x960.jpg 768w, https:\/\/www.upo.es\/diario\/wp-content\/uploads\/2020\/07\/la-negritud-y-su-poetica.jpg 1200w\" sizes=\"auto, (max-width: 288px) 100vw, 288px\" \/><\/a>El libro <em>La negritud y su po\u00e9tica. Pr\u00e1cticas art\u00edsticas y miradas cr\u00edticas contempor\u00e1neas en Latinoam\u00e9rica y Espa\u00f1a<\/em> es un elocuente an\u00e1lisis cr\u00edtico del legado cultural y est\u00e9tico de los afrodescendientes en el acontecer hist\u00f3rico de Am\u00e9rica Latina y Espa\u00f1a. La obra consiste en una<strong> selecci\u00f3n de art\u00edculos editada por la profesora de la UPO Andrea D\u00edaz Mattei<\/strong> y publicada por Publicaciones Enredars junto con la productora cultural uruguaya BMR.<\/p>\n<p>Sus art\u00edculos abordan la (in)visibilizaci\u00f3n de la negritud en las pr\u00e1cticas art\u00edsticas contempor\u00e1neas con el objetivo de desentramar los efectos del pasado que a\u00fan sobreviven en la actualidad del campo est\u00e9tico. Responden a la constataci\u00f3n del olvido y ausencia de las huellas negras en los discursos dominantes, en los \u00e1mbitos del conocimiento, la cultura y el arte en la mayor\u00eda de pa\u00edses iberoamericanos \u2013en relaci\u00f3n con sus hom\u00f3logos franc\u00f3fonos o angloparlantes.<\/p>\n<p><em>La negritud y su po\u00e9tica <\/em>es una lectura de referencia en el contexto social y pol\u00edtico actual, ya que, desde una perspectiva multidisciplinar, enlaza las pr\u00e1cticas art\u00edsticas con el legado hist\u00f3rico de la negritud en su paso por diferentes geograf\u00edas y \u00e9pocas, abordando tambi\u00e9n los procesos de construcci\u00f3n identitaria, teor\u00edas cr\u00edticas, feminismos y activismos. Asimismo, transita de la teor\u00eda a la acci\u00f3n en forma de recorridos y rutas culturales por ciudades tales como Barcelona o Sevilla. De esta manera, el libro contribuye a la activaci\u00f3n de la memoria hist\u00f3rica y el legado cultural de la negritud, en el reconocimiento de la diversidad como horizonte hacia el que avanzar.<\/p>\n<h3><strong><em>Do\u00f1ana y su entorno como zona patrimonial<\/em><\/strong><strong>, nuevas miradas hacia este espacio natural<\/strong><\/h3>\n<p><a href=\"https:\/\/www.upo.es\/diario\/wp-content\/uploads\/2020\/07\/donana-entorno-patrimonial-scaled.jpg\"><img loading=\"lazy\" decoding=\"async\" class=\"alignright size-medium wp-image-30861548\" src=\"https:\/\/www.upo.es\/diario\/wp-content\/uploads\/2020\/07\/donana-entorno-patrimonial-282x360.jpg\" alt=\"\" width=\"282\" height=\"360\" srcset=\"https:\/\/www.upo.es\/diario\/wp-content\/uploads\/2020\/07\/donana-entorno-patrimonial-282x360.jpg 282w, https:\/\/www.upo.es\/diario\/wp-content\/uploads\/2020\/07\/donana-entorno-patrimonial-588x750.jpg 588w, https:\/\/www.upo.es\/diario\/wp-content\/uploads\/2020\/07\/donana-entorno-patrimonial-768x980.jpg 768w, https:\/\/www.upo.es\/diario\/wp-content\/uploads\/2020\/07\/donana-entorno-patrimonial-600x766.jpg 600w, https:\/\/www.upo.es\/diario\/wp-content\/uploads\/2020\/07\/donana-entorno-patrimonial-1203x1536.jpg 1203w, https:\/\/www.upo.es\/diario\/wp-content\/uploads\/2020\/07\/donana-entorno-patrimonial-1604x2048.jpg 1604w, https:\/\/www.upo.es\/diario\/wp-content\/uploads\/2020\/07\/donana-entorno-patrimonial-1320x1685.jpg 1320w, https:\/\/www.upo.es\/diario\/wp-content\/uploads\/2020\/07\/donana-entorno-patrimonial-scaled.jpg 2005w\" sizes=\"auto, (max-width: 282px) 100vw, 282px\" \/><\/a>Por otro lado, la obra, <em>Do\u00f1ana y su entorno como zona patrimonial<\/em> tiene como principal objetivo<strong> aglutinar en un mismo espacio monogr\u00e1fico toda una serie de nuevas visiones sobre el espacio natural de Do\u00f1ana<\/strong>. As\u00ed, con la idea de sacar a relucir el patrimonio cultural que all\u00ed se alberga, una serie de prestigiosos especialistas en patrimonio, arte, territorio, antropolog\u00eda y otras disciplinas, abordan una infinidad de recursos patrimoniales de muy diferente \u00edndole, procedencia y tiempo. Se trata, por lo tanto, de un texto multidisciplinar mediante el que se pretende desentra\u00f1ar los entresijos de la vertiente cultural del rico patrimonio de Do\u00f1ana para mostrarlo junto a los territorios que lo circundan, siendo la aldea de El Roc\u00edo el punto de encuentro entre ellos.<\/p>\n<p>La riqueza tanto del espacio natural como de su entorno est\u00e1 provista de un rico patrimonio arquitect\u00f3nico y art\u00edstico caracterizado, sobre todo, por el barroco propio de la segunda mitad del siglo XVIII, el cual materializa una est\u00e9tica que la poblaci\u00f3n ha adoptado como propia e identitaria. Otros patrimonios, como el vitivin\u00edcola, el paisaj\u00edstico, el arqueol\u00f3gico o el etnogr\u00e1fico son tambi\u00e9n protagonistas de este conglomerado cultural que se acumula en la zona y que, abriendo un debate en torno a la novedosa figura de protecci\u00f3n \u2018zona patrimonial\u2019, le aportan una riqueza muy singular.<\/p>\n<p>Por lo tanto, <em>Do\u00f1ana y su entorno como zona patrimonial<\/em> pone sobre la mesa una reflexi\u00f3n acerca de nuevas ideas sobre c\u00f3mo acometer procesos de protecci\u00f3n patrimonial, llevando estos a su m\u00e1ximo exponente bajo el recurso de la \u2018zona patrimonial\u2019. Adem\u00e1s, aporta trabajos que, junto a otros de car\u00e1cter legislativo y metodol\u00f3gico, justifican precisamente el valor territorial de todo el espacio tratado, abordando las grandes y m\u00faltiples riquezas culturales de este rico aunque finito lugar.<\/p>\n<p>M\u00e1s informaci\u00f3n: <u><a href=\"https:\/\/www.upo.es\/investiga\/enredars\/\">www.upo.es\/investiga\/enredars\/<\/a><\/u><\/p>\n","protected":false},"excerpt":{"rendered":"<p>El proyecto cultural Enredars, impulsado por profesores del \u00c1rea de Historia del Arte de la Universidad Pablo de Olavide, incorpora en su cat\u00e1logo dos nuevas publicaciones, La negritud y su po\u00e9tica. Pr\u00e1cticas art\u00edsticas y miradas cr\u00edticas contempor\u00e1neas en Latinoam\u00e9rica y Do\u00f1ana y su entorno como zona patrimonial, dos obras que tratan de \u201cconectar con la realidad cultural cercana, preocup\u00e1ndose por cuestiones que incluso se desplazan a los bordes de la misma, a pesar de su importancia\u201d, explica Fernando Quiles, responsable de esta editorial de la UPO. <\/p>\n","protected":false},"author":6,"featured_media":30861547,"comment_status":"closed","ping_status":"open","sticky":false,"template":"","format":"standard","meta":{"_monsterinsights_skip_tracking":false,"_monsterinsights_sitenote_active":false,"_monsterinsights_sitenote_note":"","_monsterinsights_sitenote_category":0,"footnotes":""},"categories":[2779],"tags":[4039,2752,5835,1161,2559],"class_list":["post-30861545","post","type-post","status-publish","format-standard","has-post-thumbnail","hentry","category-docencia-formacion","tag-enredars","tag-fernando-quiles","tag-libros","tag-patrimonio-cultural","tag-patrimonio-historico"],"_links":{"self":[{"href":"https:\/\/www.upo.es\/diario\/wp-json\/wp\/v2\/posts\/30861545","targetHints":{"allow":["GET"]}}],"collection":[{"href":"https:\/\/www.upo.es\/diario\/wp-json\/wp\/v2\/posts"}],"about":[{"href":"https:\/\/www.upo.es\/diario\/wp-json\/wp\/v2\/types\/post"}],"author":[{"embeddable":true,"href":"https:\/\/www.upo.es\/diario\/wp-json\/wp\/v2\/users\/6"}],"replies":[{"embeddable":true,"href":"https:\/\/www.upo.es\/diario\/wp-json\/wp\/v2\/comments?post=30861545"}],"version-history":[{"count":6,"href":"https:\/\/www.upo.es\/diario\/wp-json\/wp\/v2\/posts\/30861545\/revisions"}],"predecessor-version":[{"id":30861554,"href":"https:\/\/www.upo.es\/diario\/wp-json\/wp\/v2\/posts\/30861545\/revisions\/30861554"}],"wp:featuredmedia":[{"embeddable":true,"href":"https:\/\/www.upo.es\/diario\/wp-json\/wp\/v2\/media\/30861547"}],"wp:attachment":[{"href":"https:\/\/www.upo.es\/diario\/wp-json\/wp\/v2\/media?parent=30861545"}],"wp:term":[{"taxonomy":"category","embeddable":true,"href":"https:\/\/www.upo.es\/diario\/wp-json\/wp\/v2\/categories?post=30861545"},{"taxonomy":"post_tag","embeddable":true,"href":"https:\/\/www.upo.es\/diario\/wp-json\/wp\/v2\/tags?post=30861545"}],"curies":[{"name":"wp","href":"https:\/\/api.w.org\/{rel}","templated":true}]}}