{"id":30861644,"date":"2020-09-14T09:05:19","date_gmt":"2020-09-14T07:05:19","guid":{"rendered":"https:\/\/www.upo.es\/diario\/?p=30861644"},"modified":"2020-09-18T09:53:43","modified_gmt":"2020-09-18T07:53:43","slug":"hoy-comienza-el-congreso-virtual-de-buenas-practicas-en-educacion-fisica","status":"publish","type":"post","link":"https:\/\/www.upo.es\/diario\/docencia-formacion\/2020\/09\/hoy-comienza-el-congreso-virtual-de-buenas-practicas-en-educacion-fisica\/","title":{"rendered":"Hoy comienza el Congreso virtual de buenas pr\u00e1cticas en Educaci\u00f3n F\u00edsica"},"content":{"rendered":"<p>Hoy <strong>lunes 14 de septiembre<\/strong> <strong>arranca el Congreso de &#8216;Buenas Pr\u00e1cticas en Educaci\u00f3n F\u00edsica&#8217;<\/strong>, <strong>un evento virtual,<\/strong> organizado por el profesor de la Universidad Pablo de Olavide <strong>Francisco Javier V\u00e1zquez Ramos<\/strong>, que re\u00fane a 28 profesionales del sector tanto a nivel nacional como internacional, entre los que se encuentra<strong> Julio Herrador S\u00e1nchez<\/strong>, tambi\u00e9n profesor de la UPO .<\/p>\n<p><img loading=\"lazy\" decoding=\"async\" class=\"alignright size-medium wp-image-30861645\" src=\"https:\/\/www.upo.es\/diario\/wp-content\/uploads\/2020\/09\/Cartel-grande-congreso-BP-2020-5-360x203.jpeg\" alt=\"\" width=\"360\" height=\"203\" srcset=\"https:\/\/www.upo.es\/diario\/wp-content\/uploads\/2020\/09\/Cartel-grande-congreso-BP-2020-5-360x203.jpeg 360w, https:\/\/www.upo.es\/diario\/wp-content\/uploads\/2020\/09\/Cartel-grande-congreso-BP-2020-5-750x422.jpeg 750w, https:\/\/www.upo.es\/diario\/wp-content\/uploads\/2020\/09\/Cartel-grande-congreso-BP-2020-5-768x432.jpeg 768w, https:\/\/www.upo.es\/diario\/wp-content\/uploads\/2020\/09\/Cartel-grande-congreso-BP-2020-5-600x338.jpeg 600w, https:\/\/www.upo.es\/diario\/wp-content\/uploads\/2020\/09\/Cartel-grande-congreso-BP-2020-5-1536x864.jpeg 1536w, https:\/\/www.upo.es\/diario\/wp-content\/uploads\/2020\/09\/Cartel-grande-congreso-BP-2020-5-1320x743.jpeg 1320w, https:\/\/www.upo.es\/diario\/wp-content\/uploads\/2020\/09\/Cartel-grande-congreso-BP-2020-5.jpeg 1920w\" sizes=\"auto, (max-width: 360px) 100vw, 360px\" \/>El congreso, que <strong>se celebrar\u00e1 hasta el 17 de septiembre<\/strong>, est\u00e1 dirigido principalmente a docentes y futuros docentes en Educaci\u00f3n F\u00edsica y supone una oportunidad \u00fanica para incorporar buenas pr\u00e1cticas en los planteamientos did\u00e1cticos del profesorado que imparte esta materia.<\/p>\n<p>Se trata del primer congreso virtual especializado en buenas pr\u00e1cticas (nuevos deportes alternativos, atenci\u00f3n a la diversidad, gamificaci\u00f3n, actividades, estrategias pr\u00e1cticas&#8230;) dentro de la Educaci\u00f3n F\u00edsica, ofreciendo un banco de recursos clave para la pr\u00e1ctica docente.<\/p>\n<p><strong>M\u00e1s informaci\u00f3n: <\/strong><a href=\"https:\/\/efcongresos.com\/\">https:\/\/efcongresos.com<\/a><\/p>\n<p><strong>\u00a0<\/strong><\/p>\n<p data-css=\"tve-u-15f2fb31f82\"><span data-css=\"tve-u-15fb5a5e402\">\u00a0<\/span><\/p>\n","protected":false},"excerpt":{"rendered":"<p>Hoy lunes 14 de septiembre arranca el Congreso de &#8216;Buenas Pr\u00e1cticas en Educaci\u00f3n F\u00edsica&#8217;, un evento virtual, organizado por el profesor de la Universidad Pablo de Olavide Francisco Javier V\u00e1zquez Ramos, que re\u00fane a 28 profesionales del sector tanto a nivel nacional como internacional, entre los que se encuentra Julio Herrador S\u00e1nchez, tambi\u00e9n profesor de la UPO .<\/p>\n","protected":false},"author":15,"featured_media":30861645,"comment_status":"closed","ping_status":"open","sticky":false,"template":"","format":"standard","meta":{"_monsterinsights_skip_tracking":false,"_monsterinsights_sitenote_active":false,"_monsterinsights_sitenote_note":"","_monsterinsights_sitenote_category":0,"footnotes":""},"categories":[2779],"tags":[5376,1990,354,1937,6887,6888,6739],"class_list":["post-30861644","post","type-post","status-publish","format-standard","has-post-thumbnail","hentry","category-docencia-formacion","tag-buenas-practicas","tag-ciencias-del-deporte","tag-congreso","tag-educacion-fisica","tag-francisco-javier-vazquez","tag-julio-herrador","tag-virtual"],"_links":{"self":[{"href":"https:\/\/www.upo.es\/diario\/wp-json\/wp\/v2\/posts\/30861644","targetHints":{"allow":["GET"]}}],"collection":[{"href":"https:\/\/www.upo.es\/diario\/wp-json\/wp\/v2\/posts"}],"about":[{"href":"https:\/\/www.upo.es\/diario\/wp-json\/wp\/v2\/types\/post"}],"author":[{"embeddable":true,"href":"https:\/\/www.upo.es\/diario\/wp-json\/wp\/v2\/users\/15"}],"replies":[{"embeddable":true,"href":"https:\/\/www.upo.es\/diario\/wp-json\/wp\/v2\/comments?post=30861644"}],"version-history":[{"count":5,"href":"https:\/\/www.upo.es\/diario\/wp-json\/wp\/v2\/posts\/30861644\/revisions"}],"predecessor-version":[{"id":30861650,"href":"https:\/\/www.upo.es\/diario\/wp-json\/wp\/v2\/posts\/30861644\/revisions\/30861650"}],"wp:featuredmedia":[{"embeddable":true,"href":"https:\/\/www.upo.es\/diario\/wp-json\/wp\/v2\/media\/30861645"}],"wp:attachment":[{"href":"https:\/\/www.upo.es\/diario\/wp-json\/wp\/v2\/media?parent=30861644"}],"wp:term":[{"taxonomy":"category","embeddable":true,"href":"https:\/\/www.upo.es\/diario\/wp-json\/wp\/v2\/categories?post=30861644"},{"taxonomy":"post_tag","embeddable":true,"href":"https:\/\/www.upo.es\/diario\/wp-json\/wp\/v2\/tags?post=30861644"}],"curies":[{"name":"wp","href":"https:\/\/api.w.org\/{rel}","templated":true}]}}