{"id":30861684,"date":"2020-09-18T09:48:26","date_gmt":"2020-09-18T07:48:26","guid":{"rendered":"https:\/\/www.upo.es\/diario\/?p=30861684"},"modified":"2020-09-18T16:57:22","modified_gmt":"2020-09-18T14:57:22","slug":"aula-abierta-mayores-clausura-curso-2019-2020","status":"publish","type":"post","link":"https:\/\/www.upo.es\/diario\/comunidad\/2020\/09\/aula-abierta-mayores-clausura-curso-2019-2020\/","title":{"rendered":"El Aula Abierta de Mayores de la UPO celebra desde esta semana la clausura del curso 2019\/2020"},"content":{"rendered":"<figure id=\"attachment_30861686\" aria-describedby=\"caption-attachment-30861686\" style=\"width: 410px\" class=\"wp-caption alignright\"><a href=\"https:\/\/www.upo.es\/diario\/wp-content\/uploads\/2020\/09\/IMG-20200915-WA0021.jpg\"><img loading=\"lazy\" decoding=\"async\" class=\"wp-image-30861686\" src=\"https:\/\/www.upo.es\/diario\/wp-content\/uploads\/2020\/09\/IMG-20200915-WA0021-360x270.jpg\" alt=\"Acto de clausura del Aula de Mayores en Gilena\" width=\"410\" height=\"308\" srcset=\"https:\/\/www.upo.es\/diario\/wp-content\/uploads\/2020\/09\/IMG-20200915-WA0021-360x270.jpg 360w, https:\/\/www.upo.es\/diario\/wp-content\/uploads\/2020\/09\/IMG-20200915-WA0021-750x563.jpg 750w, https:\/\/www.upo.es\/diario\/wp-content\/uploads\/2020\/09\/IMG-20200915-WA0021-768x576.jpg 768w, https:\/\/www.upo.es\/diario\/wp-content\/uploads\/2020\/09\/IMG-20200915-WA0021-600x450.jpg 600w, https:\/\/www.upo.es\/diario\/wp-content\/uploads\/2020\/09\/IMG-20200915-WA0021-1536x1152.jpg 1536w, https:\/\/www.upo.es\/diario\/wp-content\/uploads\/2020\/09\/IMG-20200915-WA0021-1320x990.jpg 1320w, https:\/\/www.upo.es\/diario\/wp-content\/uploads\/2020\/09\/IMG-20200915-WA0021.jpg 2048w\" sizes=\"auto, (max-width: 410px) 100vw, 410px\" \/><\/a><figcaption id=\"caption-attachment-30861686\" class=\"wp-caption-text\">Clausura del curso 2019\/2020 en Gilena<\/figcaption><\/figure>\n<p>La clausura del curso 2019\/2020 del programa universitario <a href=\"https:\/\/www.upo.es\/aula-mayores\">Aula Abierta de Mayores de la Universidad Pablo de Olavide<\/a> tendr\u00e1 lugar en los municipios en los que este programa de formaci\u00f3n tiene sede, en lugar de en el campus de la UPO como ha sido habitualmente en a\u00f1os anteriores. De esta forma, desde esta semana y hasta el pr\u00f3ximo 9 de octubre, se celebrar\u00e1n ocho actos de clausura en espacios cedidos por los ayuntamientos, que cumplen con las garant\u00edas sanitarias que permitan el desarrollo de eventos presenciales.<\/p>\n<p>As\u00ed, el alumnado del Aula de Mayores de <strong>Gilena, Almensilla, Gerena, La Algaba, Pilas, Lebrija, Bollullos de la Mitaci\u00f3n y de Las Cabezas de San Juan<\/strong> celebrar\u00e1 sus actos de clausura presididos por representantes de la alcald\u00eda. En cada uno de ellos, profesorado de la Universidad Pablo de Olavide impartir\u00e1 una conferencia que pondr\u00e1 fin al curso 2019\/2020, que no pudo concluirse presencialmente debido a la pandemia y el estado de alarma. Los m\u00e1s de 1100 estudiantes de las 22 sedes municipales del programa para mayores de la UPO pudieron concluir su formaci\u00f3n gracias a los \u2018Cuadernos Virtuales\u2019, dise\u00f1ados por docentes que participan en el Aula.<\/p>\n<p>Elodia Hern\u00e1ndez, vicerrectora de Cultura y Compromiso Social de la Universidad Pablo de Olavide transmitir\u00e1 su mensaje de enhorabuena al alumnado a trav\u00e9s de un v\u00eddeo, especialmente a los estudiantes de Gilena, Gerena, Pilas y Lebrija, que concluyen su formaci\u00f3n y a los que se les har\u00e1 entrega de las becas y diplomas.<\/p>\n<p><strong>El Aula Abierta de Mayores de la UPO tiene previsto comenzar su actividad en el curso 2020\/2021 en noviembre, con una formaci\u00f3n que combinar\u00e1 las clases presenciales y la docencia <em>online<\/em><\/strong>, garantizando las medidas de prevenci\u00f3n frente a la COVID-19. El programa de formaci\u00f3n permanente para mayores de 50 a\u00f1os de la Universidad Pablo de Olavide cuenta con financiaci\u00f3n de la Diputaci\u00f3n de Sevilla, la Obra Social \u00abLa Caixa\u00bb y los Ayuntamientos en los que tiene sede.<\/p>\n<p><strong>\u00a0<\/strong><\/p>\n<p><strong>AULA ABIERTA DE MAYORES, CLAUSURA DEL CURSO 2019\/2020:<\/strong><\/p>\n<p><strong>15 de septiembre \u2013 18 h:<br \/>\n<\/strong>Sede del Aula Abierta de Mayores de <strong>Gilena. Museo de Gilena<\/strong>.<br \/>\nProf. Vicente P\u00e9rez Cano. Departamento de Educaci\u00f3n y Psicolog\u00eda Social.<\/p>\n<p><strong>17 de septiembre \u2013 19 h:<br \/>\n<\/strong>Sede del Aula Abierta de Mayores de <strong>Almensilla. Sal\u00f3n de Actos de la Casa de la Cultura<\/strong>.<br \/>\nProf. Rosa M\u00aa Rodr\u00edguez Izquierdo. Departamento de Educaci\u00f3n y Psicolog\u00eda Social.<\/p>\n<p><strong>22 de septiembre \u2013 18 h:<br \/>\n<\/strong>Sede del Aula Abierta de Mayores de <strong>Gerena. Auditorio del Centro C\u00edvico<\/strong>.<br \/>\nProf. Alberto del Campo Tejedor. Departamento de Antropolog\u00eda Social, Psicolog\u00eda B\u00e1sica y Salud P\u00fablica.<\/p>\n<p><strong>30 de septiembre \u2013 18 h:<br \/>\n<\/strong>Sede del Aula Abierta de Mayores de <strong>La Algaba<\/strong>.<br \/>\nProf. Evaristo Barrera Algar\u00edn. Departamento de Trabajo Social y Servicios Sociales.<\/p>\n<p><strong>1 de octubre \u2013 19 h:<\/strong><br \/>\nSede del Aula Abierta de Mayores de <strong>Pilas. Casa de la Cultura<\/strong>.<br \/>\nProf. Antonio Vela S\u00e1nchez. Departamento de Derecho Privado.<\/p>\n<p><strong>6 de octubre \u2013 17 h:<br \/>\n<\/strong>Sede del Aula Abierta de Mayores de <strong>Lebrija. Teatro Municipal Juan Bernab\u00e9.<br \/>\n<\/strong>Prof. Hanan Saleh Hussein. Departamento de Filolog\u00eda y Traducci\u00f3n.<\/p>\n<p><strong>7 de octubre \u2013 18 h:<br \/>\n<\/strong>Sede del Aula Abierta de Mayores de <strong>Bollullos de la Mitaci\u00f3n. Casa de la Cultura.<br \/>\n<\/strong>Prof. V\u00edctor \u00c1lvarez Tallada. Departamento de Biolog\u00eda Molecular e Ingenier\u00eda Bioqu\u00edmica.<\/p>\n<p><strong>9 de octubre \u2013 18 h:<\/strong><br \/>\nSede del Aula Abierta de Mayores de <strong>Las Cabezas de San Juan. Biblioteca Municipal.<br \/>\n<\/strong>Prof. Juan Marchena Fern\u00e1ndez. Departamento de Geograf\u00eda, Historia y Filosof\u00eda.<\/p>\n<p>&nbsp;<\/p>\n","protected":false},"excerpt":{"rendered":"<p>La clausura del curso 2019\/2020 del programa universitario Aula Abierta de Mayores de la Universidad Pablo de Olavide tendr\u00e1 lugar en los municipios en los que este programa de formaci\u00f3n tiene sede, en lugar de en el campus de la UPO como ha sido habitualmente en a\u00f1os anteriores. De esta forma, desde esta semana y hasta el pr\u00f3ximo 9 de octubre, se celebrar\u00e1n ocho actos de clausura en espacios cedidos por los ayuntamientos, que cumplen con las garant\u00edas sanitarias que permitan el desarrollo de eventos presenciales.<\/p>\n","protected":false},"author":6,"featured_media":30861686,"comment_status":"closed","ping_status":"open","sticky":false,"template":"","format":"standard","meta":{"_monsterinsights_skip_tracking":false,"_monsterinsights_sitenote_active":false,"_monsterinsights_sitenote_note":"","_monsterinsights_sitenote_category":0,"footnotes":""},"categories":[5842],"tags":[52,6601,5667,161],"class_list":["post-30861684","post","type-post","status-publish","format-standard","has-post-thumbnail","hentry","category-comunidad","tag-aula-abierta-de-mayores","tag-covid-19","tag-curso-20192020","tag-sevilla"],"_links":{"self":[{"href":"https:\/\/www.upo.es\/diario\/wp-json\/wp\/v2\/posts\/30861684","targetHints":{"allow":["GET"]}}],"collection":[{"href":"https:\/\/www.upo.es\/diario\/wp-json\/wp\/v2\/posts"}],"about":[{"href":"https:\/\/www.upo.es\/diario\/wp-json\/wp\/v2\/types\/post"}],"author":[{"embeddable":true,"href":"https:\/\/www.upo.es\/diario\/wp-json\/wp\/v2\/users\/6"}],"replies":[{"embeddable":true,"href":"https:\/\/www.upo.es\/diario\/wp-json\/wp\/v2\/comments?post=30861684"}],"version-history":[{"count":2,"href":"https:\/\/www.upo.es\/diario\/wp-json\/wp\/v2\/posts\/30861684\/revisions"}],"predecessor-version":[{"id":30861687,"href":"https:\/\/www.upo.es\/diario\/wp-json\/wp\/v2\/posts\/30861684\/revisions\/30861687"}],"wp:featuredmedia":[{"embeddable":true,"href":"https:\/\/www.upo.es\/diario\/wp-json\/wp\/v2\/media\/30861686"}],"wp:attachment":[{"href":"https:\/\/www.upo.es\/diario\/wp-json\/wp\/v2\/media?parent=30861684"}],"wp:term":[{"taxonomy":"category","embeddable":true,"href":"https:\/\/www.upo.es\/diario\/wp-json\/wp\/v2\/categories?post=30861684"},{"taxonomy":"post_tag","embeddable":true,"href":"https:\/\/www.upo.es\/diario\/wp-json\/wp\/v2\/tags?post=30861684"}],"curies":[{"name":"wp","href":"https:\/\/api.w.org\/{rel}","templated":true}]}}