{"id":30861706,"date":"2020-09-21T06:59:29","date_gmt":"2020-09-21T04:59:29","guid":{"rendered":"https:\/\/www.upo.es\/diario\/?p=30861706"},"modified":"2020-09-22T14:45:42","modified_gmt":"2020-09-22T12:45:42","slug":"la-universidad-pablo-de-olavide-comienza-el-curso-2020-2021-con-todas-las-garantias-contra-la-covid-19","status":"publish","type":"post","link":"https:\/\/www.upo.es\/diario\/institucional\/2020\/09\/la-universidad-pablo-de-olavide-comienza-el-curso-2020-2021-con-todas-las-garantias-contra-la-covid-19\/","title":{"rendered":"La Universidad Pablo de Olavide comienza el curso 2020\/2021 con todas las garant\u00edas contra la COVID-19"},"content":{"rendered":"<figure id=\"attachment_30861727\" aria-describedby=\"caption-attachment-30861727\" style=\"width: 750px\" class=\"wp-caption aligncenter\"><a href=\"https:\/\/www.upo.es\/diario\/wp-content\/uploads\/2020\/09\/Comienzo-clases-curso2020-21_1-scaled.jpg\"><img loading=\"lazy\" decoding=\"async\" class=\"wp-image-30861727 size-large\" src=\"https:\/\/www.upo.es\/diario\/wp-content\/uploads\/2020\/09\/Comienzo-clases-curso2020-21_1-750x422.jpg\" alt=\"\" width=\"750\" height=\"422\" srcset=\"https:\/\/www.upo.es\/diario\/wp-content\/uploads\/2020\/09\/Comienzo-clases-curso2020-21_1-750x422.jpg 750w, https:\/\/www.upo.es\/diario\/wp-content\/uploads\/2020\/09\/Comienzo-clases-curso2020-21_1-360x203.jpg 360w, https:\/\/www.upo.es\/diario\/wp-content\/uploads\/2020\/09\/Comienzo-clases-curso2020-21_1-768x432.jpg 768w, https:\/\/www.upo.es\/diario\/wp-content\/uploads\/2020\/09\/Comienzo-clases-curso2020-21_1-600x338.jpg 600w, https:\/\/www.upo.es\/diario\/wp-content\/uploads\/2020\/09\/Comienzo-clases-curso2020-21_1-1536x864.jpg 1536w, https:\/\/www.upo.es\/diario\/wp-content\/uploads\/2020\/09\/Comienzo-clases-curso2020-21_1-2048x1152.jpg 2048w\" sizes=\"auto, (max-width: 750px) 100vw, 750px\" \/><\/a><figcaption id=\"caption-attachment-30861727\" class=\"wp-caption-text\">El profesor Guillermo L\u00f3pez-Lluch imparte la primera clase de &#8216;Inmunolog\u00eda&#8217; del curso 2020\/2021<\/figcaption><\/figure>\n<p data-wp-editing=\"1\">La Universidad Pablo de Olavide, en cumplimiento estricto con los protocolos marcados por las autoridades sanitarias ante las circunstancias excepcionales provocadas por la pandemia, arranca hoy\u00a0 lunes 21 de septiembre el curso 2020\/2021 con todas las garant\u00edas contra la COVID-19. <strong>El modelo de ense\u00f1anza, tal y como fue definido en el mes de junio, ser\u00e1 multimodal, combinando de manera flexible clases presenciales, clases \u2018online\u2019 (sincr\u00f3nicas), ense\u00f1anza dual y actividades formativas no presenciales (asincr\u00f3nicas)<\/strong>.<\/p>\n<p>Vicente Guzm\u00e1n, rector de la Universidad Pablo de Olavide, ha transmitido un mensaje de tranquilidad ante el inicio del curso, afirmando que se han tomado todas las medidas sanitarias y acad\u00e9micas posibles para garantizar la seguridad de estudiantes, profesorado y personal de administraci\u00f3n. \u201cSi entre todos somos capaces de cumplir con las normas sanitarias de la manera m\u00e1s estricta, estoy convencido que minimizaremos los riesgos que conlleva la COVID-19 y podremos llevar adelante el curso con la mayor presencialidad posible\u201d, ha asegurado.<\/p>\n<p>Tanto el equipo de gobierno de la Universidad Pablo de Olavide como los responsables de las siete facultades que conforman la UPO han trabajado de manera muy intensa durante estos meses para adaptar el plan del curso a las directrices que marca la Junta de Andaluc\u00eda y el Gobierno de Espa\u00f1a, con objeto de garantizar las medidas sanitarias de protecci\u00f3n para la comunidad universitaria. As\u00ed, a partir del pr\u00f3ximo lunes los aproximadamente 10.000 estudiantes matriculados en la UPO iniciar\u00e1n o continuar\u00e1n sus estudios acad\u00e9micos en las diversas modalidades de ense\u00f1anza que se han dispuesto para ellos y con la garant\u00eda de afrontar un curso seguro.<\/p>\n<p><strong>Las medidas implementadas para este nuevo curso quedan recogidas en un plan de prevenci\u00f3n, aprobado por la Comisi\u00f3n COVID-19 de la Universidad y afectan a diferentes \u00e1reas de la instituci\u00f3n.<\/strong> Entre estas medidas destaca un plan espec\u00edfico de limpieza y desinfecci\u00f3n que contempla un aumento de 200 horas diarias de limpieza en el campus respecto al curso anterior, adem\u00e1s de un plan propio para aulas con equipamiento inform\u00e1tico o de laboratorio. La instalaci\u00f3n de se\u00f1al\u00e9tica para evitar aglomeraciones y de geles hidroalcoh\u00f3licos en todas las aulas, as\u00ed como la colocaci\u00f3n de mamparas en servicios de atenci\u00f3n al p\u00fablico o salas como la de la Biblioteca, son tambi\u00e9n algunas de las acciones llevadas a cabo durante este tiempo para cumplir con los protocolos establecidos, unas normas que est\u00e1n sujetas a cambios en virtud de la evoluci\u00f3n de la pandemia.<\/p>\n<p>Los horarios de clase han sido organizados con el objetivo de dispersar su inicio en distintas franjas horarias, tratando de evitar que el alumnado tenga que acudir al campus en las mismas horas y facilitando que, tanto la entrada como la salida del campus, puedan realizarse con seguridad.<\/p>\n<h3><strong>Tecnificaci\u00f3n de las aulas<\/strong><\/h3>\n<p>Asimismo, y para ofrecer un sistema de ense\u00f1anza multimodal se ha optado por la adaptaci\u00f3n de las aulas a la ense\u00f1anza virtual, teniendo como m\u00e1xima el respeto de la distancia social y velando por garantizar el acceso a los contenidos de todo el alumnado. As\u00ed, 121 aulas de la Universidad Pablo de Olavide se han dotado para poder realizar videoconferencias de manera sincr\u00f3nica y se ha reforzado, para las clases <em>online<\/em>, la plataforma <em>Blackboard<\/em>, con la que ya est\u00e1 familiarizada tanto el alumnado como el profesorado. Por otra parte, se habilitar\u00e1n salas para seguir de forma <em>online<\/em> las clases impartidas en la modalidad dual, a fin de que el alumnado no tenga que desplazarse a su domicilio y pueda compatibilizar esta formaci\u00f3n con la presencial en el campus.<\/p>\n<h3><strong>Personal de administraci\u00f3n y servicios<\/strong><\/h3>\n<p>El teletrabajo, las medidas para facilitar la distancia interpersonal, el rastreo de contactos estrechos ante posibles casos de COVID-19 as\u00ed como la organizaci\u00f3n de grupos de trabajo no coincidentes, son los ejes para garantizar la seguridad del personal de administraci\u00f3n de la Universidad. Al mismo tiempo, se ha tenido en cuenta la conciliaci\u00f3n ante posibles aislamientos que pueda sufrir el entorno familiar del PAS que tenga a su cargo menores de 12 a\u00f1os o familiares dependientes.<\/p>\n<p>Con la implementaci\u00f3n de estas medidas en un breve periodo de tiempo, la Universidad Pablo de Olavide vuelve a dar ejemplo de flexibilidad y adaptaci\u00f3n, comenzando el curso en las fechas previstas, sin necesidad de retrasar el calendario acad\u00e9mico aprobado para el curso 2020\/2021.<\/p>\n","protected":false},"excerpt":{"rendered":"<p>La Universidad Pablo de Olavide, en cumplimiento estricto con los protocolos marcados por las autoridades sanitarias ante las circunstancias excepcionales provocadas por la pandemia, arranca hoy\u00a0 lunes 21 de septiembre el curso 2020\/2021 con todas las garant\u00edas contra la COVID-19. El modelo de ense\u00f1anza, tal y como fue definido en el mes de junio, ser\u00e1 multimodal, combinando de manera flexible clases presenciales, clases \u2018online\u2019 (sincr\u00f3nicas), ense\u00f1anza dual y actividades formativas no presenciales (asincr\u00f3nicas).<\/p>\n","protected":false},"author":15,"featured_media":30861728,"comment_status":"closed","ping_status":"open","sticky":false,"template":"","format":"standard","meta":{"_monsterinsights_skip_tracking":false,"_monsterinsights_sitenote_active":false,"_monsterinsights_sitenote_note":"","_monsterinsights_sitenote_category":0,"footnotes":""},"categories":[6],"tags":[862,6601,6755,6896,6897,6895,5978,6898],"class_list":["post-30861706","post","type-post","status-publish","format-standard","has-post-thumbnail","hentry","category-institucional","tag-clases","tag-covid-19","tag-curso-2020-2021","tag-ensenanza-multimodal","tag-garantia","tag-inicio-curso","tag-protocolo","tag-tecnificacion-aulas"],"_links":{"self":[{"href":"https:\/\/www.upo.es\/diario\/wp-json\/wp\/v2\/posts\/30861706","targetHints":{"allow":["GET"]}}],"collection":[{"href":"https:\/\/www.upo.es\/diario\/wp-json\/wp\/v2\/posts"}],"about":[{"href":"https:\/\/www.upo.es\/diario\/wp-json\/wp\/v2\/types\/post"}],"author":[{"embeddable":true,"href":"https:\/\/www.upo.es\/diario\/wp-json\/wp\/v2\/users\/15"}],"replies":[{"embeddable":true,"href":"https:\/\/www.upo.es\/diario\/wp-json\/wp\/v2\/comments?post=30861706"}],"version-history":[{"count":5,"href":"https:\/\/www.upo.es\/diario\/wp-json\/wp\/v2\/posts\/30861706\/revisions"}],"predecessor-version":[{"id":30861729,"href":"https:\/\/www.upo.es\/diario\/wp-json\/wp\/v2\/posts\/30861706\/revisions\/30861729"}],"wp:featuredmedia":[{"embeddable":true,"href":"https:\/\/www.upo.es\/diario\/wp-json\/wp\/v2\/media\/30861728"}],"wp:attachment":[{"href":"https:\/\/www.upo.es\/diario\/wp-json\/wp\/v2\/media?parent=30861706"}],"wp:term":[{"taxonomy":"category","embeddable":true,"href":"https:\/\/www.upo.es\/diario\/wp-json\/wp\/v2\/categories?post=30861706"},{"taxonomy":"post_tag","embeddable":true,"href":"https:\/\/www.upo.es\/diario\/wp-json\/wp\/v2\/tags?post=30861706"}],"curies":[{"name":"wp","href":"https:\/\/api.w.org\/{rel}","templated":true}]}}