{"id":30861708,"date":"2020-09-18T15:23:23","date_gmt":"2020-09-18T13:23:23","guid":{"rendered":"https:\/\/www.upo.es\/diario\/?p=30861708"},"modified":"2020-09-18T16:56:40","modified_gmt":"2020-09-18T14:56:40","slug":"los-rectores-y-rectoras-de-las-universidades-publicas-andaluzas-piden-un-reparto-adecuado-de-los-fondos-covid","status":"publish","type":"post","link":"https:\/\/www.upo.es\/diario\/institucional\/2020\/09\/los-rectores-y-rectoras-de-las-universidades-publicas-andaluzas-piden-un-reparto-adecuado-de-los-fondos-covid\/","title":{"rendered":"Los rectores y rectoras de las universidades p\u00fablicas andaluzas piden un reparto adecuado de los fondos COVID"},"content":{"rendered":"<p><img loading=\"lazy\" decoding=\"async\" class=\"alignright size-medium wp-image-30861709\" src=\"https:\/\/www.upo.es\/diario\/wp-content\/uploads\/2020\/09\/AUPA-360x188.jpg\" alt=\"\" width=\"360\" height=\"188\" srcset=\"https:\/\/www.upo.es\/diario\/wp-content\/uploads\/2020\/09\/AUPA-360x188.jpg 360w, https:\/\/www.upo.es\/diario\/wp-content\/uploads\/2020\/09\/AUPA-750x392.jpg 750w, https:\/\/www.upo.es\/diario\/wp-content\/uploads\/2020\/09\/AUPA-768x401.jpg 768w, https:\/\/www.upo.es\/diario\/wp-content\/uploads\/2020\/09\/AUPA-600x314.jpg 600w, https:\/\/www.upo.es\/diario\/wp-content\/uploads\/2020\/09\/AUPA-1536x803.jpg 1536w, https:\/\/www.upo.es\/diario\/wp-content\/uploads\/2020\/09\/AUPA-1320x690.jpg 1320w, https:\/\/www.upo.es\/diario\/wp-content\/uploads\/2020\/09\/AUPA.jpg 1575w\" sizes=\"auto, (max-width: 360px) 100vw, 360px\" \/>Las universidades p\u00fablicas andaluzas, responsables de la formaci\u00f3n superior de m\u00e1s de 250.000 estudiantes y con un papel clave en el desarrollo econ\u00f3mico y social de Andaluc\u00eda, alertan del peligro que supondr\u00eda no recibir el fondo COVID destinado a la ense\u00f1anza superior, aprobado por el Gobierno Central, y gestionado por las comunidades aut\u00f3nomas. Consideramos que esta distribuci\u00f3n deber\u00eda realizarse con equidad, atendiendo al n\u00famero de estudiantes de titulaciones oficiales que las universidades andaluzas tienen. Este debe ser el criterio fundamental para atender a la comunidad universitaria, un criterio coherente con la reclamaci\u00f3n del presidente de la Junta de Andaluc\u00eda al Gobierno Central, basado en la poblaci\u00f3n de nuestra comunidad.<\/p>\n<p>Seg\u00fan fij\u00f3 el Gobierno de la naci\u00f3n el pasado mes de junio, se destinan 2.000 millones de euros a educaci\u00f3n, de los que 383.856.980 corresponde a Andaluc\u00eda, un 80% para la ense\u00f1anza no superior (m\u00e1s de 307 millones) y un 20% para la educaci\u00f3n superior (76.771.396 millones). Seg\u00fan los criterios dispuesto en el decreto ley que regula este fondo, este importe ir\u00eda destinado a atender las necesidades sobrevenidas por la actual situaci\u00f3n de crisis sanitaria y los cambios que \u00e9sta ha impuesto en nuestras universidades en relaci\u00f3n con las condiciones sanitarias.<\/p>\n<p>A fecha de hoy, el Gobierno de la Junta de Andaluc\u00eda, no ha establecido los criterios ni han hecho la distribuci\u00f3n de estos fondos, que deben ejecutarse antes de que finalice este a\u00f1o, a diferencia de lo ya realizado en otras Comunidades Aut\u00f3nomas. Las universidades p\u00fablicas andaluzas quieren dejar constancia de la apremiante necesidad de que dicho dinero se distribuya para atender las necesidades de digitalizaci\u00f3n, becas, infraestructuras, limpieza, etc., que se han afrontado en este periodo y que a\u00fan quedan por asumir en lo que resta de este a\u00f1o.<\/p>\n<p>No atender con estos recursos las necesidades referidas supondr\u00eda vulnerar la igualdad de oportunidades para nuestros estudiantes de educaci\u00f3n superior universitaria, que sufrir\u00edan este agravio comparativo, as\u00ed como una nueva agresi\u00f3n al sistema universitario p\u00fablico, que provocar\u00eda un deterioro irreparable en su estabilidad financiera, generando en consecuencia una grave amenaza para el avance y el progreso de la sociedad andaluza.<\/p>\n<p>Los rectores y rectoras de las universidades p\u00fablicas andaluzas reclaman, por ello, un reparto equilibrado y proporcionado de los fondos, y de acuerdo a los objetivos que esos fondos pretenden alcanzar.<\/p>\n","protected":false},"excerpt":{"rendered":"<p>Las universidades p\u00fablicas andaluzas, responsables de la formaci\u00f3n superior de m\u00e1s de 250.000 estudiantes y con un papel clave en el desarrollo econ\u00f3mico y social de Andaluc\u00eda, alertan del peligro que supondr\u00eda no recibir el fondo COVID destinado a la ense\u00f1anza superior, aprobado por el Gobierno Central, y gestionado por las comunidades aut\u00f3nomas. Consideramos que esta distribuci\u00f3n deber\u00eda realizarse con equidad, atendiendo al n\u00famero de estudiantes de titulaciones oficiales que las universidades andaluzas tienen. Este debe ser el criterio fundamental para atender a la comunidad universitaria, un criterio coherente con la reclamaci\u00f3n del presidente de la Junta de Andaluc\u00eda al Gobierno Central, basado en la poblaci\u00f3n de nuestra comunidad.<\/p>\n","protected":false},"author":15,"featured_media":30861709,"comment_status":"closed","ping_status":"open","sticky":false,"template":"","format":"standard","meta":{"_monsterinsights_skip_tracking":false,"_monsterinsights_sitenote_active":false,"_monsterinsights_sitenote_note":"","_monsterinsights_sitenote_category":0,"footnotes":""},"categories":[6],"tags":[2842,37,6901,6900,6899,3862],"class_list":["post-30861708","post","type-post","status-publish","format-standard","has-post-thumbnail","hentry","category-institucional","tag-aupa","tag-comunicado","tag-covid","tag-fondos","tag-reparto","tag-universidades-andaluzas"],"_links":{"self":[{"href":"https:\/\/www.upo.es\/diario\/wp-json\/wp\/v2\/posts\/30861708","targetHints":{"allow":["GET"]}}],"collection":[{"href":"https:\/\/www.upo.es\/diario\/wp-json\/wp\/v2\/posts"}],"about":[{"href":"https:\/\/www.upo.es\/diario\/wp-json\/wp\/v2\/types\/post"}],"author":[{"embeddable":true,"href":"https:\/\/www.upo.es\/diario\/wp-json\/wp\/v2\/users\/15"}],"replies":[{"embeddable":true,"href":"https:\/\/www.upo.es\/diario\/wp-json\/wp\/v2\/comments?post=30861708"}],"version-history":[{"count":2,"href":"https:\/\/www.upo.es\/diario\/wp-json\/wp\/v2\/posts\/30861708\/revisions"}],"predecessor-version":[{"id":30861711,"href":"https:\/\/www.upo.es\/diario\/wp-json\/wp\/v2\/posts\/30861708\/revisions\/30861711"}],"wp:featuredmedia":[{"embeddable":true,"href":"https:\/\/www.upo.es\/diario\/wp-json\/wp\/v2\/media\/30861709"}],"wp:attachment":[{"href":"https:\/\/www.upo.es\/diario\/wp-json\/wp\/v2\/media?parent=30861708"}],"wp:term":[{"taxonomy":"category","embeddable":true,"href":"https:\/\/www.upo.es\/diario\/wp-json\/wp\/v2\/categories?post=30861708"},{"taxonomy":"post_tag","embeddable":true,"href":"https:\/\/www.upo.es\/diario\/wp-json\/wp\/v2\/tags?post=30861708"}],"curies":[{"name":"wp","href":"https:\/\/api.w.org\/{rel}","templated":true}]}}