{"id":30861741,"date":"2020-09-22T14:34:57","date_gmt":"2020-09-22T12:34:57","guid":{"rendered":"https:\/\/www.upo.es\/diario\/?p=30861741"},"modified":"2020-09-22T14:34:57","modified_gmt":"2020-09-22T12:34:57","slug":"un-seminario-analiza-la-violencia-originada-por-diferencias-culturales-en-la-edad-moderna","status":"publish","type":"post","link":"https:\/\/www.upo.es\/diario\/docencia-formacion\/2020\/09\/un-seminario-analiza-la-violencia-originada-por-diferencias-culturales-en-la-edad-moderna\/","title":{"rendered":"Un seminario analiza la violencia originada por diferencias culturales en la edad moderna"},"content":{"rendered":"<p><img loading=\"lazy\" decoding=\"async\" class=\"aligncenter size-full wp-image-30861742\" src=\"https:\/\/www.upo.es\/diario\/wp-content\/uploads\/2020\/09\/Captura-de-pantalla-2020-09-17-a-las-15.58.18-730x340-1.png\" alt=\"\" width=\"730\" height=\"340\" srcset=\"https:\/\/www.upo.es\/diario\/wp-content\/uploads\/2020\/09\/Captura-de-pantalla-2020-09-17-a-las-15.58.18-730x340-1.png 730w, https:\/\/www.upo.es\/diario\/wp-content\/uploads\/2020\/09\/Captura-de-pantalla-2020-09-17-a-las-15.58.18-730x340-1-360x168.png 360w, https:\/\/www.upo.es\/diario\/wp-content\/uploads\/2020\/09\/Captura-de-pantalla-2020-09-17-a-las-15.58.18-730x340-1-600x279.png 600w\" sizes=\"auto, (max-width: 730px) 100vw, 730px\" \/><\/p>\n<p>El <strong>IV seminario internacional violencia colectiva y genocidio \u2018Cross-Cultural Violence and Its Restraint in the Early Modern World\u2019<\/strong> (<em>La violencia intercultural y su contenci\u00f3n en la edad moderna<\/em>) se celebrar\u00e1 de manera online el jueves d\u00eda 24 y el 25 de septiembre, tras su suspensi\u00f3n la primavera pasada debido al estado de alarma. Organizado por <strong>Bartolom\u00e9 Yun Casalilla, Jos\u00e9 Miguel Escribano e Igor P\u00e9rez Tostado<\/strong>, profesores de la Universidad Pablo de Olavide.<\/p>\n<p>Las jornadas, que se celebrar\u00e1n <em>online<\/em> con acceso abierto, a\u00fanan los esfuerzos realizados en el marco del proyecto Horizonte 2020 \u2018On the Frontiers of Peace: Cross-Cultural Peacebuilding on the Frontiers of the Iberian Empires (1500-1580)\u2019, del grupo de investigaci\u00f3n de la UPO <a href=\"https:\/\/www.upo.es\/investiga\/globalhistory\/\">\u2018Historia de la Globalizaci\u00f3n: violencia, negociaci\u00f3n e interculturalidad\u2019<\/a> y del proyecto de investigaci\u00f3n <a href=\"https:\/\/www.upo.es\/investiga\/limites-violencia\/\">\u2018En los l\u00edmites de la violencia (II): la larga sombra de las masacres modernas en contexto global\u2019<\/a>. As\u00ed mismo forma parte de la <a href=\"https:\/\/www.um.es\/redcolumnaria\/\">Red Columnaria<\/a>, que re\u00fane a investigadores en torno al an\u00e1lisis de las formas de organizaci\u00f3n y percepci\u00f3n de las fronteras de las monarqu\u00edas ib\u00e9ricas.<\/p>\n<p>En palabras de Jos\u00e9 Miguel Escribano \u201cLa violencia entre gentes de distintas culturas es un fen\u00f3meno global en los siglos XVI y XVII. Las diferencias culturales y los radicalismos alimentan en gran medida muchas de estas formas de violencia. Adem\u00e1s, la creciente interacci\u00f3n intercultural provoc\u00f3 la creaci\u00f3n de nuevas formas de violencia. Este seminario analizar\u00e1 algunos de esos procesos, pero tambi\u00e9n la creaci\u00f3n de nuevas pr\u00e1cticas de contenci\u00f3n de la violencia en contextos donde las diferencias culturales hac\u00edan m\u00e1s dif\u00edcil la superaci\u00f3n de conflictos\u201d. Adem\u00e1s de los organizadores, participan en el seminario Mark Mewese (University of Winnipeg), Jorge D\u00edaz Ceballos (UPO), Miguel G. Rodrigues (European University Institute), Guido Van Meersbergen (University of Warwick), Brian Sandberg (Northern Illinois University), Miguel \u00c1ngel de Bunes Ibarra (Consejo Superior de Investigaciones Cient\u00edficas).<\/p>\n<p><strong>Seminario internacional \u2018Cross-Cultural Violence and Its Restraint in the Early Modern World\u2019: <\/strong><\/p>\n<ul>\n<li><a href=\"https:\/\/www.upo.es\/investiga\/globalhistory\/wp-content\/uploads\/2020\/09\/Program-Cross-Cultural-Violence-and-Its-Restraint-in-the-Early-Modern-World.pdf\">Programa completo (PDF)<\/a><\/li>\n<li>Las conferencias podr\u00e1n seguirse a trav\u00e9s de la direcci\u00f3n:<br \/>\n<a href=\"https:\/\/eu.bbcollab.com\/guest\/c51957a6cbc64f1db4c22cbc41a42834\">https:\/\/eu.bbcollab.com\/guest\/c51957a6cbc64f1db4c22cbc41a42834<\/a><\/li>\n<\/ul>\n<p>&nbsp;<\/p>\n","protected":false},"excerpt":{"rendered":"<p>El IV seminario internacional violencia colectiva y genocidio \u2018Cross-Cultural Violence and Its Restraint in the Early Modern World\u2019 (La violencia intercultural y su contenci\u00f3n en la edad moderna) se celebrar\u00e1 de manera online el jueves d\u00eda 24 y el 25 de septiembre, tras su suspensi\u00f3n la primavera pasada debido al estado de alarma. Organizado por Bartolom\u00e9 Yun Casalilla, Jos\u00e9 Miguel Escribano e Igor P\u00e9rez Tostado, profesores de la Universidad Pablo de Olavide.<\/p>\n","protected":false},"author":6,"featured_media":30861742,"comment_status":"closed","ping_status":"open","sticky":false,"template":"","format":"standard","meta":{"_monsterinsights_skip_tracking":false,"_monsterinsights_sitenote_active":false,"_monsterinsights_sitenote_note":"","_monsterinsights_sitenote_category":0,"footnotes":""},"categories":[2779],"tags":[1517,2256,150,446,78,143],"class_list":["post-30861741","post","type-post","status-publish","format-standard","has-post-thumbnail","hentry","category-docencia-formacion","tag-edad-moderna","tag-globalizacion","tag-historia","tag-internacional","tag-seminario","tag-violencia"],"_links":{"self":[{"href":"https:\/\/www.upo.es\/diario\/wp-json\/wp\/v2\/posts\/30861741","targetHints":{"allow":["GET"]}}],"collection":[{"href":"https:\/\/www.upo.es\/diario\/wp-json\/wp\/v2\/posts"}],"about":[{"href":"https:\/\/www.upo.es\/diario\/wp-json\/wp\/v2\/types\/post"}],"author":[{"embeddable":true,"href":"https:\/\/www.upo.es\/diario\/wp-json\/wp\/v2\/users\/6"}],"replies":[{"embeddable":true,"href":"https:\/\/www.upo.es\/diario\/wp-json\/wp\/v2\/comments?post=30861741"}],"version-history":[{"count":1,"href":"https:\/\/www.upo.es\/diario\/wp-json\/wp\/v2\/posts\/30861741\/revisions"}],"predecessor-version":[{"id":30861743,"href":"https:\/\/www.upo.es\/diario\/wp-json\/wp\/v2\/posts\/30861741\/revisions\/30861743"}],"wp:featuredmedia":[{"embeddable":true,"href":"https:\/\/www.upo.es\/diario\/wp-json\/wp\/v2\/media\/30861742"}],"wp:attachment":[{"href":"https:\/\/www.upo.es\/diario\/wp-json\/wp\/v2\/media?parent=30861741"}],"wp:term":[{"taxonomy":"category","embeddable":true,"href":"https:\/\/www.upo.es\/diario\/wp-json\/wp\/v2\/categories?post=30861741"},{"taxonomy":"post_tag","embeddable":true,"href":"https:\/\/www.upo.es\/diario\/wp-json\/wp\/v2\/tags?post=30861741"}],"curies":[{"name":"wp","href":"https:\/\/api.w.org\/{rel}","templated":true}]}}