{"id":30861826,"date":"2020-09-30T13:42:49","date_gmt":"2020-09-30T11:42:49","guid":{"rendered":"https:\/\/www.upo.es\/diario\/?p=30861826"},"modified":"2020-10-01T09:10:32","modified_gmt":"2020-10-01T07:10:32","slug":"universo-barroco-iberoamericano-enredars-dos-nuevas-obras","status":"publish","type":"post","link":"https:\/\/www.upo.es\/diario\/docencia-formacion\/2020\/09\/universo-barroco-iberoamericano-enredars-dos-nuevas-obras\/","title":{"rendered":"La colecci\u00f3n Universo Barroco Iberoamericano de \u2018Enredars\u2019 suma dos nuevas obras"},"content":{"rendered":"<figure id=\"attachment_30861827\" aria-describedby=\"caption-attachment-30861827\" style=\"width: 750px\" class=\"wp-caption aligncenter\"><a href=\"https:\/\/www.upo.es\/diario\/wp-content\/uploads\/2020\/09\/Enredars_UniversoBarroco_num_13-14.jpg\"><img loading=\"lazy\" decoding=\"async\" class=\"size-large wp-image-30861827\" src=\"https:\/\/www.upo.es\/diario\/wp-content\/uploads\/2020\/09\/Enredars_UniversoBarroco_num_13-14-750x500.jpg\" alt=\"portadas de \u2018No embalo da rede' y de \u2018A la luz de Roma\u2019\" width=\"750\" height=\"500\" srcset=\"https:\/\/www.upo.es\/diario\/wp-content\/uploads\/2020\/09\/Enredars_UniversoBarroco_num_13-14-750x500.jpg 750w, https:\/\/www.upo.es\/diario\/wp-content\/uploads\/2020\/09\/Enredars_UniversoBarroco_num_13-14-360x240.jpg 360w, https:\/\/www.upo.es\/diario\/wp-content\/uploads\/2020\/09\/Enredars_UniversoBarroco_num_13-14-768x512.jpg 768w, https:\/\/www.upo.es\/diario\/wp-content\/uploads\/2020\/09\/Enredars_UniversoBarroco_num_13-14-600x400.jpg 600w, https:\/\/www.upo.es\/diario\/wp-content\/uploads\/2020\/09\/Enredars_UniversoBarroco_num_13-14-165x109.jpg 165w, https:\/\/www.upo.es\/diario\/wp-content\/uploads\/2020\/09\/Enredars_UniversoBarroco_num_13-14.jpg 900w\" sizes=\"auto, (max-width: 750px) 100vw, 750px\" \/><\/a><figcaption id=\"caption-attachment-30861827\" class=\"wp-caption-text\">\u2018No embalo da rede\u2019 y \u2018A la luz de Roma\u2019, nuevas obras sobre el barroco iberoamericano de Enredars<\/figcaption><\/figure>\n<p>\u2018Universo Barroco Iberoamericano\u2019 es la principal colecci\u00f3n del <strong>proyecto<\/strong> <strong>cultural y editorial \u2018Enredars\u2019<\/strong>, coordinado por el <strong>\u00c1rea de Historia del Arte de la Universidad Pablo de Olavide<\/strong>. Con dos nuevas obras publicadas este mes de septiembre, esta colecci\u00f3n dedicada al estudio de la trama barroca iberoamericana con el apoyo de especialistas de entidades colaboradoras, alcanza los 14 vol\u00famenes, todos disponibles para su consulta gratuita en la direcci\u00f3n <a href=\"http:\/\/www.upo.es\/investiga\/enredars\/\">www.upo.es\/investiga\/enredars\/<\/a> .<\/p>\n<blockquote><p>El barroco brasile\u00f1o y la santidad y el teatro romanos, temas clave en la comprensi\u00f3n de lo barroco en tierras americanas que se incorporan a las publicaciones de Enredars<\/p><\/blockquote>\n<p>La n\u00famero 13 de la serie est\u00e1 dedicada al <strong>barroco de la Am\u00e9rica portuguesa<\/strong>, lleva por t\u00edtulo <a href=\"https:\/\/www.upo.es\/investiga\/enredars\/?page_id=1685\">\u2018<strong>No embalo da rede<\/strong>. Trocas culturais, hist\u00f3ria e geografia artistica do Barroco na Am\u00e9rica Portuguesa\u2019<\/a> y ha sido editada conjuntamente con la <strong>Universidade de S\u00e3o Paulo<\/strong>. Con la coordinaci\u00f3n de Luciano Migliaccio y Renata Maria de Almeida Martins, profesores de la Facultad de Arquitectura y Urbanismo de esta universidad brasile\u00f1a, se han reunido una veintena de estudios de arte y arquitectura barrocas, en su mayor parte escritos en portugu\u00e9s.<\/p>\n<p><a href=\"https:\/\/www.upo.es\/investiga\/enredars\/?page_id=1663\">\u2018<strong>A la luz de Roma<\/strong>. Santos y santidad en el barroco iberoamericano\u2019<\/a> es la obra que hace el n\u00famero 14 de la colecci\u00f3n e integra una serie con otros dos vol\u00famenes (15 y 16), todos ellos editados por la Universidad Pablo de Olavide y la <strong>Universit\u00e0 degli Studi Roma Tre<\/strong>. Se trata de la <strong>primera entrega de las actas del Simposio Internacional inaugurado dos a\u00f1os atr\u00e1s en los Museos Vaticanos de Roma<\/strong>. Nos introduce en el tema de la santidad iberoamericana, con una primera aproximaci\u00f3n a la capital pontificia, donde se formaliz\u00f3 el nuevo santoral americano, sin olvidar el lugar que ocup\u00f3 la bas\u00edlica de San Pedro como escenario de las fiestas y las celebraciones asociadas. Con Jaime Garc\u00eda Bernal, Paolo Broggio, Marcello Fagiolo y Fernando Quiles como coeditores, han colaborado igualmente en la edici\u00f3n de estos tres libros el Centro di Studi sulla Cultura e l&#8217;Immagine di Roma y el Departamento de Historia Moderna de la Universidad de Sevilla.<\/p>\n<p>El barroco brasile\u00f1o y la santidad y el teatro romanos, temas que son clave en la comprensi\u00f3n de lo barroco en tierras americanas, y que se incorporan de este modo a las publicaciones de Enredars; una red de iniciativas que sit\u00faa el patrimonio cultural iberoamericano como motor de desarrollo sostenible para sus pueblos y territorios, aunando su conservaci\u00f3n con el fomento de la industria basada en la creatividad y la cultura.<\/p>\n<p>&nbsp;<\/p>\n","protected":false},"excerpt":{"rendered":"<p>\u2018No embalo da rede\u2019, sobre el barroco en la Am\u00e9rica portuguesa, y \u2018A la luz de Roma\u2019, que a\u00fana los textos presentados en el simposio sobre santidad barroca celebrado la capital italiana, han sido publicados recientemente en colaboraci\u00f3n con las universidades de S\u00e3o Paulo y Roma Tre.<\/p>\n","protected":false},"author":6,"featured_media":30861827,"comment_status":"closed","ping_status":"open","sticky":false,"template":"","format":"standard","meta":{"_monsterinsights_skip_tracking":false,"_monsterinsights_sitenote_active":false,"_monsterinsights_sitenote_note":"","_monsterinsights_sitenote_category":0,"footnotes":""},"categories":[2779],"tags":[265,2279,5834,4039,2752,259,805,6649],"class_list":["post-30861826","post","type-post","status-publish","format-standard","has-post-thumbnail","hentry","category-docencia-formacion","tag-arte","tag-barroco","tag-cultura","tag-enredars","tag-fernando-quiles","tag-area-de-historia-del-arte","tag-iberoamerica","tag-publicaciones"],"_links":{"self":[{"href":"https:\/\/www.upo.es\/diario\/wp-json\/wp\/v2\/posts\/30861826","targetHints":{"allow":["GET"]}}],"collection":[{"href":"https:\/\/www.upo.es\/diario\/wp-json\/wp\/v2\/posts"}],"about":[{"href":"https:\/\/www.upo.es\/diario\/wp-json\/wp\/v2\/types\/post"}],"author":[{"embeddable":true,"href":"https:\/\/www.upo.es\/diario\/wp-json\/wp\/v2\/users\/6"}],"replies":[{"embeddable":true,"href":"https:\/\/www.upo.es\/diario\/wp-json\/wp\/v2\/comments?post=30861826"}],"version-history":[{"count":1,"href":"https:\/\/www.upo.es\/diario\/wp-json\/wp\/v2\/posts\/30861826\/revisions"}],"predecessor-version":[{"id":30861828,"href":"https:\/\/www.upo.es\/diario\/wp-json\/wp\/v2\/posts\/30861826\/revisions\/30861828"}],"wp:featuredmedia":[{"embeddable":true,"href":"https:\/\/www.upo.es\/diario\/wp-json\/wp\/v2\/media\/30861827"}],"wp:attachment":[{"href":"https:\/\/www.upo.es\/diario\/wp-json\/wp\/v2\/media?parent=30861826"}],"wp:term":[{"taxonomy":"category","embeddable":true,"href":"https:\/\/www.upo.es\/diario\/wp-json\/wp\/v2\/categories?post=30861826"},{"taxonomy":"post_tag","embeddable":true,"href":"https:\/\/www.upo.es\/diario\/wp-json\/wp\/v2\/tags?post=30861826"}],"curies":[{"name":"wp","href":"https:\/\/api.w.org\/{rel}","templated":true}]}}