{"id":30861833,"date":"2020-10-01T12:15:51","date_gmt":"2020-10-01T10:15:51","guid":{"rendered":"https:\/\/www.upo.es\/diario\/?p=30861833"},"modified":"2020-10-01T12:17:35","modified_gmt":"2020-10-01T10:17:35","slug":"seminario-intervencion-social-artes","status":"publish","type":"post","link":"https:\/\/www.upo.es\/diario\/cultura\/2020\/10\/seminario-intervencion-social-artes\/","title":{"rendered":"El IV Seminario \u2018Acciones de intervenci\u00f3n social a trav\u00e9s de las artes\u2019 ser\u00e1 \u2018online\u2019 del 13 al 15 de octubre"},"content":{"rendered":"<p><strong><a href=\"https:\/\/www.upo.es\/diario\/wp-content\/uploads\/2020\/10\/Cartel-IV-Seminario-Online-scaled.jpeg\"><img loading=\"lazy\" decoding=\"async\" class=\"alignright size-medium wp-image-30861834\" src=\"https:\/\/www.upo.es\/diario\/wp-content\/uploads\/2020\/10\/Cartel-IV-Seminario-Online-254x360.jpeg\" alt=\"IV Seminario \u2018Acciones de intervenci\u00f3n social a trav\u00e9s de las artes\u2019 \" width=\"254\" height=\"360\" srcset=\"https:\/\/www.upo.es\/diario\/wp-content\/uploads\/2020\/10\/Cartel-IV-Seminario-Online-254x360.jpeg 254w, https:\/\/www.upo.es\/diario\/wp-content\/uploads\/2020\/10\/Cartel-IV-Seminario-Online-530x750.jpeg 530w, https:\/\/www.upo.es\/diario\/wp-content\/uploads\/2020\/10\/Cartel-IV-Seminario-Online-768x1086.jpeg 768w, https:\/\/www.upo.es\/diario\/wp-content\/uploads\/2020\/10\/Cartel-IV-Seminario-Online-600x849.jpeg 600w, https:\/\/www.upo.es\/diario\/wp-content\/uploads\/2020\/10\/Cartel-IV-Seminario-Online-1086x1536.jpeg 1086w, https:\/\/www.upo.es\/diario\/wp-content\/uploads\/2020\/10\/Cartel-IV-Seminario-Online-1448x2048.jpeg 1448w, https:\/\/www.upo.es\/diario\/wp-content\/uploads\/2020\/10\/Cartel-IV-Seminario-Online-1320x1867.jpeg 1320w, https:\/\/www.upo.es\/diario\/wp-content\/uploads\/2020\/10\/Cartel-IV-Seminario-Online-scaled.jpeg 1810w\" sizes=\"auto, (max-width: 254px) 100vw, 254px\" \/><\/a>La cultura y las artes como herramientas de transformaci\u00f3n social son el tema central del Seminario \u2018Acciones de intervenci\u00f3n social a trav\u00e9s de las artes\u2019, que se celebrar\u00e1 en esta IV edici\u00f3n <em>online<\/em><\/strong> y que contar\u00e1 con seis ponentes que expondr\u00e1n sus experiencias desde varios \u00e1mbitos de la creaci\u00f3n art\u00edstica y del trabajo acad\u00e9mico, siempre desde el punto de vista de la acci\u00f3n social. En el marco del proyecto Atalaya \u2018Arte y Compromiso. Experiencias para el Cambio Social\u2019, coordinado por la UPO, <strong>el seminario tendr\u00e1 lugar del 13 al 15 de octubre y la inscripci\u00f3n es gratuita<\/strong>.<\/p>\n<p>C\u00f3mo hacer de este un mundo mejor a trav\u00e9s de la cultura, la fotograf\u00eda en proyectos de investigaci\u00f3n participativa o la m\u00fasica como herramienta de transformaci\u00f3n social en la infancia y adolescencia, son algunos de los temas que abordar\u00e1n los ponentes de este a\u00f1o: <strong>Jos\u00e9 Antonio Mondrag\u00f3n, Diana Mata-Codesal, Elena Gonz\u00e1lez, Fernando Leria, Marc Montijano y Susana Hermoso-Espinosa<\/strong>.<\/p>\n<p>El <strong>Vicerrectorado de Cultura y Compromiso Social<\/strong> de la Universidad Pablo de Olavide coordina el <strong>proyecto Atalaya \u2018Arte y Compromiso. Experiencias para el Cambio Social\u2019<\/strong> desde el a\u00f1o 2013. El proyecto naci\u00f3 con el objetivo de fortalecer el deber de la instituci\u00f3n con la sociedad en la que desarrolla su labor, por lo que sus acciones se centran en trazar itinerarios que favorezcan espacios de investigaci\u00f3n en los que las disciplinas art\u00edsticas se acerquen a las problem\u00e1ticas sociales. Proyecto Atalaya es una iniciativa en red de las universidades p\u00fablicas andaluzas financiada por la Junta de Andaluc\u00eda.<\/p>\n<p>M\u00e1s informaci\u00f3n e inscripciones: <strong><a href=\"http:\/\/www.arteycompromiso.com\">www.arteycompromiso.com<\/a><\/strong><\/p>\n","protected":false},"excerpt":{"rendered":"<p> La cultura y las artes como herramientas de transformaci\u00f3n social son el tema central del Seminario \u2018Acciones de intervenci\u00f3n social a trav\u00e9s de las artes\u2019, que se celebrar\u00e1 en esta IV edici\u00f3n online y que contar\u00e1 con seis ponentes que expondr\u00e1n sus experiencias desde varios \u00e1mbitos de la creaci\u00f3n art\u00edstica y del trabajo acad\u00e9mico siempre desde el punto de vista de la acci\u00f3n social. En el marco del proyecto Atalaya \u2018Arte y Compromiso. Experiencias para el Cambio Social\u2019, coordinado por la UPO, el seminario tendr\u00e1 lugar del 13 al 15 de octubre y la inscripci\u00f3n es gratuita.<\/p>\n","protected":false},"author":6,"featured_media":30861834,"comment_status":"closed","ping_status":"open","sticky":false,"template":"","format":"standard","meta":{"_monsterinsights_skip_tracking":false,"_monsterinsights_sitenote_active":false,"_monsterinsights_sitenote_note":"","_monsterinsights_sitenote_category":0,"footnotes":""},"categories":[7],"tags":[4033,4316,249,5834,793,94,78,3746],"class_list":["post-30861833","post","type-post","status-publish","format-standard","has-post-thumbnail","hentry","category-cultura","tag-arte-y-compromiso","tag-artes","tag-cambio-social","tag-cultura","tag-intervencion-social","tag-proyecto-atalaya","tag-seminario","tag-servicio-de-extension-cultural"],"_links":{"self":[{"href":"https:\/\/www.upo.es\/diario\/wp-json\/wp\/v2\/posts\/30861833","targetHints":{"allow":["GET"]}}],"collection":[{"href":"https:\/\/www.upo.es\/diario\/wp-json\/wp\/v2\/posts"}],"about":[{"href":"https:\/\/www.upo.es\/diario\/wp-json\/wp\/v2\/types\/post"}],"author":[{"embeddable":true,"href":"https:\/\/www.upo.es\/diario\/wp-json\/wp\/v2\/users\/6"}],"replies":[{"embeddable":true,"href":"https:\/\/www.upo.es\/diario\/wp-json\/wp\/v2\/comments?post=30861833"}],"version-history":[{"count":3,"href":"https:\/\/www.upo.es\/diario\/wp-json\/wp\/v2\/posts\/30861833\/revisions"}],"predecessor-version":[{"id":30861837,"href":"https:\/\/www.upo.es\/diario\/wp-json\/wp\/v2\/posts\/30861833\/revisions\/30861837"}],"wp:featuredmedia":[{"embeddable":true,"href":"https:\/\/www.upo.es\/diario\/wp-json\/wp\/v2\/media\/30861834"}],"wp:attachment":[{"href":"https:\/\/www.upo.es\/diario\/wp-json\/wp\/v2\/media?parent=30861833"}],"wp:term":[{"taxonomy":"category","embeddable":true,"href":"https:\/\/www.upo.es\/diario\/wp-json\/wp\/v2\/categories?post=30861833"},{"taxonomy":"post_tag","embeddable":true,"href":"https:\/\/www.upo.es\/diario\/wp-json\/wp\/v2\/tags?post=30861833"}],"curies":[{"name":"wp","href":"https:\/\/api.w.org\/{rel}","templated":true}]}}