{"id":30861916,"date":"2020-10-07T10:04:49","date_gmt":"2020-10-07T08:04:49","guid":{"rendered":"https:\/\/www.upo.es\/diario\/?p=30861916"},"modified":"2020-10-14T09:25:59","modified_gmt":"2020-10-14T07:25:59","slug":"presentada-la-ultima-obra-de-ficcion-del-profesor-de-la-upo-fernando-otero","status":"publish","type":"post","link":"https:\/\/www.upo.es\/diario\/comunidad\/2020\/10\/presentada-la-ultima-obra-de-ficcion-del-profesor-de-la-upo-fernando-otero\/","title":{"rendered":"Presentada la \u00faltima obra de ficci\u00f3n del profesor de la UPO Fernando Otero"},"content":{"rendered":"<p><img loading=\"lazy\" decoding=\"async\" class=\"alignright size-medium wp-image-30861921\" src=\"https:\/\/www.upo.es\/diario\/wp-content\/uploads\/2020\/10\/lasuitejonda-360x203.jpg\" alt=\"\" width=\"360\" height=\"203\" srcset=\"https:\/\/www.upo.es\/diario\/wp-content\/uploads\/2020\/10\/lasuitejonda-360x203.jpg 360w, https:\/\/www.upo.es\/diario\/wp-content\/uploads\/2020\/10\/lasuitejonda-750x422.jpg 750w, https:\/\/www.upo.es\/diario\/wp-content\/uploads\/2020\/10\/lasuitejonda-768x432.jpg 768w, https:\/\/www.upo.es\/diario\/wp-content\/uploads\/2020\/10\/lasuitejonda-600x338.jpg 600w, https:\/\/www.upo.es\/diario\/wp-content\/uploads\/2020\/10\/lasuitejonda-1536x864.jpg 1536w, https:\/\/www.upo.es\/diario\/wp-content\/uploads\/2020\/10\/lasuitejonda-1320x743.jpg 1320w, https:\/\/www.upo.es\/diario\/wp-content\/uploads\/2020\/10\/lasuitejonda.jpg 1920w\" sizes=\"auto, (max-width: 360px) 100vw, 360px\" \/>El profesor del \u00c1rea de Educaci\u00f3n F\u00edsica y Deportiva de la Universidad Pablo de Olavide Fernando Otero ha presentado recientemente su novela <em>La Suite Jonda<\/em>, publicada por Algaida Editores. Es la tercera obra de ficci\u00f3n del investigador de la Facultad de Ciencias del Deporte tras <em>Donde la muerte te encuentre<\/em> \u00a0y <em>La Sonanta<\/em>, que recibieron, respectivamente, el XII Premio Ateneo Joven y el Premio Universidad Sevilla de novela. El acto de presentaci\u00f3n de <em>La Suite Jonda<\/em> tuvo lugar en el Tablao \u2018El Patio Sevillano\u2019 (Sala Puerto) y cont\u00f3 con la presencia de los periodistas Marina Bernal y Alejandro Luque, que acompa\u00f1aron al autor en una tertulia sobre los acontecimientos de la trama.<\/p>\n<p>La novela se desarrolla en el a\u00f1o 1922. Manuel de Falla y Federico Garc\u00eda Lorca organizan, junto a otros artistas e intelectuales, el primer gran evento flamenco del siglo XX: el Concurso de Cante Jondo de Granada. Semanas antes, el general de brigada Juan Picasso Gonz\u00e1lez \u2014t\u00edo del genial pintor malague\u00f1o\u2014 hab\u00eda entregado al Consejo de Guerra las dos mil p\u00e1ginas de su expediente sobre la masacre sufrida por las tropas espa\u00f1olas en Annual, donde revelaba las corruptelas que originaron la debacle africana. El Gobierno tratar\u00e1 de ocultar ese informe, capaz de provocar un terremoto pol\u00edtico que amenaza a la propia monarqu\u00eda. Con la Alhambra y el cante jondo como tel\u00f3n de fondo, tiene lugar una lucha por una copia no autorizada del expediente Picasso.<\/p>\n<p><img loading=\"lazy\" decoding=\"async\" class=\"alignright size-medium wp-image-30861922\" src=\"https:\/\/www.upo.es\/diario\/wp-content\/uploads\/2020\/10\/Presentacion-LA-SUITE-360x203.jpg\" alt=\"\" width=\"360\" height=\"203\" srcset=\"https:\/\/www.upo.es\/diario\/wp-content\/uploads\/2020\/10\/Presentacion-LA-SUITE-360x203.jpg 360w, https:\/\/www.upo.es\/diario\/wp-content\/uploads\/2020\/10\/Presentacion-LA-SUITE-750x422.jpg 750w, https:\/\/www.upo.es\/diario\/wp-content\/uploads\/2020\/10\/Presentacion-LA-SUITE-768x432.jpg 768w, https:\/\/www.upo.es\/diario\/wp-content\/uploads\/2020\/10\/Presentacion-LA-SUITE-600x338.jpg 600w, https:\/\/www.upo.es\/diario\/wp-content\/uploads\/2020\/10\/Presentacion-LA-SUITE-1536x864.jpg 1536w, https:\/\/www.upo.es\/diario\/wp-content\/uploads\/2020\/10\/Presentacion-LA-SUITE-1320x743.jpg 1320w, https:\/\/www.upo.es\/diario\/wp-content\/uploads\/2020\/10\/Presentacion-LA-SUITE.jpg 1920w\" sizes=\"auto, (max-width: 360px) 100vw, 360px\" \/>Durante el acto literario tuvo especial relevancia la recreaci\u00f3n musical de los cantes del Festival de Cante Jondo de 1922 a cargo del cantaor onubense Jes\u00fas Corbacho con Juan Campallo en el acompa\u00f1amiento a la guitarra.<\/p>\n<p>Book tr\u00e1iler del video presentaci\u00f3n:<\/p>\n<p><a href=\"https:\/\/youtu.be\/00QPn7jvlYM\">https:\/\/youtu.be\/00QPn7jvlYM<\/a><\/p>\n","protected":false},"excerpt":{"rendered":"<p>El profesor del \u00c1rea de Educaci\u00f3n F\u00edsica y Deportiva de la Universidad Pablo de Olavide Fernando Otero ha presentado recientemente su novela La Suite Jonda, publicada por Algaida Editores. Es la tercera obra de ficci\u00f3n del investigador de la Facultad de Ciencias del Deporte tras Donde la muerte te encuentre \u00a0y La Sonanta, que recibieron, respectivamente, el XII Premio Ateneo Joven y el Premio Universidad Sevilla de novela. El acto de presentaci\u00f3n de La Suite Jonda tuvo lugar en el Tablao \u2018El Patio Sevillano\u2019 (Sala Puerto) y cont\u00f3 con la presencia de los periodistas Marina Bernal y Alejandro Luque, que acompa\u00f1aron al autor en una tertulia sobre los acontecimientos de la trama.<\/p>\n","protected":false},"author":15,"featured_media":30861921,"comment_status":"closed","ping_status":"open","sticky":false,"template":"","format":"standard","meta":{"_monsterinsights_skip_tracking":false,"_monsterinsights_sitenote_active":false,"_monsterinsights_sitenote_note":"","_monsterinsights_sitenote_category":0,"footnotes":""},"categories":[5842],"tags":[3342,6931,6929,1843,6933,1054,6932,334],"class_list":["post-30861916","post","type-post","status-publish","format-standard","has-post-thumbnail","hentry","category-comunidad","tag-facultad-de-ciencias-del-deporte","tag-federico-garcia-lorca","tag-fernando-otero","tag-ficcion","tag-manuel-de-falla","tag-novela","tag-picasso","tag-presentacion"],"_links":{"self":[{"href":"https:\/\/www.upo.es\/diario\/wp-json\/wp\/v2\/posts\/30861916","targetHints":{"allow":["GET"]}}],"collection":[{"href":"https:\/\/www.upo.es\/diario\/wp-json\/wp\/v2\/posts"}],"about":[{"href":"https:\/\/www.upo.es\/diario\/wp-json\/wp\/v2\/types\/post"}],"author":[{"embeddable":true,"href":"https:\/\/www.upo.es\/diario\/wp-json\/wp\/v2\/users\/15"}],"replies":[{"embeddable":true,"href":"https:\/\/www.upo.es\/diario\/wp-json\/wp\/v2\/comments?post=30861916"}],"version-history":[{"count":3,"href":"https:\/\/www.upo.es\/diario\/wp-json\/wp\/v2\/posts\/30861916\/revisions"}],"predecessor-version":[{"id":30861924,"href":"https:\/\/www.upo.es\/diario\/wp-json\/wp\/v2\/posts\/30861916\/revisions\/30861924"}],"wp:featuredmedia":[{"embeddable":true,"href":"https:\/\/www.upo.es\/diario\/wp-json\/wp\/v2\/media\/30861921"}],"wp:attachment":[{"href":"https:\/\/www.upo.es\/diario\/wp-json\/wp\/v2\/media?parent=30861916"}],"wp:term":[{"taxonomy":"category","embeddable":true,"href":"https:\/\/www.upo.es\/diario\/wp-json\/wp\/v2\/categories?post=30861916"},{"taxonomy":"post_tag","embeddable":true,"href":"https:\/\/www.upo.es\/diario\/wp-json\/wp\/v2\/tags?post=30861916"}],"curies":[{"name":"wp","href":"https:\/\/api.w.org\/{rel}","templated":true}]}}