{"id":30861931,"date":"2020-10-07T11:34:35","date_gmt":"2020-10-07T09:34:35","guid":{"rendered":"https:\/\/www.upo.es\/diario\/?p=30861931"},"modified":"2020-10-14T09:25:58","modified_gmt":"2020-10-14T07:25:58","slug":"el-profesor-de-economia-financiera-de-la-upo-enrique-jimenez-miembro-del-consejo-territorial-de-la-aed","status":"publish","type":"post","link":"https:\/\/www.upo.es\/diario\/comunidad\/2020\/10\/el-profesor-de-economia-financiera-de-la-upo-enrique-jimenez-miembro-del-consejo-territorial-de-la-aed\/","title":{"rendered":"El profesor de Econom\u00eda Financiera de la UPO Enrique Jim\u00e9nez, miembro del Consejo Territorial de la AED"},"content":{"rendered":"<figure id=\"attachment_30786351\" aria-describedby=\"caption-attachment-30786351\" style=\"width: 600px\" class=\"wp-caption aligncenter\"><img loading=\"lazy\" decoding=\"async\" class=\"size-large wp-image-30786351\" src=\"https:\/\/www.upo.es\/diario\/wp-content\/uploads\/2019\/03\/EnriqueJimenez-600x400.jpg\" alt=\"Enrique Jim\u00e9nez Rodr\u00edguez, director del M\u00e1ster Oficial en Finanzas y Banca de la UPO.\" width=\"600\" height=\"400\" srcset=\"https:\/\/www.upo.es\/diario\/wp-content\/uploads\/2019\/03\/EnriqueJimenez-600x400.jpg 600w, https:\/\/www.upo.es\/diario\/wp-content\/uploads\/2019\/03\/EnriqueJimenez-320x213.jpg 320w\" sizes=\"auto, (max-width: 600px) 100vw, 600px\" \/><figcaption id=\"caption-attachment-30786351\" class=\"wp-caption-text\">Enrique Jim\u00e9nez Rodr\u00edguez, director del M\u00e1ster Universitario en Finanzas y Banca de la UPO.<\/figcaption><\/figure>\n<p>El profesor de Econom\u00eda Financiera y director del M\u00e1ster Universitario en Finanzas y Banca de la Universidad Pablo de Olavide <strong>Enrique Jim\u00e9nez<\/strong> ha sido nombrado recientemente miembro del Consejo Territorial de la <strong>Asociaci\u00f3n Espa\u00f1ola de Directivos<\/strong> (AED) principal asociaci\u00f3n de directivos de empresas e instituciones de Espa\u00f1a que cuenta entre sus socios corporativos con las m\u00e1s relevantes empresas del pa\u00eds.<\/p>\n<p>En l\u00ednea con los objetivos de la AED, el profesor Jim\u00e9nez focalizar\u00e1 su papel en este Consejo Territorial en promover el di\u00e1logo entre la Asociaci\u00f3n Espa\u00f1ola de Directivos y los agentes empresariales y sociales, en general, y universitarios, en particular, potenciando as\u00ed la mutua colaboraci\u00f3n y el intercambio de inquietudes, conocimientos y experiencias. Fomentar el desarrollo de los conocimientos y t\u00e9cnicas relativos a la direcci\u00f3n de organizaciones, mediante la colaboraci\u00f3n entre directivos e instituciones de prestigio, y seguir fortaleciendo el foro privilegiado de intercambio de ideas y experiencias que constituye AED, son otros de los objetivos que se propone el profesor de la UPO.<\/p>\n<p>Creada en 1996, la <strong><a href=\"https:\/\/asociaciondedirectivos.org\/\">Asociaci\u00f3n Espa\u00f1ola de Directivos<\/a><\/strong> tiene como misi\u00f3n contribuir a la mejora individual y colectiva de los profesionales que lideran las organizaciones del pa\u00eds. El presidente de honor y fundador es Isidro Fain\u00e9, presidente de la Fundaci\u00f3n La Caixa. \u00a0Interlocutor relevante en el \u00e1mbito empresarial, actuando como \u00f3rgano consultivo ante la Administraci\u00f3n Publica. AED impulsa los valores que identifican el ejercicio de un liderazgo excelente y ejemplar por parte de los directivos, as\u00ed como los principios de buen gobierno y las buenas pr\u00e1cticas de gesti\u00f3n que deben observar las organizaciones para un desempe\u00f1o \u00f3ptimo y responsable. Actualmente cuenta con m\u00e1s de 2.000 miembros, de los cuales m\u00e1s del 60% ocupan la m\u00e1xima responsabilidad de gesti\u00f3n en las compa\u00f1\u00edas donde desempe\u00f1an su labor.<\/p>\n<blockquote><p>El profesor Jim\u00e9nez focalizar\u00e1 su papel en\u00a0 promover el di\u00e1logo entre la Asociaci\u00f3n Espa\u00f1ola de Directivos y los agentes empresariales y sociales y, en particular, universitarios<\/p><\/blockquote>\n<p>Cuenta con Consejos Territoriales en Madrid, Catalu\u00f1a, Comunidad Valenciana, Canarias, Galicia y Andaluc\u00eda. Tambi\u00e9n lleva a cabo una amplia labor de investigaci\u00f3n sobre la funci\u00f3n directiva en diversos \u00e1mbitos profesionales. En el \u00e1mbito internacional, AED es entidad consultiva del Consejo Econ\u00f3mico y Social de la ONU (ECOSOC) y promueve sus valores mediante acuerdos y programas con instituciones p\u00fablicas y privadas a trav\u00e9s de su iniciativa AED Global.<\/p>\n<p><strong>Enrique Jim\u00e9nez <\/strong>es profesor de Econom\u00eda Financiera y director del M\u00e1ster Universitario en Finanzas y Banca de la Universidad Pablo de Olavide, de Sevilla. Asimismo, es profesor visitante de la Universidade do Algarve. Doctor en Administraci\u00f3n y Direcci\u00f3n de Empresas, inici\u00f3 su carrera en el \u00e1mbito acad\u00e9mico como investigador de la Fundaci\u00f3n Ram\u00f3n Areces, igualmente, ha trabajado como investigador del Instituto de Estad\u00edstica y Cartograf\u00eda de Andaluc\u00eda (IECA). Fruto de la investigaci\u00f3n desarrollada fue galardonado con el Primer Acc\u00e9sit del Premio Internacional de Riesgo, instaurado con motivo del 150 aniversario del Banco Santander, as\u00ed como con el Premio a la Mejor Tesis Doctoral en Investigaciones sobre el Sistema Financiero de la Fundaci\u00f3n UCEIF y los acc\u00e9sits del Premio de Investigaci\u00f3n y Estudio Antonio Dionis Soler de la Fundaci\u00f3n de Estudios Financieros (FEF), en 2013 y 2016. Los resultados de sus trabajos han logrado traspasar la frontera del \u00e1mbito acad\u00e9mico hacia el socioecon\u00f3mico siendo transferidos al tejido empresarial trav\u00e9s diferentes proyectos de transferencia del conocimiento. En la actualidad, es Consejero de un grupo empresarial de \u00e1mbito nacional<\/p>\n<p>El <strong><a href=\"https:\/\/www.upo.es\/postgrado\/Master-Oficial-Finanzas-y-Banca\">M\u00e1ster Universitario en Finanzas y Banca<\/a><\/strong> que dirige el profesor Jim\u00e9nez se ha convertido en referencia en el marco de la formaci\u00f3n financiera de postgrado, al ser el primero reconocido en Andaluc\u00eda con la <a href=\"https:\/\/www.upo.es\/diario\/institucional\/2019\/02\/el-master-oficial-en-finanzas-y-banca-de-la-upo-unico-en-andalucia-con-acreditacion-de-la-cnmv\/\">acreditaci\u00f3n MiFID II de la CNMV<\/a>. Dirigido tanto a j\u00f3venes que se encuentren en el inicio de su carrera laboral, como a profesionales y empresarios con experiencia previa pero que deseen perfeccionar su formaci\u00f3n financiera, el M\u00e1ster en Finanzas y Banca tiene como objetivo la adquisici\u00f3n de competencias y conocimientos avanzados en el \u00e1mbito de la direcci\u00f3n financiera y la gesti\u00f3n bancaria, un campo sometido a constante evoluci\u00f3n, donde la actualizaci\u00f3n de los conocimientos y la especializaci\u00f3n resultan fundamentales.<\/p>\n<p>&nbsp;<\/p>\n","protected":false},"excerpt":{"rendered":"<p>El profesor de Econom\u00eda Financiera y director del M\u00e1ster en Finanzas y Banca de la Universidad Pablo de Olavide Enrique Jim\u00e9nez ha sido nombrado recientemente miembro del Consejo Territorial de la Asociaci\u00f3n Espa\u00f1ola de Directivos (AED) principal asociaci\u00f3n de directivos de empresas e instituciones de Espa\u00f1a que cuenta entre sus socios corporativos con las m\u00e1s relevantes empresas del pa\u00eds.<\/p>\n","protected":false},"author":2,"featured_media":30786351,"comment_status":"closed","ping_status":"open","sticky":false,"template":"","format":"standard","meta":{"_monsterinsights_skip_tracking":false,"_monsterinsights_sitenote_active":false,"_monsterinsights_sitenote_note":"","_monsterinsights_sitenote_category":0,"footnotes":""},"categories":[5842],"tags":[6936,6935,6934,4776,5816,159],"class_list":["post-30861931","post","type-post","status-publish","format-standard","has-post-thumbnail","hentry","category-comunidad","tag-aed","tag-asociacion-espanola-de-directivos","tag-economia-financiera","tag-enrique-jimenez","tag-master-oficial-en-finanzas-y-banca","tag-nombramiento"],"_links":{"self":[{"href":"https:\/\/www.upo.es\/diario\/wp-json\/wp\/v2\/posts\/30861931","targetHints":{"allow":["GET"]}}],"collection":[{"href":"https:\/\/www.upo.es\/diario\/wp-json\/wp\/v2\/posts"}],"about":[{"href":"https:\/\/www.upo.es\/diario\/wp-json\/wp\/v2\/types\/post"}],"author":[{"embeddable":true,"href":"https:\/\/www.upo.es\/diario\/wp-json\/wp\/v2\/users\/2"}],"replies":[{"embeddable":true,"href":"https:\/\/www.upo.es\/diario\/wp-json\/wp\/v2\/comments?post=30861931"}],"version-history":[{"count":2,"href":"https:\/\/www.upo.es\/diario\/wp-json\/wp\/v2\/posts\/30861931\/revisions"}],"predecessor-version":[{"id":30861933,"href":"https:\/\/www.upo.es\/diario\/wp-json\/wp\/v2\/posts\/30861931\/revisions\/30861933"}],"wp:featuredmedia":[{"embeddable":true,"href":"https:\/\/www.upo.es\/diario\/wp-json\/wp\/v2\/media\/30786351"}],"wp:attachment":[{"href":"https:\/\/www.upo.es\/diario\/wp-json\/wp\/v2\/media?parent=30861931"}],"wp:term":[{"taxonomy":"category","embeddable":true,"href":"https:\/\/www.upo.es\/diario\/wp-json\/wp\/v2\/categories?post=30861931"},{"taxonomy":"post_tag","embeddable":true,"href":"https:\/\/www.upo.es\/diario\/wp-json\/wp\/v2\/tags?post=30861931"}],"curies":[{"name":"wp","href":"https:\/\/api.w.org\/{rel}","templated":true}]}}