{"id":30861934,"date":"2020-10-08T06:31:41","date_gmt":"2020-10-08T04:31:41","guid":{"rendered":"https:\/\/www.upo.es\/diario\/?p=30861934"},"modified":"2020-10-14T09:25:56","modified_gmt":"2020-10-14T07:25:56","slug":"la-upo-acoge-la-i-jornada-sobre-trabajo-social-en-contextos-educativos","status":"publish","type":"post","link":"https:\/\/www.upo.es\/diario\/docencia-formacion\/2020\/10\/la-upo-acoge-la-i-jornada-sobre-trabajo-social-en-contextos-educativos\/","title":{"rendered":"La UPO acoge la I Jornada sobre \u2018Trabajo Social en Contextos Educativos\u2019"},"content":{"rendered":"<p><a href=\"https:\/\/www.upo.es\/diario\/wp-content\/uploads\/2020\/10\/jtrabajosocial_contxteducativo.jpe\"><img loading=\"lazy\" decoding=\"async\" class=\"aligncenter size-full wp-image-30861935\" src=\"https:\/\/www.upo.es\/diario\/wp-content\/uploads\/2020\/10\/jtrabajosocial_contxteducativo.jpe\" alt=\"\" width=\"460\" height=\"200\" srcset=\"https:\/\/www.upo.es\/diario\/wp-content\/uploads\/2020\/10\/jtrabajosocial_contxteducativo.jpe 460w, https:\/\/www.upo.es\/diario\/wp-content\/uploads\/2020\/10\/jtrabajosocial_contxteducativo-360x157.jpe 360w\" sizes=\"auto, (max-width: 460px) 100vw, 460px\" \/><\/a><\/p>\n<p>La Universidad Pablo de Olavide acoge <u>hoy jueves 8 de octubre<\/u> la<strong> I Jornada \u2018Trabajo Social en Contextos Educativos\u2019<\/strong>, un evento organizado por la <a href=\"https:\/\/asociacioncima.org\/\">Asociaci\u00f3n CIMA<\/a> que contar\u00e1 con la intervenci\u00f3n de <strong>Gabriel Gonz\u00e1lez-Bueno Uribe<\/strong>, director general de Derechos de la Infancia del Gobierno de Espa\u00f1a, y cuya organizaci\u00f3n cuenta con la colaboraci\u00f3n de esta universidad.<\/p>\n<p>El objetivo de este encuentro es visibilizar al trabajo social en el contexto educativo, teniendo en cuenta las herramientas y recursos existentes e indagando espacios concretos como la nueva ley de protecci\u00f3n integral a la infancia y a la adolescencia frente a la violencia, bautizada como \u2018Ley Rhodes\u2019, y la figura del trabajador social en el \u00e1mbito de infancia y familia en espacios educativos.<\/p>\n<p>La asistencia presencial debido a la alerta sanitaria debido al COVID-19 ser\u00e1 mediante invitaci\u00f3n previa a organizaciones del sector de infancia y juventud que trabajen en Sevilla. Para todas las personas interesadas <strong>el evento ser\u00e1 transmitido en <em>streaming<\/em> a trav\u00e9s del siguiente <a href=\"https:\/\/upotv.upo.es\/live\/5ac5dfaa238583aa428b4cad\">enlace<\/a><\/strong>.<\/p>\n<p>La jornada comenzar\u00e1 <u>a las 16:30 horas<\/u> con una mesa de apertura, en la que intervendr\u00e1n Ignacio Mench\u00f3n, presidente de la Asociaci\u00f3n CIMA, y Mar\u00eda Rosa Herrera, directora del Departamento de Trabajo Social y Servicios Sociales de la UPO.<\/p>\n<p>Posteriormente, <u>a las 17:00 horas<\/u> se celebrar\u00e1 la mesa redonda \u2018Infancia y Vulnerabilidad \u00bfPor qu\u00e9 la importancia del trabajo social en contextos educativos?\u2019 en la que intervendr\u00e1n Alejandra Aguilera, responsable \u00c1rea de Educaci\u00f3n de la Asociaci\u00f3n CIMA; Enrique Calder\u00f3n, director del CEIP Juan XXIII; y Macarena Luque Guill\u00e9n, trabajadora social del Ayuntamiento de Sevilla. La mesa ser\u00e1 moderada por Mar\u00eda Rosa Herrera, directora del Departamento de Trabajo Social de la Universidad Pablo de Olavide.<\/p>\n<p><u>A las 18:00 horas<\/u>, <strong>Gabriel Gonz\u00e1lez-Bueno Uribe<\/strong>, director general de Derechos de la Infancia del Gobierno de Espa\u00f1a abordar\u00e1 la situaci\u00f3n de la infancia y la adolescencia en Espa\u00f1a y realizar\u00e1 una exposici\u00f3n sobre la Ley Rhodes.<\/p>\n<p>Finalmente, <u>a las 19:00 horas<\/u>, se proceder\u00e1 a la presentaci\u00f3n de la primera edici\u00f3n del <a href=\"https:\/\/www.upo.es\/postgrado\/Titulo-de-Experto-Trabajo-Social-en-Contextos-Educativos\/\">Curso de Experto Universitario \u2018Trabajo Social en Contextos Educativos\u2019<\/a> de la Universidad Pablo de Olavide, a cargo de sus directores acad\u00e9micos los profesores de la UPO Jes\u00fas Delgado y Nuria Cordero Ramos.<\/p>\n<h3><strong>M\u00e1s informaci\u00f3n:<\/strong><\/h3>\n<p><a href=\"https:\/\/eventos.upo.es\/54586\/detail\/infancia-y-vulnerabilidad.-trabajo-social-en-contextos-educativos.html\">I Jornada \u2018Trabajo Social en Contextos Educativos\u2019<\/a><\/p>\n","protected":false},"excerpt":{"rendered":"<p>La Universidad Pablo de Olavide acoge hoy jueves 8 de octubre la I Jornada \u2018Trabajo Social en Contextos Educativos\u2019, un evento organizado por la Asociaci\u00f3n CIMA que contar\u00e1 con la intervenci\u00f3n de Gabriel Gonz\u00e1lez-Bueno Uribe, director general de Derechos de la Infancia del Gobierno de Espa\u00f1a, y cuya organizaci\u00f3n cuenta con la colaboraci\u00f3n de esta universidad.<\/p>\n","protected":false},"author":2,"featured_media":30861935,"comment_status":"closed","ping_status":"open","sticky":false,"template":"","format":"standard","meta":{"_monsterinsights_skip_tracking":false,"_monsterinsights_sitenote_active":false,"_monsterinsights_sitenote_note":"","_monsterinsights_sitenote_category":0,"footnotes":""},"categories":[2779],"tags":[6937,6941,6938,465,820,6942,451,6939,6940,103],"class_list":["post-30861934","post","type-post","status-publish","format-standard","has-post-thumbnail","hentry","category-docencia-formacion","tag-asociacion-cima","tag-curso-de-experto-universitario-trabajo-social-en-contextos-educativos","tag-derechos-de-la-infancia","tag-educacion","tag-familia","tag-gabriel-gonzalez-bueno-uribe","tag-infancia","tag-ley-rhodes","tag-servicios-sociale","tag-trabajo-social"],"_links":{"self":[{"href":"https:\/\/www.upo.es\/diario\/wp-json\/wp\/v2\/posts\/30861934","targetHints":{"allow":["GET"]}}],"collection":[{"href":"https:\/\/www.upo.es\/diario\/wp-json\/wp\/v2\/posts"}],"about":[{"href":"https:\/\/www.upo.es\/diario\/wp-json\/wp\/v2\/types\/post"}],"author":[{"embeddable":true,"href":"https:\/\/www.upo.es\/diario\/wp-json\/wp\/v2\/users\/2"}],"replies":[{"embeddable":true,"href":"https:\/\/www.upo.es\/diario\/wp-json\/wp\/v2\/comments?post=30861934"}],"version-history":[{"count":2,"href":"https:\/\/www.upo.es\/diario\/wp-json\/wp\/v2\/posts\/30861934\/revisions"}],"predecessor-version":[{"id":30861942,"href":"https:\/\/www.upo.es\/diario\/wp-json\/wp\/v2\/posts\/30861934\/revisions\/30861942"}],"wp:featuredmedia":[{"embeddable":true,"href":"https:\/\/www.upo.es\/diario\/wp-json\/wp\/v2\/media\/30861935"}],"wp:attachment":[{"href":"https:\/\/www.upo.es\/diario\/wp-json\/wp\/v2\/media?parent=30861934"}],"wp:term":[{"taxonomy":"category","embeddable":true,"href":"https:\/\/www.upo.es\/diario\/wp-json\/wp\/v2\/categories?post=30861934"},{"taxonomy":"post_tag","embeddable":true,"href":"https:\/\/www.upo.es\/diario\/wp-json\/wp\/v2\/tags?post=30861934"}],"curies":[{"name":"wp","href":"https:\/\/api.w.org\/{rel}","templated":true}]}}