{"id":30861943,"date":"2020-10-08T09:54:23","date_gmt":"2020-10-08T07:54:23","guid":{"rendered":"https:\/\/www.upo.es\/diario\/?p=30861943"},"modified":"2020-10-08T09:54:23","modified_gmt":"2020-10-08T07:54:23","slug":"el-tamano-importa-lenguas-y-microterritorios","status":"publish","type":"post","link":"https:\/\/www.upo.es\/diario\/theconversation\/2020\/10\/el-tamano-importa-lenguas-y-microterritorios\/","title":{"rendered":"\u00bfEl tama\u00f1o importa? Lenguas y microterritorios"},"content":{"rendered":"<figure id=\"attachment_30861944\" aria-describedby=\"caption-attachment-30861944\" style=\"width: 750px\" class=\"wp-caption aligncenter\"><img loading=\"lazy\" decoding=\"async\" class=\"size-large wp-image-30861944\" src=\"https:\/\/www.upo.es\/diario\/wp-content\/uploads\/2020\/10\/the-conversation_20201008-750x498.jpg\" alt=\"Vista nocturna de Andorra la Vella. Shutterstock \/ lunamarina\" width=\"750\" height=\"498\" srcset=\"https:\/\/www.upo.es\/diario\/wp-content\/uploads\/2020\/10\/the-conversation_20201008-750x498.jpg 750w, https:\/\/www.upo.es\/diario\/wp-content\/uploads\/2020\/10\/the-conversation_20201008-360x239.jpg 360w, https:\/\/www.upo.es\/diario\/wp-content\/uploads\/2020\/10\/the-conversation_20201008-600x399.jpg 600w, https:\/\/www.upo.es\/diario\/wp-content\/uploads\/2020\/10\/the-conversation_20201008-165x109.jpg 165w, https:\/\/www.upo.es\/diario\/wp-content\/uploads\/2020\/10\/the-conversation_20201008.jpg 754w\" sizes=\"auto, (max-width: 750px) 100vw, 750px\" \/><figcaption id=\"caption-attachment-30861944\" class=\"wp-caption-text\">Vista nocturna de Andorra la Vella. Shutterstock \/ lunamarina<\/figcaption><\/figure>\n<p><a href=\"https:\/\/theconversation.com\/profiles\/juan-jimenez-salcedo-1162774\">Juan Jim\u00e9nez Salcedo<\/a>, <em><a href=\"https:\/\/theconversation.com\/institutions\/universidad-pablo-de-olavide-1362\">Universidad Pablo de Olavide<\/a><\/em><br \/>\n\u00bfPuede un territorio de 20 000 habitantes considerarse un pa\u00eds? \u00bfPuede un grupo de personas que cabe en un par de torres de cualquier gran ciudad constituir una comunidad nacional? Los microterritorios son entidades pol\u00edticas peque\u00f1as, en algunos casos min\u00fasculas, pero dotadas de todo aquello que hace que un pa\u00eds sea pa\u00eds. Del pintoresco valle a la isla en medio del oc\u00e9ano, los microterritorios existen en un mundo como el actual, en el que lo global y lo local se confunden. Pero, m\u00e1s all\u00e1 de su dimensi\u00f3n pol\u00edtica, \u00bfest\u00e1n dotados los microterritorios de una identidad cultural propia? \u00bfC\u00f3mo gestionan sus especificidades ling\u00fc\u00edsticas? \u00bfPor qu\u00e9 los microterritorios deber\u00edan interesar a los ling\u00fcistas?<\/p>\n<h3>\u00bfQu\u00e9 es un microterritorio?<\/h3>\n<p>Est\u00e1 a punto de publicarse una obra que he dirigido junto a <a href=\"http:\/\/christinehelot.u-strasbg.fr\/\">Christine H\u00e9lot <\/a>(Universit\u00e9 de Strasbourg) y <a href=\"https:\/\/www.um.edu.mt\/profile\/antoinettecamillerigrima\">Antoinette Camilleri-Grima<\/a> (University of Malta) y que se titula <em>Small is Plurilingual: Language and Identity in the Micro-territories<\/em> (Berl\u00edn, Peter Lang, 2020). En ella, definimos los microterritorios como Estados soberanos o entidades aut\u00f3nomas con unas caracter\u00edsticas culturales y ling\u00fc\u00edsticas propias. Su poblaci\u00f3n es relativamente reducida y, adem\u00e1s, reside en un espacio geogr\u00e1fico peque\u00f1o y restringido.<\/p>\n<p>Hablamos en este caso de restricci\u00f3n porque el territorio se encuentra enclavado, fragmentado o aislado. Puede estar enclavado porque se encuentra en medio de las monta\u00f1as. Este ser\u00eda el caso, por ejemplo, de Andorra, el Valle de Aran o el Valle de Aosta. Puede estar fragmentado porque representa un archipi\u00e9lago en sentido estricto (islas) o figurado (islotes continentales como, por ejemplo, el condado de Trevi\u00f1o, en \u00c1lava).<\/p>\n<p>Los microterritorios tienen cosas que los hacen especiales. Entre estas est\u00e1 la insularidad. En otros casos, es la presencia de la frontera. Los microterritorios continentales son territorios-frontera en los que lo internacional se convierte en una realidad local cotidiana.<\/p>\n<p>Por \u00faltimo, hay que destacar la diversidad \u00e9tnica y social, que hace que muchos de estos territorios sean un crisol de culturas en el que los mismos nacionales del pa\u00eds son (casi) minoritarios. Este fen\u00f3meno ocurre, por ejemplo, en Andorra o Luxemburgo.<\/p>\n<h3>La trampa de los ge\u00f3grafos<\/h3>\n<p>El criterio de la poblaci\u00f3n es muy relativo. Nadie pone en duda que la Rep\u00fablica de San Marino, con 34 000 habitantes, es un microterritorio. Sin embargo, parece m\u00e1s dif\u00edcil admitir ese criterio cuando la poblaci\u00f3n es superior al medio mill\u00f3n de personas.<\/p>\n<p>La literatura cient\u00edfica ha producido toneladas de art\u00edculos y monograf\u00edas sobre los l\u00edmites de la microterritorialidad. \u00bfA partir de qu\u00e9 poblaci\u00f3n un territorio deja de ser micro? Lo mismo puede decirse del tama\u00f1o f\u00edsico. \u00bfHay una superficie m\u00e1xima a partir de la cual un microterritorio pasa a considerarse territorio a secas?<\/p>\n<p>Estas cuestiones son sin duda interesantes para los ge\u00f3grafos. Los socioling\u00fcistas, que nos encargamos de estudiar las relaciones entre lengua y sociedad, tenemos en cuenta estos criterios objetivos, pero los ponemos en relaci\u00f3n con otras variables bastante m\u00e1s subjetivas.<\/p>\n<p>Por ejemplo, Gibraltar es un microterritorio evidente debido a su poblaci\u00f3n y superficie, pero lo es todav\u00eda m\u00e1s por su car\u00e1cter de espacio enclavado en el extremo sur de otro pa\u00eds, con una sociedad multiling\u00fce en la que el ingl\u00e9s es la lengua p\u00fablica y de promoci\u00f3n social.<\/p>\n<p>Esta circunstancia distingue a Gibraltar de Espa\u00f1a, al otro lado de la frontera, con la que mantiene relaciones complejas desde hace tres siglos. Desde el Brexit, la frontera gibraltare\u00f1a es m\u00e1s internacional que nunca. Sin embargo, para los habitantes de ambos lados de la verja, esa frontera no deja de ser una realidad local que se atraviesa a diario por motivos laborales o personales.<\/p>\n<figure class=\"align-center zoomable\">\n<p><figure style=\"width: 600px\" class=\"wp-caption aligncenter\"><a href=\"https:\/\/images.theconversation.com\/files\/362129\/original\/file-20201007-22-t58guf.jpg?ixlib=rb-1.1.0&amp;q=45&amp;auto=format&amp;w=1000&amp;fit=clip\"><img loading=\"lazy\" decoding=\"async\" src=\"https:\/\/images.theconversation.com\/files\/362129\/original\/file-20201007-22-t58guf.jpg?ixlib=rb-1.1.0&amp;q=45&amp;auto=format&amp;w=754&amp;fit=clip\" sizes=\"auto, (min-width: 1466px) 754px, (max-width: 599px) 100vw, (min-width: 600px) 600px, 237px\" srcset=\"https:\/\/images.theconversation.com\/files\/362129\/original\/file-20201007-22-t58guf.jpg?ixlib=rb-1.1.0&amp;q=45&amp;auto=format&amp;w=600&amp;h=159&amp;fit=crop&amp;dpr=1 600w, https:\/\/images.theconversation.com\/files\/362129\/original\/file-20201007-22-t58guf.jpg?ixlib=rb-1.1.0&amp;q=30&amp;auto=format&amp;w=600&amp;h=159&amp;fit=crop&amp;dpr=2 1200w, https:\/\/images.theconversation.com\/files\/362129\/original\/file-20201007-22-t58guf.jpg?ixlib=rb-1.1.0&amp;q=15&amp;auto=format&amp;w=600&amp;h=159&amp;fit=crop&amp;dpr=3 1800w, https:\/\/images.theconversation.com\/files\/362129\/original\/file-20201007-22-t58guf.jpg?ixlib=rb-1.1.0&amp;q=45&amp;auto=format&amp;w=754&amp;h=199&amp;fit=crop&amp;dpr=1 754w, https:\/\/images.theconversation.com\/files\/362129\/original\/file-20201007-22-t58guf.jpg?ixlib=rb-1.1.0&amp;q=30&amp;auto=format&amp;w=754&amp;h=199&amp;fit=crop&amp;dpr=2 1508w, https:\/\/images.theconversation.com\/files\/362129\/original\/file-20201007-22-t58guf.jpg?ixlib=rb-1.1.0&amp;q=15&amp;auto=format&amp;w=754&amp;h=199&amp;fit=crop&amp;dpr=3 2262w\" alt=\"vista de Gibraltar\" width=\"600\" height=\"159\" \/><\/a><figcaption class=\"wp-caption-text\">Gibraltar. Shutterstock \/ Leonid Andronov<\/figcaption><\/figure><\/figure>\n<h3>\u00bfQu\u00e9 hace la ciencia con los microterritorios?<\/h3>\n<p>Las ciencias sociales se han entretenido much\u00edsimo con los microterritorios. La <a href=\"https:\/\/www.sciencedirect.com\/science\/article\/abs\/pii\/0305750X9500065K\">econom\u00eda<\/a> ha estudiado su capacidad de supervivencia. Las ciencias pol\u00edticas han intentado medir su salud democr\u00e1tica, con tesis a menudo opuestas. <a href=\"https:\/\/benthamopen.com\/ABSTRACT\/TOPOLISJ-1-75\">Anckar<\/a>, por ejemplo, considera que menor tama\u00f1o implica mayor eficacia y transparencia. <a href=\"https:\/\/www.tandfonline.com\/doi\/abs\/10.1080\/13510347.2013.820710\">Veenendaal<\/a>, por el contrario, piensa que lo peque\u00f1o es sin\u00f3nimo de clientelismo y corrupci\u00f3n.<br \/>\nLos an\u00e1lisis de pol\u00edticas p\u00fablicas se han interesado por conocer los m\u00e9todos de <a href=\"https:\/\/econpapers.repec.org\/article\/eeejcecon\/v_3a42_3ay_3a2014_3ai_3a1_3ap_3a34-60.htm\">gobernanza<\/a> de estos territorios. Tambi\u00e9n se han interesado por la manera en que su propia existencia representa una bofetada a nuestra vieja concepci\u00f3n del Estado-naci\u00f3n, grande y poderoso.<\/p>\n<h3>Los microterritorios y sus lenguas<\/h3>\n<p>Estos trabajos no han parecido despertar el inter\u00e9s de especialistas de otras \u00e1reas. En el caso de la socioling\u00fc\u00edstica, falta investigaci\u00f3n emp\u00edrica sobre lo que denomino la <em>variable microterritorial<\/em>. No hemos estudiado c\u00f3mo el multiling\u00fcismo puede estar condicionado por l\u00edmites demogr\u00e1ficos o geogr\u00e1ficos. Tampoco hemos estudiado c\u00f3mo influye la fragmentaci\u00f3n del espacio, la exig\u00fcidad o el aislamiento.<br \/>\nLas pol\u00edticas ling\u00fc\u00edsticas del catal\u00e1n, por ejemplo, no se gestionan de la misma manera en Catalu\u00f1a que en Andorra.<\/p>\n<p>En Andorra, la doble frontera (francesa al norte y espa\u00f1ola al sur) condiciona una mayor necesidad de relacionarse con los vecinos. Como pasa con Gibraltar, la frontera internacional acaba siendo local. Al mismo tiempo, los vecinos ejercen una influencia cultural y econ\u00f3mica insoslayable que altera los equilibrios entre lenguas.<\/p>\n<p>Al mismo tiempo, la problem\u00e1tica andorrana es diferente de la de la franja catalanohablante de Arag\u00f3n. En este territorio discontinuo y enclavado a lo largo de la frontera con Catalu\u00f1a, el catal\u00e1n es una lengua con mucho arraigo social, pero recibe un tratamiento jur\u00eddico diferente del que se le da al otro lado de la l\u00ednea de demarcaci\u00f3n.<br \/>\nUn caso similar es el de la provincia canadiense de Nuevo-Brunswick. Esta provincia es mayoritariamente angl\u00f3fona, pero en ella perviven importantes islotes franc\u00f3fonos de impresionante vitalidad ling\u00fc\u00edstica.<\/p>\n<p>Por \u00faltimo, el tratamiento que se da al ingl\u00e9s en Malta est\u00e1 subordinado a su condici\u00f3n de antigua colonia brit\u00e1nica y a la insularidad. Malta est\u00e1 obligada a abrirse a la llegada de turistas y trabajadores for\u00e1neos. Estas din\u00e1micas pueden comprometer la vitalidad del malt\u00e9s, lengua nacional que \u00fanicamente se habla dentro de su territorio.<\/p>\n<p>En definitiva, estos ejemplos demuestran c\u00f3mo la geograf\u00eda condiciona la identidad cultural y la configuraci\u00f3n socioling\u00fc\u00edstica de un territorio. El tama\u00f1o en este caso importa, pues se trata de espacios sociales y pol\u00edticos que representan a escala fen\u00f3menos que a menudo son m\u00e1s dif\u00edciles de observar en lugares m\u00e1s grandes. Por otro lado, variables como el enclavamiento o la insularidad condicionan la vida de las lenguas y de sus hablantes.<\/p>\n<p>Por todo ello, los microterritorios representan sin duda un espacio privilegiado para la observaci\u00f3n de la vida social de las lenguas.<\/p>\n<p><a href=\"https:\/\/theconversation.com\/profiles\/juan-jimenez-salcedo-1162774\">Juan Jim\u00e9nez Salcedo<\/a>, Profesor Titular de Universidad, <em><a href=\"https:\/\/theconversation.com\/institutions\/universidad-pablo-de-olavide-1362\">Universidad Pablo de Olavide<\/a><\/em><\/p>\n<p>Este art\u00edculo fue publicado originalmente en <a href=\"https:\/\/theconversation.com\">The Conversation<\/a>. Lea el <a href=\"https:\/\/theconversation.com\/el-tamano-importa-lenguas-y-microterritorios-147496\">original<\/a>.<\/p>\n<p><script type=\"text\/javascript\" src=\"https:\/\/theconversation.com\/javascripts\/lib\/content_tracker_hook.js\" id=\"theconversation_tracker_hook\" data-counter=\"https:\/\/counter.theconversation.com\/content\/147496\/count?distributor=republish-lightbox-advanced\" async=\"async\"><\/script><\/p>\n","protected":false},"excerpt":{"rendered":"<p>\u00bfPuede un territorio de 20 000 habitantes considerarse un pa\u00eds? \u00bfPuede un grupo de personas que cabe en un par de torres de cualquier gran ciudad constituir una comunidad nacional? Los microterritorios son entidades pol\u00edticas peque\u00f1as, en algunos casos min\u00fasculas, pero dotadas de todo aquello que hace que un pa\u00eds sea pa\u00eds. Del pintoresco valle a la isla en medio del oc\u00e9ano, los microterritorios existen en un mundo como el actual, en el que lo global y lo local se confunden. Pero, m\u00e1s all\u00e1 de su dimensi\u00f3n pol\u00edtica, \u00bfest\u00e1n dotados los microterritorios de una identidad cultural propia? \u00bfC\u00f3mo gestionan sus especificidades ling\u00fc\u00edsticas? \u00bfPor qu\u00e9 los microterritorios deber\u00edan interesar a los ling\u00fcistas?<\/p>\n","protected":false},"author":6,"featured_media":30861944,"comment_status":"closed","ping_status":"open","sticky":false,"template":"","format":"standard","meta":{"_monsterinsights_skip_tracking":false,"_monsterinsights_sitenote_active":false,"_monsterinsights_sitenote_note":"","_monsterinsights_sitenote_category":0,"footnotes":""},"categories":[5390],"tags":[2024,1591,2993,3465],"class_list":["post-30861943","post","type-post","status-publish","format-standard","has-post-thumbnail","hentry","category-theconversation","tag-geografia","tag-geografia-humana","tag-lenguas","tag-poblacion"],"_links":{"self":[{"href":"https:\/\/www.upo.es\/diario\/wp-json\/wp\/v2\/posts\/30861943","targetHints":{"allow":["GET"]}}],"collection":[{"href":"https:\/\/www.upo.es\/diario\/wp-json\/wp\/v2\/posts"}],"about":[{"href":"https:\/\/www.upo.es\/diario\/wp-json\/wp\/v2\/types\/post"}],"author":[{"embeddable":true,"href":"https:\/\/www.upo.es\/diario\/wp-json\/wp\/v2\/users\/6"}],"replies":[{"embeddable":true,"href":"https:\/\/www.upo.es\/diario\/wp-json\/wp\/v2\/comments?post=30861943"}],"version-history":[{"count":2,"href":"https:\/\/www.upo.es\/diario\/wp-json\/wp\/v2\/posts\/30861943\/revisions"}],"predecessor-version":[{"id":30861946,"href":"https:\/\/www.upo.es\/diario\/wp-json\/wp\/v2\/posts\/30861943\/revisions\/30861946"}],"wp:featuredmedia":[{"embeddable":true,"href":"https:\/\/www.upo.es\/diario\/wp-json\/wp\/v2\/media\/30861944"}],"wp:attachment":[{"href":"https:\/\/www.upo.es\/diario\/wp-json\/wp\/v2\/media?parent=30861943"}],"wp:term":[{"taxonomy":"category","embeddable":true,"href":"https:\/\/www.upo.es\/diario\/wp-json\/wp\/v2\/categories?post=30861943"},{"taxonomy":"post_tag","embeddable":true,"href":"https:\/\/www.upo.es\/diario\/wp-json\/wp\/v2\/tags?post=30861943"}],"curies":[{"name":"wp","href":"https:\/\/api.w.org\/{rel}","templated":true}]}}