{"id":30861952,"date":"2020-10-08T10:34:28","date_gmt":"2020-10-08T08:34:28","guid":{"rendered":"https:\/\/www.upo.es\/diario\/?p=30861952"},"modified":"2020-10-14T09:25:53","modified_gmt":"2020-10-14T07:25:53","slug":"iii-jornadas-profesiones-con-futuro-punto-de-encuentro-entre-empresas-lideres-del-sector-tecnologico-y-estudiantes","status":"publish","type":"post","link":"https:\/\/www.upo.es\/diario\/docencia-formacion\/2020\/10\/iii-jornadas-profesiones-con-futuro-punto-de-encuentro-entre-empresas-lideres-del-sector-tecnologico-y-estudiantes\/","title":{"rendered":"III Jornadas \u2018Profesiones con Futuro\u2019, punto de encuentro entre empresas l\u00edderes del sector tecnol\u00f3gico y estudiantes"},"content":{"rendered":"<p><u><img loading=\"lazy\" decoding=\"async\" class=\"alignright size-medium wp-image-30861869\" src=\"https:\/\/www.upo.es\/diario\/wp-content\/uploads\/2020\/10\/Cartel-IIIJornadasProfesionesFuturoEPS-1-255x360.png\" alt=\"\" width=\"255\" height=\"360\" srcset=\"https:\/\/www.upo.es\/diario\/wp-content\/uploads\/2020\/10\/Cartel-IIIJornadasProfesionesFuturoEPS-1-255x360.png 255w, https:\/\/www.upo.es\/diario\/wp-content\/uploads\/2020\/10\/Cartel-IIIJornadasProfesionesFuturoEPS-1-530x750.png 530w, https:\/\/www.upo.es\/diario\/wp-content\/uploads\/2020\/10\/Cartel-IIIJornadasProfesionesFuturoEPS-1-768x1086.png 768w, https:\/\/www.upo.es\/diario\/wp-content\/uploads\/2020\/10\/Cartel-IIIJornadasProfesionesFuturoEPS-1-600x848.png 600w, https:\/\/www.upo.es\/diario\/wp-content\/uploads\/2020\/10\/Cartel-IIIJornadasProfesionesFuturoEPS-1-1086x1536.png 1086w, https:\/\/www.upo.es\/diario\/wp-content\/uploads\/2020\/10\/Cartel-IIIJornadasProfesionesFuturoEPS-1-1320x1866.png 1320w, https:\/\/www.upo.es\/diario\/wp-content\/uploads\/2020\/10\/Cartel-IIIJornadasProfesionesFuturoEPS-1.png 1413w\" sizes=\"auto, (max-width: 255px) 100vw, 255px\" \/>Ma\u00f1ana viernes 9 de octubre, a las 9:30 horas<\/u>, arrancar\u00e1n las <strong>III Jornadas \u2018Profesiones con Futuro\u2019<\/strong> de la Escuela Polit\u00e9cnica Superior de la Universidad Pablo de Olavide, un evento que se celebrar\u00e1 de manera virtual y que pretende ser punto de encuentro entre estudiantes y empresas l\u00edderes del sector tecnol\u00f3gico.<\/p>\n<p>Las jornadas, que cuentan con m\u00e1s de 300 inscritos, ser\u00e1n presentadas por Mercedes de la Torre, vicerrectora de Estudiantes, por Norberto D\u00edaz D\u00edaz y por Mar\u00eda Jim\u00e9nez Hern\u00e1ndez, director y subdelegada de la Escuela Polit\u00e9cnica Superior, respectivamente.<\/p>\n<p>Estudiantes de ciclos formativos de la familia profesional de la Inform\u00e1tica y Comunicaciones, y estudiantes y egresados y egresadas del Grado en Ingenier\u00eda Inform\u00e1tica en Sistemas de Informaci\u00f3n de la UPO y de otras universidades, presenciar\u00e1n este evento que se celebra ma\u00f1ana viernes 9 de octubre de manera virtual sincr\u00f3nica a trav\u00e9s de la herramienta Blackboard Collaborate Ultra. Para participar es imprescindible inscribirse a trav\u00e9s de este <a href=\"https:\/\/www.upo.es\/limesurvey\/index.php?r=survey\/index&amp;sid=733846&amp;lang=es\">formulario<\/a>.<\/p>\n<p>A trav\u00e9s de este encuentro, de naturaleza eminentemente pr\u00e1ctica y din\u00e1mica, los y las participantes podr\u00e1n conocer de primera mano las <strong>necesidades del mercado laboral actual y futuro a trav\u00e9s de diez compa\u00f1\u00edas tecnol\u00f3gicas del m\u00e1s alto nivel<\/strong>: GUADALTEL, EDICOM GROUP, EMERGYA, BABEL, INNOVATION GROUP, AYESA, DELOITTE, INGENIA, PRISE, QOSIT CONSULTING.<\/p>\n<p>Por otro lado, dar a conocer el <strong>papel que desempe\u00f1an los ingenieros e ingenieras inform\u00e1ticas <\/strong>en distintas empresas del sector tecnol\u00f3gico es otro de los objetivos de estas jornadas organizadas por la Escuela Polit\u00e9cnica Superior y su delegaci\u00f3n de estudiantes, con la colaboraci\u00f3n del Vicerrectorado de Estudiantes de la UPO.<\/p>\n<p>&nbsp;<\/p>\n<h3><strong>M\u00e1s informaci\u00f3n:<\/strong><strong>\u00a0<\/strong><\/h3>\n<p><a href=\"https:\/\/www.upo.es\/escuela-politecnica-superior\/iii-jornadas-profesiones-con-futuro-de-la-eps-de-la-upo\/\">Escuela Polit\u00e9cnica Superior de la UPO.<\/a><\/p>\n<p><strong>\u00a0<\/strong>Inscripci\u00f3n: <a href=\"https:\/\/www.upo.es\/limesurvey\/index.php?r=survey\/index&amp;sid=733846&amp;lang=es\">https:\/\/www.upo.es\/limesurvey\/index.php?r=survey\/index&amp;sid=733846&amp;lang=es<\/a><\/p>\n","protected":false},"excerpt":{"rendered":"<p>Ma\u00f1ana viernes 9 de octubre, a las 9:30 horas, arrancar\u00e1n las III Jornadas \u2018Profesiones con Futuro\u2019 de la Escuela Polit\u00e9cnica Superior de la Universidad Pablo de Olavide, un evento que se celebrar\u00e1 de manera virtual y que pretende ser punto de encuentro entre estudiantes y empresas l\u00edderes del sector tecnol\u00f3gico.<\/p>\n","protected":false},"author":2,"featured_media":30861869,"comment_status":"closed","ping_status":"open","sticky":false,"template":"","format":"standard","meta":{"_monsterinsights_skip_tracking":false,"_monsterinsights_sitenote_active":false,"_monsterinsights_sitenote_note":"","_monsterinsights_sitenote_category":0,"footnotes":""},"categories":[2779],"tags":[3989,821,152,6912,6914,6913,866,6237],"class_list":["post-30861952","post","type-post","status-publish","format-standard","has-post-thumbnail","hentry","category-docencia-formacion","tag-empleabilidad","tag-encuentro","tag-escuela-politecnica-superior","tag-estudiantado","tag-grado-en-ingenieria-informatica-en-sistemas-de-informacion-de-la-upo","tag-ingenieras","tag-ingenieros","tag-sector-tecnologico"],"_links":{"self":[{"href":"https:\/\/www.upo.es\/diario\/wp-json\/wp\/v2\/posts\/30861952","targetHints":{"allow":["GET"]}}],"collection":[{"href":"https:\/\/www.upo.es\/diario\/wp-json\/wp\/v2\/posts"}],"about":[{"href":"https:\/\/www.upo.es\/diario\/wp-json\/wp\/v2\/types\/post"}],"author":[{"embeddable":true,"href":"https:\/\/www.upo.es\/diario\/wp-json\/wp\/v2\/users\/2"}],"replies":[{"embeddable":true,"href":"https:\/\/www.upo.es\/diario\/wp-json\/wp\/v2\/comments?post=30861952"}],"version-history":[{"count":1,"href":"https:\/\/www.upo.es\/diario\/wp-json\/wp\/v2\/posts\/30861952\/revisions"}],"predecessor-version":[{"id":30861953,"href":"https:\/\/www.upo.es\/diario\/wp-json\/wp\/v2\/posts\/30861952\/revisions\/30861953"}],"wp:featuredmedia":[{"embeddable":true,"href":"https:\/\/www.upo.es\/diario\/wp-json\/wp\/v2\/media\/30861869"}],"wp:attachment":[{"href":"https:\/\/www.upo.es\/diario\/wp-json\/wp\/v2\/media?parent=30861952"}],"wp:term":[{"taxonomy":"category","embeddable":true,"href":"https:\/\/www.upo.es\/diario\/wp-json\/wp\/v2\/categories?post=30861952"},{"taxonomy":"post_tag","embeddable":true,"href":"https:\/\/www.upo.es\/diario\/wp-json\/wp\/v2\/tags?post=30861952"}],"curies":[{"name":"wp","href":"https:\/\/api.w.org\/{rel}","templated":true}]}}