{"id":30861978,"date":"2020-10-09T12:47:16","date_gmt":"2020-10-09T10:47:16","guid":{"rendered":"https:\/\/www.upo.es\/diario\/?p=30861978"},"modified":"2020-10-15T13:39:15","modified_gmt":"2020-10-15T11:39:15","slug":"radiolavide-estrena-este-curso-tres-nuevos-programas","status":"publish","type":"post","link":"https:\/\/www.upo.es\/diario\/comunidad\/2020\/10\/radiolavide-estrena-este-curso-tres-nuevos-programas\/","title":{"rendered":"RadiOlavide estrena este curso tres nuevos programas"},"content":{"rendered":"<figure id=\"attachment_30861979\" aria-describedby=\"caption-attachment-30861979\" style=\"width: 360px\" class=\"wp-caption alignright\"><img loading=\"lazy\" decoding=\"async\" class=\"size-medium wp-image-30861979\" src=\"https:\/\/www.upo.es\/diario\/wp-content\/uploads\/2020\/10\/Creando-Comunidad-360x314.jpeg\" alt=\"\" width=\"360\" height=\"314\" srcset=\"https:\/\/www.upo.es\/diario\/wp-content\/uploads\/2020\/10\/Creando-Comunidad-360x314.jpeg 360w, https:\/\/www.upo.es\/diario\/wp-content\/uploads\/2020\/10\/Creando-Comunidad-750x654.jpeg 750w, https:\/\/www.upo.es\/diario\/wp-content\/uploads\/2020\/10\/Creando-Comunidad-768x670.jpeg 768w, https:\/\/www.upo.es\/diario\/wp-content\/uploads\/2020\/10\/Creando-Comunidad-600x523.jpeg 600w, https:\/\/www.upo.es\/diario\/wp-content\/uploads\/2020\/10\/Creando-Comunidad-1536x1339.jpeg 1536w, https:\/\/www.upo.es\/diario\/wp-content\/uploads\/2020\/10\/Creando-Comunidad-1320x1151.jpeg 1320w, https:\/\/www.upo.es\/diario\/wp-content\/uploads\/2020\/10\/Creando-Comunidad.jpeg 1600w\" sizes=\"auto, (max-width: 360px) 100vw, 360px\" \/><figcaption id=\"caption-attachment-30861979\" class=\"wp-caption-text\">&#8216;Creando Comunidad&#8217; se emitir\u00e1 los martes a las 10:00 horas y los viernes a las 17:00 horas.<\/figcaption><\/figure>\n<p>RadiOlavide suma tres nuevas propuestas a su programaci\u00f3n en este nuevo curso. \u2018Al Trastero\u2019, \u2018Creando Comunidad\u2019 y \u2018Radio Wunderbar\u2019 son los nuevos proyectos de la radio universitaria de la Universidad Pablo de Olavide, cuya <a href=\"https:\/\/radiolavide.org\/pagina\/parrilla\">parrilla<\/a> se compone de un total de <a href=\"https:\/\/radiolavide.org\/programas\">doce programas<\/a>.<\/p>\n<p>As\u00ed, e<u>l pr\u00f3ximo martes 13 de octubre<\/u>, se celebra un doble estreno. <u>A las 10:00 horas<\/u> se emitir\u00e1<strong> \u2018Creando Comunidad\u2019<\/strong> un programa sobre intervenci\u00f3n, perspectiva comunitaria y trabajo social producto de la asignatura Trabajo Social Comunitario I, impartida por el profesor Juan Blanco L\u00f3pez en el Doble Grado en Sociolog\u00eda y Trabajo Social. Su objetivo es provocar una reflexi\u00f3n cr\u00edtica sobre la intervenci\u00f3n social en el \u00e1mbito comunitario que pretende ser compartida con el conjunto de la comunidad universitaria.<\/p>\n<p>Todos los programas est\u00e1n producidos por los y las estudiantes de dicha asignatura e incluir\u00e1n una breve introducci\u00f3n y contextualizaci\u00f3n del profesor Juan Blanco. Durante esta temporada 2020-2021, se emitir\u00e1n un total de 8 programas correspondientes al curso pasado. Su horario de emisi\u00f3n ser\u00e1 los martes a las 10:00 horas y los viernes a las 17:00 horas.<\/p>\n<figure id=\"attachment_30861980\" aria-describedby=\"caption-attachment-30861980\" style=\"width: 360px\" class=\"wp-caption alignleft\"><img loading=\"lazy\" decoding=\"async\" class=\"size-medium wp-image-30861980\" src=\"https:\/\/www.upo.es\/diario\/wp-content\/uploads\/2020\/10\/logo-360x255.jpeg\" alt=\"\" width=\"360\" height=\"255\" srcset=\"https:\/\/www.upo.es\/diario\/wp-content\/uploads\/2020\/10\/logo-360x255.jpeg 360w, https:\/\/www.upo.es\/diario\/wp-content\/uploads\/2020\/10\/logo-750x530.jpeg 750w, https:\/\/www.upo.es\/diario\/wp-content\/uploads\/2020\/10\/logo-768x543.jpeg 768w, https:\/\/www.upo.es\/diario\/wp-content\/uploads\/2020\/10\/logo-600x424.jpeg 600w, https:\/\/www.upo.es\/diario\/wp-content\/uploads\/2020\/10\/logo-1536x1086.jpeg 1536w, https:\/\/www.upo.es\/diario\/wp-content\/uploads\/2020\/10\/logo-1320x933.jpeg 1320w, https:\/\/www.upo.es\/diario\/wp-content\/uploads\/2020\/10\/logo.jpeg 1754w\" sizes=\"auto, (max-width: 360px) 100vw, 360px\" \/><figcaption id=\"caption-attachment-30861980\" class=\"wp-caption-text\">&#8216;Al Trastero&#8217; se emitir\u00e1 los martes a las 11:00 horas y los viernes a las 18:00 horas.<\/figcaption><\/figure>\n<p>El segundo estreno, <u>el martes 13 de octubre<\/u> <u>a las 11:00 horas<\/u>, es <strong>\u2018Al Trastero\u2019<\/strong>, el programa sobre nuevas tecnolog\u00edas, nociones b\u00e1sicas y sencillas con car\u00e1cter divulgativo sobre telecomunicaciones, inform\u00e1tica, electr\u00f3nica, telefon\u00eda y mucho m\u00e1s.<\/p>\n<p>Se trata de un programa interactivo que pretende responder a las dudas y preguntas de los y las oyentes, quienes se podr\u00e1n comunicar con el equipo de producci\u00f3n a trav\u00e9s de sus redes sociales Facebook, Twitter, Instagram, Youtube y Vimeo. Se emitir\u00e1 los martes a las 11:00 horas y los viernes a las 18:00 horas.<\/p>\n<p>La fecha de emisi\u00f3n del tercer estreno es <u>el 29 de octubre a las 13:00 horas<\/u>, d\u00eda en el que podremos escuchar <strong>\u2018Radio Wunderbar\u2019<\/strong>, un programa de apoyo a la ense\u00f1anza de alem\u00e1n e introducci\u00f3n en la profesi\u00f3n de traducci\u00f3n\/interpretaci\u00f3n, de contenido biling\u00fce, dirigido por la profesora de la UPO Olga Koreneva Antonova.<\/p>\n<figure id=\"attachment_30861981\" aria-describedby=\"caption-attachment-30861981\" style=\"width: 360px\" class=\"wp-caption alignright\"><img loading=\"lazy\" decoding=\"async\" class=\"size-medium wp-image-30861981\" src=\"https:\/\/www.upo.es\/diario\/wp-content\/uploads\/2020\/10\/fotoequipo2020-10-06-at-17.48.06OK-360x360.jpeg\" alt=\"\" width=\"360\" height=\"360\" srcset=\"https:\/\/www.upo.es\/diario\/wp-content\/uploads\/2020\/10\/fotoequipo2020-10-06-at-17.48.06OK-360x360.jpeg 360w, https:\/\/www.upo.es\/diario\/wp-content\/uploads\/2020\/10\/fotoequipo2020-10-06-at-17.48.06OK-750x750.jpeg 750w, https:\/\/www.upo.es\/diario\/wp-content\/uploads\/2020\/10\/fotoequipo2020-10-06-at-17.48.06OK-150x150.jpeg 150w, https:\/\/www.upo.es\/diario\/wp-content\/uploads\/2020\/10\/fotoequipo2020-10-06-at-17.48.06OK-768x768.jpeg 768w, https:\/\/www.upo.es\/diario\/wp-content\/uploads\/2020\/10\/fotoequipo2020-10-06-at-17.48.06OK-600x600.jpeg 600w, https:\/\/www.upo.es\/diario\/wp-content\/uploads\/2020\/10\/fotoequipo2020-10-06-at-17.48.06OK-1536x1536.jpeg 1536w, https:\/\/www.upo.es\/diario\/wp-content\/uploads\/2020\/10\/fotoequipo2020-10-06-at-17.48.06OK-1320x1320.jpeg 1320w, https:\/\/www.upo.es\/diario\/wp-content\/uploads\/2020\/10\/fotoequipo2020-10-06-at-17.48.06OK.jpeg 1600w\" sizes=\"auto, (max-width: 360px) 100vw, 360px\" \/><figcaption id=\"caption-attachment-30861981\" class=\"wp-caption-text\">&#8216;Radio Wunderbar\u2019 se estrena el jueves 29 de octubre a las 13:00 horas.<\/figcaption><\/figure>\n<p>Estas tres propuestas se suman a una parrilla diversa compuesta por \u2018Bueno para Escuchar\u2019, \u2018Miradas Feministas\u2019, \u2018Desde la Atalaya\u2019, \u2018O Mundo da L\u00edngua Portuguesa\u2019, \u2018\u00d3rbita Olavide\u2019, \u2018Porque tu problema tiene mediaci\u00f3n\u2019, \u2018Con mucho cuento\u2019, \u2018Venimos del Sur\u2019 y \u2018Mundo Sostenible\u2019.<\/p>\n<p>RadiOlavide es un proyecto educativo y comunitario que se encuentra al servicio de toda la sociedad. Impulsada por el Vicerrectorado de Cultura y Compromiso Social y por el Vicerrectorado de Estudiantes de la Universidad Pablo de Olavide, esta radio universitaria que emite por internet se concibe como medio de comunicaci\u00f3n, difusi\u00f3n recurso pedag\u00f3gico y de participaci\u00f3n de la comunidad universitaria. Supone una apuesta de la Universidad Pablo de Olavide para contribuir a la democratizaci\u00f3n de los saberes y conocimientos, as\u00ed como a la construcci\u00f3n de una identidad cultural diversa. RadiOlavide es la primera radio universitaria que se cre\u00f3 en Sevilla y cumplir\u00e1 cuatro a\u00f1os el pr\u00f3ximo 22 de diciembre.<\/p>\n<p>&nbsp;<\/p>\n<h3><strong>M\u00e1s informaci\u00f3n:<\/strong><\/h3>\n<p><a href=\"https:\/\/radiolavide.org\/\">Web de RadiOlavide<\/a><\/p>\n","protected":false},"excerpt":{"rendered":"<p>RadiOlavide suma tres nuevas propuestas a su programaci\u00f3n en este nuevo curso. \u2018Al Trastero\u2019, \u2018Creando Comunidad\u2019 y \u2018Radio Wunderbar\u2019 son los nuevos proyectos de la radio universitaria de la Universidad Pablo de Olavide, cuya parrilla se compone de un total de doce programas.<\/p>\n","protected":false},"author":2,"featured_media":17923092,"comment_status":"closed","ping_status":"open","sticky":false,"template":"","format":"standard","meta":{"_monsterinsights_skip_tracking":false,"_monsterinsights_sitenote_active":false,"_monsterinsights_sitenote_note":"","_monsterinsights_sitenote_category":0,"footnotes":""},"categories":[5842],"tags":[2759,5834,3427,3785,6446,3784],"class_list":["post-30861978","post","type-post","status-publish","format-standard","has-post-thumbnail","hentry","category-comunidad","tag-compromiso-social","tag-cultura","tag-estreno","tag-radio","tag-radio-universitaria","tag-radiolavide"],"_links":{"self":[{"href":"https:\/\/www.upo.es\/diario\/wp-json\/wp\/v2\/posts\/30861978","targetHints":{"allow":["GET"]}}],"collection":[{"href":"https:\/\/www.upo.es\/diario\/wp-json\/wp\/v2\/posts"}],"about":[{"href":"https:\/\/www.upo.es\/diario\/wp-json\/wp\/v2\/types\/post"}],"author":[{"embeddable":true,"href":"https:\/\/www.upo.es\/diario\/wp-json\/wp\/v2\/users\/2"}],"replies":[{"embeddable":true,"href":"https:\/\/www.upo.es\/diario\/wp-json\/wp\/v2\/comments?post=30861978"}],"version-history":[{"count":1,"href":"https:\/\/www.upo.es\/diario\/wp-json\/wp\/v2\/posts\/30861978\/revisions"}],"predecessor-version":[{"id":30861982,"href":"https:\/\/www.upo.es\/diario\/wp-json\/wp\/v2\/posts\/30861978\/revisions\/30861982"}],"wp:featuredmedia":[{"embeddable":true,"href":"https:\/\/www.upo.es\/diario\/wp-json\/wp\/v2\/media\/17923092"}],"wp:attachment":[{"href":"https:\/\/www.upo.es\/diario\/wp-json\/wp\/v2\/media?parent=30861978"}],"wp:term":[{"taxonomy":"category","embeddable":true,"href":"https:\/\/www.upo.es\/diario\/wp-json\/wp\/v2\/categories?post=30861978"},{"taxonomy":"post_tag","embeddable":true,"href":"https:\/\/www.upo.es\/diario\/wp-json\/wp\/v2\/tags?post=30861978"}],"curies":[{"name":"wp","href":"https:\/\/api.w.org\/{rel}","templated":true}]}}