{"id":30862683,"date":"2020-10-16T12:44:21","date_gmt":"2020-10-16T10:44:21","guid":{"rendered":"https:\/\/www.upo.es\/diario\/?p=30862683"},"modified":"2020-11-03T16:07:27","modified_gmt":"2020-11-03T15:07:27","slug":"la-facultad-de-humanidades-de-la-upo-convoca-la-vii-edicion-del-premio-humanitas","status":"publish","type":"post","link":"https:\/\/www.upo.es\/diario\/docencia-formacion\/2020\/10\/la-facultad-de-humanidades-de-la-upo-convoca-la-vii-edicion-del-premio-humanitas\/","title":{"rendered":"La Facultad de Humanidades de la UPO convoca la VII edici\u00f3n del Premio &#8216;Humanitas&#8217;"},"content":{"rendered":"<p><img loading=\"lazy\" decoding=\"async\" class=\"aligncenter wp-image-30862692 size-large\" src=\"https:\/\/www.upo.es\/diario\/wp-content\/uploads\/2020\/10\/library-1666702_1280-750x496.jpg\" alt=\"\" width=\"750\" height=\"496\" srcset=\"https:\/\/www.upo.es\/diario\/wp-content\/uploads\/2020\/10\/library-1666702_1280-750x496.jpg 750w, https:\/\/www.upo.es\/diario\/wp-content\/uploads\/2020\/10\/library-1666702_1280-360x238.jpg 360w, https:\/\/www.upo.es\/diario\/wp-content\/uploads\/2020\/10\/library-1666702_1280-768x508.jpg 768w, https:\/\/www.upo.es\/diario\/wp-content\/uploads\/2020\/10\/library-1666702_1280-600x397.jpg 600w, https:\/\/www.upo.es\/diario\/wp-content\/uploads\/2020\/10\/library-1666702_1280-380x250.jpg 380w, https:\/\/www.upo.es\/diario\/wp-content\/uploads\/2020\/10\/library-1666702_1280-165x109.jpg 165w, https:\/\/www.upo.es\/diario\/wp-content\/uploads\/2020\/10\/library-1666702_1280.jpg 1280w\" sizes=\"auto, (max-width: 750px) 100vw, 750px\" \/>La Facultad de Humanidades de la Universidad Pablo de Olavide ha convocado la s\u00e9ptima edici\u00f3n del <strong>Premio <em>Humanitas<\/em> para J\u00f3venes Investigadores<\/strong>, que pretende fomentar el conocimiento de las disciplinas human\u00edsticas y la iniciaci\u00f3n a la actividad investigadora en diversos campos del saber, tales como la historia, la historia del arte, la arqueolog\u00eda, la literatura, la filolog\u00eda, la filosof\u00eda, la geograf\u00eda, as\u00ed como cualquier otro \u00e1mbito de las humanidades. <strong>Pueden optar al premio equipos de trabajo formados por docentes y estudiantes matriculados en cuarto de ESO, Bachillerato, ciclos formativos de Grado Medio o Superior y Conservatorios Profesionales de m\u00fasica y danza.<\/strong><\/p>\n<p>La propuesta del trabajo, junto con el formulario de inscripci\u00f3n, deber\u00e1 presentarse en la Facultad de Humanidades de la Universidad Pablo de Olavide <strong>antes del 15 de enero de 2021.<\/strong> La propuesta, que se enviar\u00e1 a la direcci\u00f3n de correo electr\u00f3nico decahuma@upo.es, deber\u00e1 explicar de forma clara el tema, el \u00e1mbito de estudio espacial y cronol\u00f3gico, el planteamiento y la hip\u00f3tesis, la metodolog\u00eda, las fuentes del trabajo y los principales pasos en la elaboraci\u00f3n del trabajo, con un posible cronograma para su realizaci\u00f3n.<\/p>\n<p>La Facultad de Humanidades de la UPO dar\u00e1 a conocer antes del 31 de enero de 2021 los proyectos aceptados. Los trabajos definitivos habr\u00e1n de entregarse antes del 30 de junio de 2021 y ser\u00e1n evaluados por un jurado compuesto por la decana de la Facultad de Humanidades, dos profesores del Departamento de Geograf\u00eda, Historia y Filosof\u00eda de la UPO, dos profesores del Departamento de Filolog\u00eda y Traducci\u00f3n de la Universidad, y dos profesores de Educaci\u00f3n Secundaria.<\/p>\n<p>Habr\u00e1 un Primer Premio y un Acc\u00e9sit consistentes en libros, material electr\u00f3nico, inform\u00e1tico y de comunicaci\u00f3n por valor de 1000 euros para el Primer Premio y de 500 para el Acc\u00e9sit. El fallo se producir\u00e1 antes del 20 de septiembre de 2021.<\/p>\n<p>Con respecto a la pasada edici\u00f3n, el fallo se producir\u00e1 en los pr\u00f3ximos d\u00edas, dado que el plazo de entrega de trabajos se vio ampliado debido a la pandemia. \u201cResulta emocionante y admirable que los equipos hayan continuado con su labor de investigaci\u00f3n, a pesar del cierre de los centros educativos en marzo del curso pasado. La vocaci\u00f3n del profesorado de secundaria y del alumnado de humanidades es inquebrantable\u201d, ha declarado la decana de la Facultad de Humanidades, Rosario Moreno.<\/p>\n<p>M\u00e1s informaci\u00f3n: <a href=\"http:\/\/www.upo.es\/facultad-humanidades\/es\/general\/premio-humanitas\/\">www.upo.es\/facultad-humanidades\/es\/general\/premio-humanitas\/<\/a><\/p>\n<p>&nbsp;<\/p>\n<p>&nbsp;<\/p>\n","protected":false},"excerpt":{"rendered":"<p>La Facultad de Humanidades de la Universidad Pablo de Olavide ha convocado la s\u00e9ptima edici\u00f3n del Premio Humanitas para J\u00f3venes Investigadores, que pretende fomentar el conocimiento de las disciplinas human\u00edsticas y la iniciaci\u00f3n a la actividad investigadora en diversos campos del saber, tales como la historia, la historia del arte, la arqueolog\u00eda, la literatura, la filolog\u00eda, la filosof\u00eda, la geograf\u00eda, as\u00ed como cualquier otro \u00e1mbito de las humanidades. Pueden optar al premio equipos de trabajo formados por docentes y estudiantes matriculados en cuarto de ESO, Bachillerato, ciclos formativos de Grado Medio o Superior y Conservatorios Profesionales de m\u00fasica y danza.<\/p>\n","protected":false},"author":15,"featured_media":30862692,"comment_status":"closed","ping_status":"open","sticky":false,"template":"","format":"standard","meta":{"_monsterinsights_skip_tracking":false,"_monsterinsights_sitenote_active":false,"_monsterinsights_sitenote_note":"","_monsterinsights_sitenote_category":0,"footnotes":""},"categories":[2779],"tags":[1961,96,4813,2699,5827,6231],"class_list":["post-30862683","post","type-post","status-publish","format-standard","has-post-thumbnail","hentry","category-docencia-formacion","tag-convocatoria","tag-facultad-de-humanidades","tag-jovenes-investigadores","tag-premio-humanitas","tag-rosario-moreno","tag-vii-edicion"],"_links":{"self":[{"href":"https:\/\/www.upo.es\/diario\/wp-json\/wp\/v2\/posts\/30862683","targetHints":{"allow":["GET"]}}],"collection":[{"href":"https:\/\/www.upo.es\/diario\/wp-json\/wp\/v2\/posts"}],"about":[{"href":"https:\/\/www.upo.es\/diario\/wp-json\/wp\/v2\/types\/post"}],"author":[{"embeddable":true,"href":"https:\/\/www.upo.es\/diario\/wp-json\/wp\/v2\/users\/15"}],"replies":[{"embeddable":true,"href":"https:\/\/www.upo.es\/diario\/wp-json\/wp\/v2\/comments?post=30862683"}],"version-history":[{"count":4,"href":"https:\/\/www.upo.es\/diario\/wp-json\/wp\/v2\/posts\/30862683\/revisions"}],"predecessor-version":[{"id":30862693,"href":"https:\/\/www.upo.es\/diario\/wp-json\/wp\/v2\/posts\/30862683\/revisions\/30862693"}],"wp:featuredmedia":[{"embeddable":true,"href":"https:\/\/www.upo.es\/diario\/wp-json\/wp\/v2\/media\/30862692"}],"wp:attachment":[{"href":"https:\/\/www.upo.es\/diario\/wp-json\/wp\/v2\/media?parent=30862683"}],"wp:term":[{"taxonomy":"category","embeddable":true,"href":"https:\/\/www.upo.es\/diario\/wp-json\/wp\/v2\/categories?post=30862683"},{"taxonomy":"post_tag","embeddable":true,"href":"https:\/\/www.upo.es\/diario\/wp-json\/wp\/v2\/tags?post=30862683"}],"curies":[{"name":"wp","href":"https:\/\/api.w.org\/{rel}","templated":true}]}}