{"id":30862706,"date":"2020-10-19T13:28:15","date_gmt":"2020-10-19T11:28:15","guid":{"rendered":"https:\/\/www.upo.es\/diario\/?p=30862706"},"modified":"2020-10-22T13:43:02","modified_gmt":"2020-10-22T11:43:02","slug":"la-upo-lidera-el-proyecto-europeo-voices-of-immigrant-women","status":"publish","type":"post","link":"https:\/\/www.upo.es\/diario\/ciencia\/2020\/10\/la-upo-lidera-el-proyecto-europeo-voices-of-immigrant-women\/","title":{"rendered":"La UPO lidera el proyecto europeo \u2018Voices of immigrant women\u2019"},"content":{"rendered":"<p><img loading=\"lazy\" decoding=\"async\" class=\"alignright size-medium wp-image-30862712\" src=\"https:\/\/www.upo.es\/diario\/wp-content\/uploads\/2020\/10\/ilustracion_mujeres-360x254.jpg\" alt=\"ilustraci\u00f3n con rostros y silueta de mujer\" width=\"360\" height=\"254\" srcset=\"https:\/\/www.upo.es\/diario\/wp-content\/uploads\/2020\/10\/ilustracion_mujeres-360x254.jpg 360w, https:\/\/www.upo.es\/diario\/wp-content\/uploads\/2020\/10\/ilustracion_mujeres-750x529.jpg 750w, https:\/\/www.upo.es\/diario\/wp-content\/uploads\/2020\/10\/ilustracion_mujeres-768x542.jpg 768w, https:\/\/www.upo.es\/diario\/wp-content\/uploads\/2020\/10\/ilustracion_mujeres-600x423.jpg 600w, https:\/\/www.upo.es\/diario\/wp-content\/uploads\/2020\/10\/ilustracion_mujeres.jpg 774w\" sizes=\"auto, (max-width: 360px) 100vw, 360px\" \/>La Universidad Pablo de Olavide inicia la coordinaci\u00f3n del proyecto <strong>\u2018Voices of Immigrant Women\u2019<\/strong>, (VIW) cofinanciado por el programa Erasmus+ de la Uni\u00f3n Europea, en la tipolog\u00eda de proyectos de Asociaciones Estrat\u00e9gicas en el sector de Educaci\u00f3n Superior (KA203). El proyecto est\u00e1 dirigido por la profesora del Departamento de Educaci\u00f3n y Psicolog\u00eda Social de la Facultad de Ciencias Sociales y directora del Grupo de Investigaci\u00f3n en Acci\u00f3n Socioeducativa (GIAS), <strong>Teresa Terr\u00f3n Caro<\/strong>, y tiene como finalidad <strong>contribuir a la construcci\u00f3n de un sistema de educaci\u00f3n superior m\u00e1s inclusivo<\/strong>, que aborde el importante desaf\u00edo social que representan las migraciones y, m\u00e1s espec\u00edficamente, los flujos migratorios de mujeres en el contexto europeo actual. \u2018Voices of Immigrant Women\u2019 pretende dotar al alumnado universitario (futuros y futuras profesionales), personal investigador, profesorado de Educaci\u00f3n Superior y a los profesionales que trabajan en este \u00e1mbito, de una profunda conciencia de la interconexi\u00f3n entre g\u00e9nero, migraci\u00f3n e integraci\u00f3n.<\/p>\n<p>As\u00ed, la ejecuci\u00f3n del proyecto, que tendr\u00e1 una duraci\u00f3n de 24 meses, ir\u00e1 orientada a tres acciones claves. En primer lugar, se desarrollar\u00e1 un mapeo de estudios de casos e historias de \u00e9xito de integraci\u00f3n de las mujeres migrantes en los distintos pa\u00edses. En una segunda fase, se dise\u00f1ar\u00e1 un programa de formaci\u00f3n transnacional e interdisciplinar sobre \u2018Movilidad Humana, Integraci\u00f3n y G\u00e9nero\u2019. Y en tercer y \u00faltimo lugar, se plantear\u00e1n propuestas de intervenci\u00f3n para orientar a las personas responsables de formular las pol\u00edticas de educaci\u00f3n superior e integraci\u00f3n de inmigrantes. Este proyecto permitir\u00e1 abrir nuevos horizontes en el \u00e1mbito de las Ciencias Sociales y, en especial, en el de las migraciones desde un enfoque interdisciplinar, hol\u00edstico y transnacional.<\/p>\n<p>Adem\u00e1s de la Universidad Pablo de Olavide, son siete las instituciones de seis pa\u00edses diferentes las que forman parte del proyecto: <strong>Universita Degli Studi di Firenze<\/strong> (Italia), Pixel-Associazione Culturale (Italia), <strong>Institut de Recherche pour le Developpement<\/strong> (Francia), <strong>European Public Law Organization<\/strong> (Grecia), <strong>Instituto Polit\u00e9cnico de Braganza<\/strong> (Portugal), <strong>Fundaci\u00f3n EMET Arco Iris<\/strong> (Espa\u00f1a) y <strong>Mirovni Institut<\/strong> (Eslovenia).<\/p>\n","protected":false},"excerpt":{"rendered":"<p>La Universidad Pablo de Olavide inicia la coordinaci\u00f3n del proyecto \u2018Voices of Immigrant Women\u2019, (VIW) cofinanciado por el programa Erasmus+ de la Uni\u00f3n Europea, en la tipolog\u00eda de proyectos de Asociaciones Estrat\u00e9gicas en el sector de Educaci\u00f3n Superior (KA203). El proyecto est\u00e1 dirigido por la profesora del Departamento de Educaci\u00f3n y Psicolog\u00eda Social de la Facultad de Ciencias Sociales y directora del Grupo de Investigaci\u00f3n en Acci\u00f3n Socioeducativa (GIAS), Teresa Terr\u00f3n Caro, y tiene como finalidad contribuir a la construcci\u00f3n de un sistema de educaci\u00f3n superior m\u00e1s inclusivo, que aborde el importante desaf\u00edo social que representan las migraciones y, m\u00e1s espec\u00edficamente, los flujos migratorios de mujeres en el contexto europeo actual. \u2018Voices of Immigrant Women\u2019 pretende dotar al alumnado universitario (futuros y futuras profesionales), personal investigador, profesorado de Educaci\u00f3n Superior y a los profesionales que trabajan en este \u00e1mbito, de una profunda conciencia de la interconexi\u00f3n entre g\u00e9nero, migraci\u00f3n e integraci\u00f3n.<\/p>\n","protected":false},"author":15,"featured_media":30862712,"comment_status":"closed","ping_status":"open","sticky":false,"template":"","format":"standard","meta":{"_monsterinsights_skip_tracking":false,"_monsterinsights_sitenote_active":false,"_monsterinsights_sitenote_note":"","_monsterinsights_sitenote_category":0,"footnotes":""},"categories":[3],"tags":[6978,6979,6977,2891,6976,6975],"class_list":["post-30862706","post","type-post","status-publish","format-standard","has-post-thumbnail","hentry","category-ciencia","tag-conciencia-social","tag-espacio-de-educacion-superior","tag-migraciones-femeninas","tag-proyecto-europeo","tag-teresa-terron-caro","tag-voices-of-immigrant-women"],"_links":{"self":[{"href":"https:\/\/www.upo.es\/diario\/wp-json\/wp\/v2\/posts\/30862706","targetHints":{"allow":["GET"]}}],"collection":[{"href":"https:\/\/www.upo.es\/diario\/wp-json\/wp\/v2\/posts"}],"about":[{"href":"https:\/\/www.upo.es\/diario\/wp-json\/wp\/v2\/types\/post"}],"author":[{"embeddable":true,"href":"https:\/\/www.upo.es\/diario\/wp-json\/wp\/v2\/users\/15"}],"replies":[{"embeddable":true,"href":"https:\/\/www.upo.es\/diario\/wp-json\/wp\/v2\/comments?post=30862706"}],"version-history":[{"count":3,"href":"https:\/\/www.upo.es\/diario\/wp-json\/wp\/v2\/posts\/30862706\/revisions"}],"predecessor-version":[{"id":30862713,"href":"https:\/\/www.upo.es\/diario\/wp-json\/wp\/v2\/posts\/30862706\/revisions\/30862713"}],"wp:featuredmedia":[{"embeddable":true,"href":"https:\/\/www.upo.es\/diario\/wp-json\/wp\/v2\/media\/30862712"}],"wp:attachment":[{"href":"https:\/\/www.upo.es\/diario\/wp-json\/wp\/v2\/media?parent=30862706"}],"wp:term":[{"taxonomy":"category","embeddable":true,"href":"https:\/\/www.upo.es\/diario\/wp-json\/wp\/v2\/categories?post=30862706"},{"taxonomy":"post_tag","embeddable":true,"href":"https:\/\/www.upo.es\/diario\/wp-json\/wp\/v2\/tags?post=30862706"}],"curies":[{"name":"wp","href":"https:\/\/api.w.org\/{rel}","templated":true}]}}