{"id":30862715,"date":"2020-10-19T17:51:54","date_gmt":"2020-10-19T15:51:54","guid":{"rendered":"https:\/\/www.upo.es\/diario\/?p=30862715"},"modified":"2020-10-22T09:42:56","modified_gmt":"2020-10-22T07:42:56","slug":"el-ministro-de-justicia-imparte-en-la-upo-la-conferencia-de-inauguracion-del-programa-de-doctorado-ciencias-politicas-y-juridicas","status":"publish","type":"post","link":"https:\/\/www.upo.es\/diario\/institucional\/2020\/10\/el-ministro-de-justicia-imparte-en-la-upo-la-conferencia-de-inauguracion-del-programa-de-doctorado-ciencias-politicas-y-juridicas\/","title":{"rendered":"El ministro de Justicia imparte en la UPO la conferencia de inauguraci\u00f3n del programa de doctorado &#8216;Ciencias Pol\u00edticas y Jur\u00eddicas&#8217;"},"content":{"rendered":"<figure id=\"attachment_30862714\" aria-describedby=\"caption-attachment-30862714\" style=\"width: 750px\" class=\"wp-caption aligncenter\"><a href=\"https:\/\/www.upo.es\/diario\/wp-content\/uploads\/2020\/10\/Justicia_203006-scaled.jpg\"><img loading=\"lazy\" decoding=\"async\" class=\"wp-image-30862714 size-large\" src=\"https:\/\/www.upo.es\/diario\/wp-content\/uploads\/2020\/10\/Justicia_203006-750x422.jpg\" alt=\"Juan Carlos Campo y Vicente Guzm\u00e1n tras la conferencia del ministro 'Justicia 2030'\" width=\"750\" height=\"422\" srcset=\"https:\/\/www.upo.es\/diario\/wp-content\/uploads\/2020\/10\/Justicia_203006-750x422.jpg 750w, https:\/\/www.upo.es\/diario\/wp-content\/uploads\/2020\/10\/Justicia_203006-360x203.jpg 360w, https:\/\/www.upo.es\/diario\/wp-content\/uploads\/2020\/10\/Justicia_203006-768x432.jpg 768w, https:\/\/www.upo.es\/diario\/wp-content\/uploads\/2020\/10\/Justicia_203006-600x338.jpg 600w, https:\/\/www.upo.es\/diario\/wp-content\/uploads\/2020\/10\/Justicia_203006-1536x864.jpg 1536w, https:\/\/www.upo.es\/diario\/wp-content\/uploads\/2020\/10\/Justicia_203006-2048x1152.jpg 2048w\" sizes=\"auto, (max-width: 750px) 100vw, 750px\" \/><\/a><figcaption id=\"caption-attachment-30862714\" class=\"wp-caption-text\">Juan Carlos Campo y Vicente Guzm\u00e1n en la lecci\u00f3n inaugural del Doctorado en Ciencias Jur\u00eddicas y Pol\u00edticas<\/figcaption><\/figure>\n<p>El ministro de Justicia, <strong>Juan Carlos Campo, <\/strong>ha impartido hoy lunes en la Universidad Pablo de Olavide, la conferencia \u2018Justicia 2030: m\u00e1s all\u00e1 de la justicia\u2019, una lecci\u00f3n con la que se inaugura el <a href=\"https:\/\/www.upo.es\/postgrado\/Doctorado-Ciencias-Juridicas-y-Politicas\/\"><strong>programa de doctorado \u2018Ciencias Pol\u00edticas y Jur\u00eddicas\u2019<\/strong><\/a> del curso acad\u00e9mico 2020-2021. El acto ha sido presidido por el rector de la Universidad Pablo de Olavide, <strong>Vicente Guzm\u00e1n Fluja<\/strong>, y ha contado con la presencia, entre otros asistentes, de <strong>Mar\u00eda Sandra Garc\u00eda Mart\u00edn<\/strong>, delegada del Gobierno en la Comunidad Aut\u00f3noma de Andaluc\u00eda,\u00a0 <strong>Roc\u00edo Reinoso Cuevas<\/strong>, presidenta del Consejo Social de la UPO, y <strong>Mar\u00eda Serrano Fern\u00e1ndez<\/strong>, decana de la Facultad de Derecho de la Universidad, adem\u00e1s de profesores y estudiantes del programa de doctorado.<\/p>\n<p>\u201cLas universidades tenemos una responsabilidad muy importante en la formaci\u00f3n de los j\u00f3venes y, en concreto de los doctores. El doctorado \u2018Ciencias Jur\u00eddicas y Pol\u00edticas\u2019 es un semillero de nuevos investigadores en este terreno\u201d, ha manifestado el rector de la Universidad Pablo de Olavide.<\/p>\n<figure id=\"attachment_30862718\" aria-describedby=\"caption-attachment-30862718\" style=\"width: 360px\" class=\"wp-caption alignright\"><img loading=\"lazy\" decoding=\"async\" class=\"size-medium wp-image-30862718\" src=\"https:\/\/www.upo.es\/diario\/wp-content\/uploads\/2020\/10\/50504711683_a80897e9ef_k-360x240.jpg\" alt=\"Juan Carlos Campo\" width=\"360\" height=\"240\" srcset=\"https:\/\/www.upo.es\/diario\/wp-content\/uploads\/2020\/10\/50504711683_a80897e9ef_k-360x240.jpg 360w, https:\/\/www.upo.es\/diario\/wp-content\/uploads\/2020\/10\/50504711683_a80897e9ef_k-750x500.jpg 750w, https:\/\/www.upo.es\/diario\/wp-content\/uploads\/2020\/10\/50504711683_a80897e9ef_k-768x512.jpg 768w, https:\/\/www.upo.es\/diario\/wp-content\/uploads\/2020\/10\/50504711683_a80897e9ef_k-600x400.jpg 600w, https:\/\/www.upo.es\/diario\/wp-content\/uploads\/2020\/10\/50504711683_a80897e9ef_k-1536x1024.jpg 1536w, https:\/\/www.upo.es\/diario\/wp-content\/uploads\/2020\/10\/50504711683_a80897e9ef_k-165x109.jpg 165w, https:\/\/www.upo.es\/diario\/wp-content\/uploads\/2020\/10\/50504711683_a80897e9ef_k-1320x880.jpg 1320w, https:\/\/www.upo.es\/diario\/wp-content\/uploads\/2020\/10\/50504711683_a80897e9ef_k.jpg 2048w\" sizes=\"auto, (max-width: 360px) 100vw, 360px\" \/><figcaption id=\"caption-attachment-30862718\" class=\"wp-caption-text\">Juan Carlos Campo durante su conferencia &#8216;Justicia 2030&#8217;<\/figcaption><\/figure>\n<p>En su discurso, el ministro de Justicia, ha expuesto el <strong>proyecto \u2018Justicia 2030\u2019<\/strong>, que ha descrito como \u201cel plan m\u00e1s ambicioso jam\u00e1s pensado para la administraci\u00f3n de Justicia desde la transici\u00f3n espa\u00f1ola\u201d y ha se\u00f1alado la necesidad de una mirada m\u00e1s atenta a la sociedad para mejorar la Justicia en Espa\u00f1a. En este sentido, ha apuntado la aprobaci\u00f3n en breve en Consejo de Ministros de la Ley de medidas de justicia digital y sostenible, destacando que supondr\u00e1n \u201cun gran impulso a la implantaci\u00f3n de soluciones m\u00e1s \u00e1giles y eficientes en la tramitaci\u00f3n de los pleitos en los cuatro \u00f3rdenes jurisdiccionales\u201d.<\/p>\n<p>En cuanto a los principales proyectos normativos a desarrollar, Juan Carlos Campo ha se\u00f1alado la reforma del C\u00f3digo Penal en materia de delitos contra la libertad e indemnidad sexual; los delitos de maltrato y abandono animal; o la adaptaci\u00f3n de los delitos de rebeli\u00f3n y sedici\u00f3n para actualizarlos al siglo XXI.<\/p>\n<p>Tras la ponencia, el ministro, acompa\u00f1ado del rector de la UPO, ha conocido los terrenos del campus donde podr\u00eda ubicarse el Instituto Nacional de Toxicolog\u00eda, un enclave estrat\u00e9gico y de apuesta por la interdisciplinariedad cient\u00edfica. Por \u00faltimo, ha realizado una visita a diversos laboratorios del Instituto de la Grasa (CSIC).<\/p>\n","protected":false},"excerpt":{"rendered":"<p>El ministro de Justicia, Juan Carlos Campo, ha impartido hoy lunes en la Universidad Pablo de Olavide, la conferencia \u2018Justicia 2030: m\u00e1s all\u00e1 de la justicia\u2019, una lecci\u00f3n con la que se inaugura el programa de doctorado \u2018Ciencias Pol\u00edticas y Jur\u00eddicas\u2019 del curso acad\u00e9mico 2020-2021. El acto ha sido presidido por el rector de la Universidad Pablo de Olavide, Vicente Guzm\u00e1n Fluja, y ha contado con la presencia, entre otros asistentes, de Mar\u00eda Sandra Garc\u00eda Mart\u00edn, delegada del Gobierno en la Comunidad Aut\u00f3noma de Andaluc\u00eda,\u00a0 Roc\u00edo Reinoso Cuevas, presidenta del Consejo Social de la UPO, y Mar\u00eda Serrano Fern\u00e1ndez, decana de la Facultad de Derecho de la Universidad, adem\u00e1s de profesores y estudiantes del programa de doctorado.<\/p>\n","protected":false},"author":15,"featured_media":30862714,"comment_status":"closed","ping_status":"open","sticky":false,"template":"","format":"standard","meta":{"_monsterinsights_skip_tracking":false,"_monsterinsights_sitenote_active":false,"_monsterinsights_sitenote_note":"","_monsterinsights_sitenote_category":0,"footnotes":""},"categories":[6],"tags":[6983,227,1010,5267,6981,6984,2774,6982,933],"class_list":["post-30862715","post","type-post","status-publish","format-standard","has-post-thumbnail","hentry","category-institucional","tag-ciencias-politicas-y-juridicas","tag-conferencia","tag-instituto-de-la-grasa","tag-instituto-nacional-de-toxicologia","tag-juan-carlos-campo","tag-justicia-2030","tag-ministro-de-justicia","tag-programa-doctorado","tag-proyecto"],"_links":{"self":[{"href":"https:\/\/www.upo.es\/diario\/wp-json\/wp\/v2\/posts\/30862715","targetHints":{"allow":["GET"]}}],"collection":[{"href":"https:\/\/www.upo.es\/diario\/wp-json\/wp\/v2\/posts"}],"about":[{"href":"https:\/\/www.upo.es\/diario\/wp-json\/wp\/v2\/types\/post"}],"author":[{"embeddable":true,"href":"https:\/\/www.upo.es\/diario\/wp-json\/wp\/v2\/users\/15"}],"replies":[{"embeddable":true,"href":"https:\/\/www.upo.es\/diario\/wp-json\/wp\/v2\/comments?post=30862715"}],"version-history":[{"count":6,"href":"https:\/\/www.upo.es\/diario\/wp-json\/wp\/v2\/posts\/30862715\/revisions"}],"predecessor-version":[{"id":30862724,"href":"https:\/\/www.upo.es\/diario\/wp-json\/wp\/v2\/posts\/30862715\/revisions\/30862724"}],"wp:featuredmedia":[{"embeddable":true,"href":"https:\/\/www.upo.es\/diario\/wp-json\/wp\/v2\/media\/30862714"}],"wp:attachment":[{"href":"https:\/\/www.upo.es\/diario\/wp-json\/wp\/v2\/media?parent=30862715"}],"wp:term":[{"taxonomy":"category","embeddable":true,"href":"https:\/\/www.upo.es\/diario\/wp-json\/wp\/v2\/categories?post=30862715"},{"taxonomy":"post_tag","embeddable":true,"href":"https:\/\/www.upo.es\/diario\/wp-json\/wp\/v2\/tags?post=30862715"}],"curies":[{"name":"wp","href":"https:\/\/api.w.org\/{rel}","templated":true}]}}