{"id":30862758,"date":"2020-10-22T14:00:19","date_gmt":"2020-10-22T12:00:19","guid":{"rendered":"https:\/\/www.upo.es\/diario\/?p=30862758"},"modified":"2020-11-03T16:07:20","modified_gmt":"2020-11-03T15:07:20","slug":"andalucia-celebra-el-27-de-noviembre-la-noche-europea-de-ls-investigadors-mas-virtual","status":"publish","type":"post","link":"https:\/\/www.upo.es\/diario\/docencia-formacion\/2020\/10\/andalucia-celebra-el-27-de-noviembre-la-noche-europea-de-ls-investigadors-mas-virtual\/","title":{"rendered":"Andaluc\u00eda celebra el 27 de noviembre La Noche Europea de l@s investigador@s m\u00e1s virtual"},"content":{"rendered":"<p><img loading=\"lazy\" decoding=\"async\" class=\"alignright size-full wp-image-30862759\" src=\"https:\/\/www.upo.es\/diario\/wp-content\/uploads\/2020\/10\/NocheInvestigadores_2020.jpg\" alt=\"\" width=\"334\" height=\"334\" srcset=\"https:\/\/www.upo.es\/diario\/wp-content\/uploads\/2020\/10\/NocheInvestigadores_2020.jpg 334w, https:\/\/www.upo.es\/diario\/wp-content\/uploads\/2020\/10\/NocheInvestigadores_2020-150x150.jpg 150w\" sizes=\"auto, (max-width: 334px) 100vw, 334px\" \/>El pr\u00f3ximo 27 de noviembre la ciencia volver\u00e1 a ser protagonista para acercarse a la ciudadan\u00eda. La <strong>Noche Europea de l@s investigador@es<\/strong> (European Researchers\u2019 Night) prepara m\u00e1s de 500 actividades promovidas por unos 2.500 investigadores e investigadoras combinando acciones presenciales y online que tendr\u00e1n en todo momento en cuenta las indicaciones y medidas de seguridad fijadas para hacer frente a la pandemia de la COVID-19.<\/p>\n<p>Las circunstancias sanitarias obligan a que, por primera vez, La Noche ofrezca parte de su programaci\u00f3n en formato online, de modo que los visitantes podr\u00e1n disfrutar directamente de buena parte de las actividades en la propia web.\u00a0 En paralelo, algunas de las calles y espacios m\u00e1s emblem\u00e1ticos de las ocho capitales andaluzas (Almer\u00eda, C\u00e1diz, C\u00f3rdoba, Granada, Huelva, Ja\u00e9n, M\u00e1laga y Sevilla) y Jerez albergar\u00e1n igualmente actividades presenciales. Todas ellas tendr\u00e1n que llevarse a cabo cumpliendo con todas las medidas higi\u00e9nico-sanitarias pertinentes: uso de mascarillas y de geles hidroalcoh\u00f3licos, distanciamiento social, reducci\u00f3n de aforo\u2026 Adem\u00e1s, para participar en las actividades presenciales ser\u00e1 necesario hacerlo con inscripci\u00f3n previa.<\/p>\n<p>El proyecto, que re\u00fane la participaci\u00f3n de trece instituciones cient\u00edficas andaluzas de las ocho provincias, est\u00e1 financiado por la Comisi\u00f3n Europea y la Consejer\u00eda de Transformaci\u00f3n Econ\u00f3mica, Industria, Conocimiento y Universidades, adem\u00e1s de los recursos propios de las instituciones organizadoras.<\/p>\n<p>El evento estar\u00e1 dedicado este a\u00f1o en Andaluc\u00eda a los Objetivos de Desarrollo Sostenible (ODS) que marca la ONU. Las actividades promovidas en las ocho provincias andaluzas tendr\u00e1n los ODS como hilo conductor, al tiempo que el proyecto andaluz volver\u00e1 a colaborar con Noches de Suecia, Malta, Reino Unido e Irlanda con actividades conjuntas centradas en los retos de la Agenda 2030.<\/p>\n<p>La Noche Europea de l@s Investigador@s es un proyecto europeo de divulgaci\u00f3n cient\u00edfica promovido por la Comisi\u00f3n Europea dentro de las acciones Marie Sklodowska-Curie del programa Horizonte 2020, que tiene lugar simult\u00e1neamente en m\u00e1s de 430 ciudades europeas desde 2005. Todo para acercar la ciencia y las personas que investigan al p\u00fablico en general, demostrar de una forma pr\u00e1ctica y l\u00fadica la relaci\u00f3n entre investigaci\u00f3n y vida cotidiana y divulgar los estudios cient\u00edficos entre los j\u00f3venes bajo el lema \u2018Mujeres y hombres que hacen ciencia para ti\u2019.<\/p>\n<p>Su objetivo es el acercamiento entre la ciudadan\u00eda y los profesionales de la investigaci\u00f3n, para dar a conocer su labor, los beneficios que aportan a la sociedad y su repercusi\u00f3n inmediata en la vida cotidiana. Al mismo tiempo, aspira a servir de herramienta para divulgar sus investigaciones, despertar vocaciones cient\u00edficas en los j\u00f3venes y potenciar la carrera investigadora como salida profesional. Todo ello sin olvidar el lado m\u00e1s humano de estos profesionales, cuyos avances repercuten en toda la sociedad.<\/p>\n<p>Los asistentes podr\u00e1n disfrutar un a\u00f1o m\u00e1s de actividades l\u00fadicas y did\u00e1cticas como experimentos y talleres virtuales y presenciales, rutas guiadas, espect\u00e1culos cient\u00edficos, representaciones teatrales o mon\u00f3logos en los que rigor, car\u00e1cter did\u00e1ctico y diversi\u00f3n estar\u00e1n presentes en partes iguales.<\/p>\n<h3><strong>Promotores de la actividad en Andaluc\u00eda<\/strong><\/h3>\n<p>La Noche Europea de los Investigadores es un proyecto de divulgaci\u00f3n cient\u00edfica promovido por la Comisi\u00f3n Europea dentro de las acciones Marie Sk\u0142odowska-Curie del programa Horizonte 2020, coordinado en Andaluc\u00eda por la Fundaci\u00f3n Descubre con financiaci\u00f3n de la Consejer\u00eda de Econom\u00eda, Conocimiento, Empresas y Universidad.<\/p>\n<p>El consorcio andaluz re\u00fane la participaci\u00f3n de 13 instituciones cient\u00edficas andaluzas de las ocho provincias: las nueve\u00a0 universidades p\u00fablicas andaluzas (Almer\u00eda, C\u00e1diz, C\u00f3rdoba, Granada, Huelva, Ja\u00e9n, M\u00e1laga, Pablo Olavide y Sevilla); la Fundaci\u00f3n P\u00fablica Progreso y Salud \u2013a trav\u00e9s del Biobanco y Genyo-; el IMGEMA-Real Jard\u00edn Bot\u00e1nico de C\u00f3rdoba y el Consejo Superior de Investigaciones Cient\u00edficas (CISC) a trav\u00e9s de la Casa de la Ciencia de Sevilla, el Instituto de Astrof\u00edsica de Andaluc\u00eda, la Estaci\u00f3n Experimental Zaid\u00edn, el Instituto de Estudios Sociales Avanzados, la Escuela de Estudios \u00c1rabes, el Instituto de Parasitolog\u00eda y Biomedicia \u2018L\u00f3pez-Neyra\u2019, la Estaci\u00f3n Experimental de Zonas \u00c1ridas y el Instituto de Agricultura Sostenible.<\/p>\n<p>Paralelamente, Radio Televisi\u00f3n de Andaluc\u00eda y el Instituto Andaluz de Investigaci\u00f3n y Formaci\u00f3n Agraria, Pesquera, Alimentaria y de la Producci\u00f3n Ecol\u00f3gica (IFAPA) son socios estrat\u00e9gicos del proyecto y colaboran estrechamente en su desarrollo.<\/p>\n<p>&nbsp;<\/p>\n<h3><strong>M\u00e1s informaci\u00f3n: <\/strong><\/h3>\n<p><a href=\"http:\/\/lanochedelosinvestigadores.fundaciondescubre.es\">lanochedelosinvestigadores.fundaciondescubre.es<\/a><\/p>\n<p>Facebook: <a href=\"http:\/\/www.facebook.com\/FundacionDescubre\">www.facebook.com\/FundacionDescubre<\/a><\/p>\n<p>Twitter: <a href=\"http:\/\/www.twitter.com\/FDescubre\">www.twitter.com\/FDescubre<\/a> y el hashtag <a href=\"https:\/\/twitter.com\/search?q=%23NIGHTspain\">#NIGHTspain<\/a><\/p>\n<p>Youtube: <a href=\"http:\/\/www.youtube.com\/user\/fundaciondescubre\">www.youtube.com\/user\/fundaciondescubre<\/a><\/p>\n<p>Instagram: <a href=\"http:\/\/www.instagram.com\/fundaciondescubre\">www.instagram.com\/fundaciondescubre<\/a><\/p>\n<p>Flickr: <a href=\"http:\/\/www.flickr.com\/photos\/fundaciondescubre\">www.flickr.com\/photos\/fundaciondescubre<\/a><\/p>\n","protected":false},"excerpt":{"rendered":"<p>El pr\u00f3ximo 27 de noviembre la ciencia volver\u00e1 a ser protagonista para acercarse a la ciudadan\u00eda. La Noche Europea de l@s investigador@es (European Researchers\u2019 Night) prepara m\u00e1s de 500 actividades promovidas por unos 2.500 investigadores e investigadoras combinando acciones presenciales y online que tendr\u00e1n en todo momento en cuenta las indicaciones y medidas de seguridad fijadas para hacer frente a la pandemia de la COVID-19.<\/p>\n","protected":false},"author":2,"featured_media":30862759,"comment_status":"closed","ping_status":"open","sticky":false,"template":"","format":"standard","meta":{"_monsterinsights_skip_tracking":false,"_monsterinsights_sitenote_active":false,"_monsterinsights_sitenote_note":"","_monsterinsights_sitenote_category":0,"footnotes":""},"categories":[2779],"tags":[190,2645,1411,5528,68],"class_list":["post-30862758","post","type-post","status-publish","format-standard","has-post-thumbnail","hentry","category-docencia-formacion","tag-andalucia","tag-divulgacion-cientifica","tag-fundacion-descubre","tag-la-noche-europea-de-ls-investigadors","tag-union-europea"],"_links":{"self":[{"href":"https:\/\/www.upo.es\/diario\/wp-json\/wp\/v2\/posts\/30862758","targetHints":{"allow":["GET"]}}],"collection":[{"href":"https:\/\/www.upo.es\/diario\/wp-json\/wp\/v2\/posts"}],"about":[{"href":"https:\/\/www.upo.es\/diario\/wp-json\/wp\/v2\/types\/post"}],"author":[{"embeddable":true,"href":"https:\/\/www.upo.es\/diario\/wp-json\/wp\/v2\/users\/2"}],"replies":[{"embeddable":true,"href":"https:\/\/www.upo.es\/diario\/wp-json\/wp\/v2\/comments?post=30862758"}],"version-history":[{"count":2,"href":"https:\/\/www.upo.es\/diario\/wp-json\/wp\/v2\/posts\/30862758\/revisions"}],"predecessor-version":[{"id":30862762,"href":"https:\/\/www.upo.es\/diario\/wp-json\/wp\/v2\/posts\/30862758\/revisions\/30862762"}],"wp:featuredmedia":[{"embeddable":true,"href":"https:\/\/www.upo.es\/diario\/wp-json\/wp\/v2\/media\/30862759"}],"wp:attachment":[{"href":"https:\/\/www.upo.es\/diario\/wp-json\/wp\/v2\/media?parent=30862758"}],"wp:term":[{"taxonomy":"category","embeddable":true,"href":"https:\/\/www.upo.es\/diario\/wp-json\/wp\/v2\/categories?post=30862758"},{"taxonomy":"post_tag","embeddable":true,"href":"https:\/\/www.upo.es\/diario\/wp-json\/wp\/v2\/tags?post=30862758"}],"curies":[{"name":"wp","href":"https:\/\/api.w.org\/{rel}","templated":true}]}}