{"id":30862766,"date":"2020-10-23T10:27:43","date_gmt":"2020-10-23T08:27:43","guid":{"rendered":"https:\/\/www.upo.es\/diario\/?p=30862766"},"modified":"2020-11-03T16:07:19","modified_gmt":"2020-11-03T15:07:19","slug":"el-consejo-social-de-la-upo-convoca-la-ii-edicion-de-los-premios-roma-universidad-mujer-y-empresa","status":"publish","type":"post","link":"https:\/\/www.upo.es\/diario\/cultura-social\/2020\/10\/el-consejo-social-de-la-upo-convoca-la-ii-edicion-de-los-premios-roma-universidad-mujer-y-empresa\/","title":{"rendered":"El Consejo Social de la UPO y Prodetur convocan la II edici\u00f3n de los Premios Roma: Universidad, Mujer y Empresa"},"content":{"rendered":"<p><img loading=\"lazy\" decoding=\"async\" class=\"alignright size-medium wp-image-30862767\" src=\"https:\/\/www.upo.es\/diario\/wp-content\/uploads\/2020\/10\/roma-281x360.png\" alt=\"\" width=\"281\" height=\"360\" srcset=\"https:\/\/www.upo.es\/diario\/wp-content\/uploads\/2020\/10\/roma-281x360.png 281w, https:\/\/www.upo.es\/diario\/wp-content\/uploads\/2020\/10\/roma.png 560w\" sizes=\"auto, (max-width: 281px) 100vw, 281px\" \/>El Consejo Social de la Universidad Pablo de Olavide de Sevilla, con el impulso del Vicerrectorado de Estrategia, Empleabilidad y Emprendimiento, y en colaboraci\u00f3n con la Diputaci\u00f3n de Sevilla, a trav\u00e9s de Prodetur, convocan la II edici\u00f3n de los Premios Roma: Universidad, Mujer y Empresa, que \u00a0reconocen p\u00fablicamente el talento de mujeres en diferentes \u00e1mbitos, como el empresarial, acad\u00e9mico, cient\u00edfico, social, humanitario o cultural, y que promueve las relaciones con la universidad, en t\u00e9rminos de responsabilidad social corporativa y mecenazgo empresarial en el territorio de la provincia de Sevilla.<\/p>\n<p>As\u00ed, este galard\u00f3n, cuyo plazo de presentaci\u00f3n de candidaturas finaliza el pr\u00f3ximo 9 de noviembre, distinguir\u00e1 las mejores trayectorias profesionales en los citados \u00e1mbitos, con una actividad continuada y relevante, generadora de un trabajo de calidad, generaci\u00f3n de riqueza y empleo, diversidad e interculturalidad en diversas actividades con valor social a\u00f1adido y comprometidas con el medio ambiente.<\/p>\n<p>Los premios se conceder\u00e1n en las siguientes categor\u00edas: Mujer STEM, Mujer Alta Direcci\u00f3n Empresarial, Mujer Emprendedora y Directiva PYMES, Mujer Inclusiva. Compromiso Social y RSC y Mujer, Arte, Cultura y Deporte.<\/p>\n<p>Podr\u00e1n optar a estas distinciones mujeres de cualquier nacionalidad, mayores de edad, y que no hayan sido premiadas en la anterior edici\u00f3n. Las cinco categor\u00edas del premio, de car\u00e1cter honor\u00edfico, son totalmente independientes, pudi\u00e9ndose optar a una o a varias de ellas, aunque solo podr\u00e1 ser concedida en una de las cinco. Adicionalmente, y en caso de que el jurado entienda que concurren las circunstancias que as\u00ed lo justifiquen, se podr\u00e1 otorgar un reconocimiento o menci\u00f3n especial, que podr\u00e1 ser a t\u00edtulo personal, colectivo, institucional o empresarial.<\/p>\n<p>La ceremonia de entrega de premios en esta segunda edici\u00f3n tendr\u00e1 lugar el pr\u00f3ximo 3 de diciembre, en el teatro de la Fundaci\u00f3n Cajasol, en Sevilla.<\/p>\n<p><strong>Bases de la convocatoria<\/strong>:<\/p>\n<p><a href=\"https:\/\/www.upo.es\/cms1\/export\/sites\/upo\/consejo-social\/noticias\/documentos\/BASES-CONCURSO-II-PREMIO-ROMA-2020-1.pdf\">https:\/\/www.upo.es\/cms1\/export\/sites\/upo\/consejo-social\/noticias\/documentos\/BASES-CONCURSO-II-PREMIO-ROMA-2020-1.pdf<\/a><\/p>\n<p><strong>Presentaci\u00f3n de candidaturas a trav\u00e9s del formulario \u2018Documento inscripci\u00f3n\u2019 en:<\/strong> <a href=\"https:\/\/www.upo.es\/consejo-social\/noticias\/premios-roma\/\">https:\/\/www.upo.es\/consejo-social\/noticias\/premios-roma\/<\/a><\/p>\n<p>&nbsp;<\/p>\n<p>&nbsp;<\/p>\n","protected":false},"excerpt":{"rendered":"<p>El Consejo Social de la Universidad Pablo de Olavide de Sevilla, con el impulso del Vicerrectorado de Estrategia, Empleabilidad y Emprendimiento, y en colaboraci\u00f3n con la Diputaci\u00f3n de Sevilla, a trav\u00e9s de Prodetur, convocan la II edici\u00f3n de los Premios Roma: Universidad, Mujer y Empresa, que \u00a0reconocen p\u00fablicamente el talento de mujeres en diferentes \u00e1mbitos, como el empresarial, acad\u00e9mico, cient\u00edfico, social, humanitario o cultural, y que promueve las relaciones con la universidad, en t\u00e9rminos de responsabilidad social corporativa y mecenazgo empresarial en el territorio de la provincia de Sevilla.<\/p>\n","protected":false},"author":15,"featured_media":30862767,"comment_status":"closed","ping_status":"open","sticky":false,"template":"","format":"standard","meta":{"_monsterinsights_skip_tracking":false,"_monsterinsights_sitenote_active":false,"_monsterinsights_sitenote_note":"","_monsterinsights_sitenote_category":0,"footnotes":""},"categories":[5843],"tags":[1961,3690,66,233,6363,6510,7002,5773,502],"class_list":["post-30862766","post","type-post","status-publish","format-standard","has-post-thumbnail","hentry","category-cultura-social","tag-convocatoria","tag-diputacion-de-sevilla","tag-empresa","tag-mujer","tag-premios-roma","tag-prodetur","tag-segunda-edicion","tag-talento","tag-universidad"],"_links":{"self":[{"href":"https:\/\/www.upo.es\/diario\/wp-json\/wp\/v2\/posts\/30862766","targetHints":{"allow":["GET"]}}],"collection":[{"href":"https:\/\/www.upo.es\/diario\/wp-json\/wp\/v2\/posts"}],"about":[{"href":"https:\/\/www.upo.es\/diario\/wp-json\/wp\/v2\/types\/post"}],"author":[{"embeddable":true,"href":"https:\/\/www.upo.es\/diario\/wp-json\/wp\/v2\/users\/15"}],"replies":[{"embeddable":true,"href":"https:\/\/www.upo.es\/diario\/wp-json\/wp\/v2\/comments?post=30862766"}],"version-history":[{"count":4,"href":"https:\/\/www.upo.es\/diario\/wp-json\/wp\/v2\/posts\/30862766\/revisions"}],"predecessor-version":[{"id":30862771,"href":"https:\/\/www.upo.es\/diario\/wp-json\/wp\/v2\/posts\/30862766\/revisions\/30862771"}],"wp:featuredmedia":[{"embeddable":true,"href":"https:\/\/www.upo.es\/diario\/wp-json\/wp\/v2\/media\/30862767"}],"wp:attachment":[{"href":"https:\/\/www.upo.es\/diario\/wp-json\/wp\/v2\/media?parent=30862766"}],"wp:term":[{"taxonomy":"category","embeddable":true,"href":"https:\/\/www.upo.es\/diario\/wp-json\/wp\/v2\/categories?post=30862766"},{"taxonomy":"post_tag","embeddable":true,"href":"https:\/\/www.upo.es\/diario\/wp-json\/wp\/v2\/tags?post=30862766"}],"curies":[{"name":"wp","href":"https:\/\/api.w.org\/{rel}","templated":true}]}}