{"id":30862873,"date":"2020-10-27T14:30:27","date_gmt":"2020-10-27T13:30:27","guid":{"rendered":"https:\/\/www.upo.es\/diario\/?p=30862873"},"modified":"2020-11-03T16:07:12","modified_gmt":"2020-11-03T15:07:12","slug":"cientificos-del-cabd-rinden-un-emotivo-homenaje-a-su-companero-jose-luis-gomez-skarmeta","status":"publish","type":"post","link":"https:\/\/www.upo.es\/diario\/comunidad\/2020\/10\/cientificos-del-cabd-rinden-un-emotivo-homenaje-a-su-companero-jose-luis-gomez-skarmeta\/","title":{"rendered":"Cient\u00edficos del CABD rinden un emotivo homenaje a su compa\u00f1ero Jos\u00e9 Luis G\u00f3mez-Skarmeta"},"content":{"rendered":"<p><img loading=\"lazy\" decoding=\"async\" class=\"aligncenter wp-image-30862879 size-large\" src=\"https:\/\/www.upo.es\/diario\/wp-content\/uploads\/2020\/10\/Homenaje-Gomez-Skarmeta_20201027_2-750x500.jpg\" alt=\"\" width=\"750\" height=\"500\" srcset=\"https:\/\/www.upo.es\/diario\/wp-content\/uploads\/2020\/10\/Homenaje-Gomez-Skarmeta_20201027_2-750x500.jpg 750w, https:\/\/www.upo.es\/diario\/wp-content\/uploads\/2020\/10\/Homenaje-Gomez-Skarmeta_20201027_2-360x240.jpg 360w, https:\/\/www.upo.es\/diario\/wp-content\/uploads\/2020\/10\/Homenaje-Gomez-Skarmeta_20201027_2-768x512.jpg 768w, https:\/\/www.upo.es\/diario\/wp-content\/uploads\/2020\/10\/Homenaje-Gomez-Skarmeta_20201027_2-600x400.jpg 600w, https:\/\/www.upo.es\/diario\/wp-content\/uploads\/2020\/10\/Homenaje-Gomez-Skarmeta_20201027_2-1536x1024.jpg 1536w, https:\/\/www.upo.es\/diario\/wp-content\/uploads\/2020\/10\/Homenaje-Gomez-Skarmeta_20201027_2-2048x1365.jpg 2048w, https:\/\/www.upo.es\/diario\/wp-content\/uploads\/2020\/10\/Homenaje-Gomez-Skarmeta_20201027_2-165x109.jpg 165w, https:\/\/www.upo.es\/diario\/wp-content\/uploads\/2020\/10\/Homenaje-Gomez-Skarmeta_20201027_2-1320x880.jpg 1320w\" sizes=\"auto, (max-width: 750px) 100vw, 750px\" \/>El cient\u00edfico <strong>Jos\u00e9 Luis G\u00f3mez-Skarmeta<\/strong>, recientemente fallecido, ha sido recordado hoy por sus compa\u00f1eros y compa\u00f1eras en un sentido acto homenaje organizado por iniciativa del Centro Andaluz de Biolog\u00eda del Desarrollo, en colaboraci\u00f3n con la Universidad Pablo de Olavide y el Consejo Superior de Investigaciones Cient\u00edficas.<\/p>\n<p><strong>Referencia a nivel mundial en el campo de la epigen\u00f3mica y uno de los cient\u00edficos m\u00e1s relevantes del pa\u00eds<\/strong>, Jos\u00e9 Luis G\u00f3mez-Skarmeta fue Profesor de Investigaci\u00f3n del Consejo Superior de Investigaciones Cient\u00edficas (CSIC). Desarroll\u00f3 su trabajo en <strong>el Centro Andaluz de Biolog\u00eda del Desarrollo<\/strong> (CABD), centro mixto de la Universidad Pablo de Olavide, CSIC y Junta de Andaluc\u00eda, en cuyo crecimiento y desarrollo contribuy\u00f3 de manera determinante desde su fundaci\u00f3n en el a\u00f1o 2003 hasta que se convirtiera en el instituto de investigaci\u00f3n de excelencia que es hoy d\u00eda. Investigador principal del Grupo de Regulaci\u00f3n G\u00e9nica y Morfog\u00e9nesis, sus intereses cient\u00edficos se centraban en emprender estudios de gen\u00f3mica funcional para comprender el desarrollo, la evoluci\u00f3n y las enfermedades gen\u00e9ticas humanas, empleando el pez cebra como organismo modelo.<\/p>\n<p>El Paraninfo de la UPO ha acogido este acto homenaje, presidido por el rector Vicente Guzm\u00e1n Fluja, en el que se han dado cita, adem\u00e1s de cient\u00edficos y cient\u00edficas del CABD, personalidades de esta Universidad, CSIC, y la Junta de Andaluc\u00eda. De esta manera, han estado presentes Rosa Mar\u00eda R\u00edos S\u00e1nchez, secretaria general de Universidades, Investigaci\u00f3n y Tecnolog\u00eda de la Junta de Andaluc\u00eda; Jes\u00fas Marco de Lucas, vicepresidente de Investigaci\u00f3n Cient\u00edfica y T\u00e9cnica del CSIC (por videoconferencia); Margarita Paneque Sosa, delegada institucional del CSIC en Andaluc\u00eda; Pl\u00e1cido Navas Lloret, director del Centro Andaluz de Biolog\u00eda para el Desarrollo, y Bruno Mart\u00ednez Haya, vicerrector de Investigaci\u00f3n y Transferencia de Tecnolog\u00eda.<\/p>\n<p>\u201cHa sido una suerte tenerlo\u201d, ha expresado el rector de la UPO, que ha se\u00f1alado que su figura permite reivindicar la importancia de la relaci\u00f3n entre los centros de investigaci\u00f3n y la Universidad. \u201cLa UPO tiene una deuda con Jos\u00e9 Luis y va a comenzar los tr\u00e1mites para concederle la Medalla al M\u00e9rito\u201d, ha anunciado, \u201cno por el fr\u00edo metal que representa una medalla, sino por el calor que la Universidad y su comunidad quieren trasladar a sus familiares y compa\u00f1eros\u201d.<\/p>\n<p>En la misma l\u00ednea, la secretaria general de Universidades, Investigaci\u00f3n y Tecnolog\u00eda ha puesto en valor la faceta cient\u00edfica y humana del investigador y ha reconocido que \u201cha sido un lujo para Andaluc\u00eda que decidiera venirse a regalarnos su ciencia y su conocimiento\u201d.<\/p>\n<h3><strong>Cient\u00edfico extraordinario que ha hecho ciencia extraordinaria<\/strong><\/h3>\n<p>A lo largo del transcurso del acto, compa\u00f1eros, amigos y colaboradores m\u00e1s cercanos han recordado a este <strong>cient\u00edfico de excepcional carisma<\/strong>. As\u00ed, el director del CABD, Pl\u00e1cido Navas, ha resaltado su <strong>pasi\u00f3n por la ciencia<\/strong> y su disponibilidad por colaborar con el que se lo solicitara, as\u00ed como su <strong>imaginaci\u00f3n desbordante<\/strong>. \u201cEra un artista\u201d, afirma el investigador.<\/p>\n<figure id=\"attachment_30862894\" aria-describedby=\"caption-attachment-30862894\" style=\"width: 360px\" class=\"wp-caption alignleft\"><a href=\"https:\/\/www.upo.es\/diario\/wp-content\/uploads\/2020\/10\/Homenaje-Gomez-Skarmeta_2020_10_27_28-scaled.jpg\"><img loading=\"lazy\" decoding=\"async\" class=\"wp-image-30862894 size-medium\" src=\"https:\/\/www.upo.es\/diario\/wp-content\/uploads\/2020\/10\/Homenaje-Gomez-Skarmeta_2020_10_27_28-360x240.jpg\" alt=\"\" width=\"360\" height=\"240\" srcset=\"https:\/\/www.upo.es\/diario\/wp-content\/uploads\/2020\/10\/Homenaje-Gomez-Skarmeta_2020_10_27_28-360x240.jpg 360w, https:\/\/www.upo.es\/diario\/wp-content\/uploads\/2020\/10\/Homenaje-Gomez-Skarmeta_2020_10_27_28-750x500.jpg 750w, https:\/\/www.upo.es\/diario\/wp-content\/uploads\/2020\/10\/Homenaje-Gomez-Skarmeta_2020_10_27_28-768x512.jpg 768w, https:\/\/www.upo.es\/diario\/wp-content\/uploads\/2020\/10\/Homenaje-Gomez-Skarmeta_2020_10_27_28-600x400.jpg 600w, https:\/\/www.upo.es\/diario\/wp-content\/uploads\/2020\/10\/Homenaje-Gomez-Skarmeta_2020_10_27_28-1536x1024.jpg 1536w, https:\/\/www.upo.es\/diario\/wp-content\/uploads\/2020\/10\/Homenaje-Gomez-Skarmeta_2020_10_27_28-2048x1365.jpg 2048w, https:\/\/www.upo.es\/diario\/wp-content\/uploads\/2020\/10\/Homenaje-Gomez-Skarmeta_2020_10_27_28-165x109.jpg 165w, https:\/\/www.upo.es\/diario\/wp-content\/uploads\/2020\/10\/Homenaje-Gomez-Skarmeta_2020_10_27_28-1320x880.jpg 1320w\" sizes=\"auto, (max-width: 360px) 100vw, 360px\" \/><\/a><figcaption id=\"caption-attachment-30862894\" class=\"wp-caption-text\">Fernando Casares<\/figcaption><\/figure>\n<p>Por su parte, su compa\u00f1ero <strong>Fernando Casares ha abordado la trayectoria cient\u00edfica y personal de su amigo<\/strong>, destacando todos sus hitos profesionales y haciendo una especial alusi\u00f3n a su esposa, la investigadora del CABD Elisa de la Calle-Mustienes, compa\u00f1era de aventuras y laboratorio. Pero, sobre todo, Fernando Casares ha destacado la extraordinaria persona que era Jos\u00e9 Luis: \u201cEra duro por fuera, tierno por dentro, casi como Platero, pero con perilla, aros en las orejas y una afici\u00f3n desmesurada por el heavy metal. <strong>Era tozudo y divertido, inteligente e irreverente, honesto, impaciente, generoso, muy especialmente con los colegas m\u00e1s j\u00f3venes<\/strong>. Jos\u00e9 Luis nunca dej\u00f3 que una discusi\u00f3n, un malentendido, torciera la relaci\u00f3n con alguien a quien quer\u00eda. Y fue por eso por lo que Jos\u00e9 Luis atesor\u00f3 tantos amigos\u201d.<\/p>\n<p>Por otro lado, en representaci\u00f3n de su grupo de investigaci\u00f3n, su compa\u00f1era Ana Bastos Neto tambi\u00e9n lo ha recordado con c\u00e1lidas y emotivas palabras: \u201cMuchos hemos crecido profesionalmente a su lado, dejando que nos contagiara con su imparable entusiasmo, que nos arrastrara con su inagotable energ\u00eda, y que nos inundaran sus siempre innovadoras, originales y ambiciosas ideas que tanto echaremos de menos. <strong>Nos deja un importante legado, una escuela de cient\u00edficos que han aprendido la importancia de la colaboraci\u00f3n dentro y fuera del grupo, de la generosidad, del esfuerzo por un bien com\u00fan<\/strong>\u201d.<\/p>\n<h3><strong>Pasi\u00f3n por la ciencia<\/strong><\/h3>\n<p>Nacido en Santiago de Chile y afincado en Sevilla, Jos\u00e9 Luis G\u00f3mez-Skarmeta ha colaborado con investigadores de todo el mundo para lograr descifrar el lenguaje de las c\u00e9lulas. Ac\u00e9rrimo defensor del intercambio de ideas y un apasionado de su trabajo, recibi\u00f3 en 2018 el prestigioso <strong>Premio Carmen y Severo Ochoa de Investigaci\u00f3n en Biolog\u00eda Molecular <\/strong>por su trayectoria cient\u00edfica. Desde Europa le fueron concedidos recientemente dos millones de euros para profundizar en sus avances sobre gen\u00e9tica y fue nombrado <strong>miembro de la Organizaci\u00f3n Europea de Biolog\u00eda Molecular (EMBO)<\/strong> en 2019.<\/p>\n<p>Con casi treinta a\u00f1os de experiencia investigadora, G\u00f3mez-Skarmeta ha publicado m\u00e1s de un centenar de art\u00edculos de investigaci\u00f3n, estando a la vanguardia de los campos de Biolog\u00eda del Desarrollo y Evoluci\u00f3n, Gen\u00f3mica Funcional y Epigen\u00f3mica.<\/p>\n","protected":false},"excerpt":{"rendered":"<p>El cient\u00edfico Jos\u00e9 Luis G\u00f3mez-Skarmeta, recientemente fallecido, ha sido recordado hoy por sus compa\u00f1eros y compa\u00f1eras en un sentido acto homenaje organizado por iniciativa del Centro Andaluz de Biolog\u00eda del Desarrollo, en colaboraci\u00f3n con la Universidad Pablo de Olavide y el Consejo Superior de Investigaciones Cient\u00edficas.<\/p>\n","protected":false},"author":15,"featured_media":30862879,"comment_status":"closed","ping_status":"open","sticky":false,"template":"","format":"standard","meta":{"_monsterinsights_skip_tracking":false,"_monsterinsights_sitenote_active":false,"_monsterinsights_sitenote_note":"","_monsterinsights_sitenote_category":0,"footnotes":""},"categories":[5842],"tags":[43,7019,45,7022,7020,308,1133,1763],"class_list":["post-30862873","post","type-post","status-publish","format-standard","has-post-thumbnail","hentry","category-comunidad","tag-cabd","tag-companeros","tag-csic","tag-fallecido","tag-fernando-casares","tag-homenaje","tag-jose-luis-gomez-skarmeta","tag-placido-navas"],"_links":{"self":[{"href":"https:\/\/www.upo.es\/diario\/wp-json\/wp\/v2\/posts\/30862873","targetHints":{"allow":["GET"]}}],"collection":[{"href":"https:\/\/www.upo.es\/diario\/wp-json\/wp\/v2\/posts"}],"about":[{"href":"https:\/\/www.upo.es\/diario\/wp-json\/wp\/v2\/types\/post"}],"author":[{"embeddable":true,"href":"https:\/\/www.upo.es\/diario\/wp-json\/wp\/v2\/users\/15"}],"replies":[{"embeddable":true,"href":"https:\/\/www.upo.es\/diario\/wp-json\/wp\/v2\/comments?post=30862873"}],"version-history":[{"count":8,"href":"https:\/\/www.upo.es\/diario\/wp-json\/wp\/v2\/posts\/30862873\/revisions"}],"predecessor-version":[{"id":30862896,"href":"https:\/\/www.upo.es\/diario\/wp-json\/wp\/v2\/posts\/30862873\/revisions\/30862896"}],"wp:featuredmedia":[{"embeddable":true,"href":"https:\/\/www.upo.es\/diario\/wp-json\/wp\/v2\/media\/30862879"}],"wp:attachment":[{"href":"https:\/\/www.upo.es\/diario\/wp-json\/wp\/v2\/media?parent=30862873"}],"wp:term":[{"taxonomy":"category","embeddable":true,"href":"https:\/\/www.upo.es\/diario\/wp-json\/wp\/v2\/categories?post=30862873"},{"taxonomy":"post_tag","embeddable":true,"href":"https:\/\/www.upo.es\/diario\/wp-json\/wp\/v2\/tags?post=30862873"}],"curies":[{"name":"wp","href":"https:\/\/api.w.org\/{rel}","templated":true}]}}