{"id":30863048,"date":"2020-11-05T03:52:02","date_gmt":"2020-11-05T02:52:02","guid":{"rendered":"https:\/\/www.upo.es\/diario\/?p=30863048"},"modified":"2020-11-05T09:28:02","modified_gmt":"2020-11-05T08:28:02","slug":"mesa-redonda-renovacion-del-poder-judicial","status":"publish","type":"post","link":"https:\/\/www.upo.es\/diario\/docencia-formacion\/2020\/11\/mesa-redonda-renovacion-del-poder-judicial\/","title":{"rendered":"La Asociaci\u00f3n Derecho y Democracia analiza hoy la renovaci\u00f3n del poder judicial"},"content":{"rendered":"<figure id=\"attachment_30863049\" aria-describedby=\"caption-attachment-30863049\" style=\"width: 360px\" class=\"wp-caption alignright\"><img loading=\"lazy\" decoding=\"async\" class=\"size-medium wp-image-30863049\" src=\"https:\/\/www.upo.es\/diario\/wp-content\/uploads\/2020\/11\/Sede_del_C.G.P.J._de_Espa\u00f1a_Madrid_01-360x223.jpg\" alt=\"Sede del Sede del CGPJ (Madrid)\" width=\"360\" height=\"223\" srcset=\"https:\/\/www.upo.es\/diario\/wp-content\/uploads\/2020\/11\/Sede_del_C.G.P.J._de_Espa\u00f1a_Madrid_01-360x223.jpg 360w, https:\/\/www.upo.es\/diario\/wp-content\/uploads\/2020\/11\/Sede_del_C.G.P.J._de_Espa\u00f1a_Madrid_01-750x464.jpg 750w, https:\/\/www.upo.es\/diario\/wp-content\/uploads\/2020\/11\/Sede_del_C.G.P.J._de_Espa\u00f1a_Madrid_01-768x475.jpg 768w, https:\/\/www.upo.es\/diario\/wp-content\/uploads\/2020\/11\/Sede_del_C.G.P.J._de_Espa\u00f1a_Madrid_01-600x371.jpg 600w, https:\/\/www.upo.es\/diario\/wp-content\/uploads\/2020\/11\/Sede_del_C.G.P.J._de_Espa\u00f1a_Madrid_01.jpg 800w\" sizes=\"auto, (max-width: 360px) 100vw, 360px\" \/><figcaption id=\"caption-attachment-30863049\" class=\"wp-caption-text\">Sede del Sede del CGPJ (Madrid) | Foto: Luis Garc\u00eda<\/figcaption><\/figure>\n<p>La <strong>Mesa Redonda \u2018La renovaci\u00f3n del poder judicial\u2019<\/strong> contar\u00e1 con el magistrado <strong>Miguel Carmona Ruano<\/strong>, expresidente de la Audiencia de Sevilla y vocal del Consejo General del Poder Judicial entre 2008 y 2013; <strong>V\u00edctor Nieto Matas<\/strong>, profesor de Historia del Derecho y las Instituciones de la Universidad Pablo de Olavide y magistrado de la Audiencia Provincial de Sevilla; y <strong>Abraham Barrero Ortega<\/strong>, catedr\u00e1tico de Derecho Constitucional en la Universidad de Sevilla. El debate estar\u00e1 moderado por Antonio Ojeda Avil\u00e9s, presidente del Instituto Europeo de Relaciones Industriales (IERI) y estar\u00e1 presidido por \u00c1lvaro S\u00e1nchez Fern\u00e1ndez, presidente de la Asociaci\u00f3n Derecho y Democracia (ADD).<\/p>\n<p>El decano de la <strong>Facultad de Derecho de la Universidad de Sevilla<\/strong>, Alfonso Castro S\u00e1enz, en cuyo Sal\u00f3n de Grados se celebrar\u00e1 la Mesa Redonda hoy <strong>jueves 5 de noviembre a las 19:30 horas<\/strong>, presentar\u00e1 a los invitados. El aforo es limitado y para recibir la direcci\u00f3n en la que podr\u00e1 seguirse el debate en directo es necesario escribir a la direcci\u00f3n <a href=\"mailto:derechoydemocracia@gmail.com\">derechoydemocracia@gmail.com<\/a><\/p>\n<p>La <a href=\"http:\/\/derechoydemocracia.es\/\">Asociaci\u00f3n Derecho y Democracia<\/a> nace en 1981 con el objetivo de defender la democracia y de fortalecer el Estado de Derecho. Est\u00e1 integrada por juristas pertenecientes a todo tipo de colectivos profesionales y por todas aquellas personas profesionalmente relacionadas con el \u00e1mbito jur\u00eddico que compartan sus fines.<\/p>\n<p>&nbsp;<\/p>\n","protected":false},"excerpt":{"rendered":"<p> La Mesa Redonda \u2018La renovaci\u00f3n del poder judicial\u2019 contar\u00e1 con el magistrado Miguel Carmona Ruano, expresidente de la Audiencia de Sevilla y vocal del Consejo General del Poder Judicial entre 2008 y 2013; V\u00edctor Nieto Matas, profesor de Historia del Derecho y las Instituciones de la Universidad Pablo de Olavide y magistrado de la Audiencia Provincial de Sevilla; y Abraham Barrero Ortega, catedr\u00e1tico de Derecho Constitucional en la Universidad de Sevilla. El debate estar\u00e1 moderado por Antonio Ojeda Avil\u00e9s, presidente del Instituto Europeo de Relaciones Industriales (IERI) y estar\u00e1 presidido por \u00c1lvaro S\u00e1nchez Fern\u00e1ndez, presidente de la Asociaci\u00f3n Derecho y Democracia (ADD). <\/p>\n","protected":false},"author":6,"featured_media":30863049,"comment_status":"closed","ping_status":"open","sticky":false,"template":"","format":"standard","meta":{"_monsterinsights_skip_tracking":false,"_monsterinsights_sitenote_active":false,"_monsterinsights_sitenote_note":"","_monsterinsights_sitenote_category":0,"footnotes":""},"categories":[2779],"tags":[],"class_list":["post-30863048","post","type-post","status-publish","format-standard","has-post-thumbnail","hentry","category-docencia-formacion"],"_links":{"self":[{"href":"https:\/\/www.upo.es\/diario\/wp-json\/wp\/v2\/posts\/30863048","targetHints":{"allow":["GET"]}}],"collection":[{"href":"https:\/\/www.upo.es\/diario\/wp-json\/wp\/v2\/posts"}],"about":[{"href":"https:\/\/www.upo.es\/diario\/wp-json\/wp\/v2\/types\/post"}],"author":[{"embeddable":true,"href":"https:\/\/www.upo.es\/diario\/wp-json\/wp\/v2\/users\/6"}],"replies":[{"embeddable":true,"href":"https:\/\/www.upo.es\/diario\/wp-json\/wp\/v2\/comments?post=30863048"}],"version-history":[{"count":3,"href":"https:\/\/www.upo.es\/diario\/wp-json\/wp\/v2\/posts\/30863048\/revisions"}],"predecessor-version":[{"id":30863069,"href":"https:\/\/www.upo.es\/diario\/wp-json\/wp\/v2\/posts\/30863048\/revisions\/30863069"}],"wp:featuredmedia":[{"embeddable":true,"href":"https:\/\/www.upo.es\/diario\/wp-json\/wp\/v2\/media\/30863049"}],"wp:attachment":[{"href":"https:\/\/www.upo.es\/diario\/wp-json\/wp\/v2\/media?parent=30863048"}],"wp:term":[{"taxonomy":"category","embeddable":true,"href":"https:\/\/www.upo.es\/diario\/wp-json\/wp\/v2\/categories?post=30863048"},{"taxonomy":"post_tag","embeddable":true,"href":"https:\/\/www.upo.es\/diario\/wp-json\/wp\/v2\/tags?post=30863048"}],"curies":[{"name":"wp","href":"https:\/\/api.w.org\/{rel}","templated":true}]}}