{"id":30863054,"date":"2020-11-04T15:09:38","date_gmt":"2020-11-04T14:09:38","guid":{"rendered":"https:\/\/www.upo.es\/diario\/?p=30863054"},"modified":"2020-11-13T16:27:40","modified_gmt":"2020-11-13T15:27:40","slug":"arranca-la-iv-edicion-de-fevida-el-titulo-propio-de-la-upo-para-estudiantes-con-diversidad-funcional-cognitiva","status":"publish","type":"post","link":"https:\/\/www.upo.es\/diario\/cultura-social\/2020\/11\/arranca-la-iv-edicion-de-fevida-el-titulo-propio-de-la-upo-para-estudiantes-con-diversidad-funcional-cognitiva\/","title":{"rendered":"Arranca la IV edici\u00f3n de FEVIDA, el t\u00edtulo propio de la UPO para estudiantes con diversidad funcional cognitiva"},"content":{"rendered":"<figure id=\"attachment_30863057\" aria-describedby=\"caption-attachment-30863057\" style=\"width: 750px\" class=\"wp-caption aligncenter\"><a href=\"https:\/\/www.upo.es\/diario\/wp-content\/uploads\/2020\/11\/FEVIDA_IV-ed_20201104-2-scaled.jpg\"><img loading=\"lazy\" decoding=\"async\" class=\"wp-image-30863057 size-large\" src=\"https:\/\/www.upo.es\/diario\/wp-content\/uploads\/2020\/11\/FEVIDA_IV-ed_20201104-2-750x500.jpg\" alt=\"\" width=\"750\" height=\"500\" srcset=\"https:\/\/www.upo.es\/diario\/wp-content\/uploads\/2020\/11\/FEVIDA_IV-ed_20201104-2-750x500.jpg 750w, https:\/\/www.upo.es\/diario\/wp-content\/uploads\/2020\/11\/FEVIDA_IV-ed_20201104-2-360x240.jpg 360w, https:\/\/www.upo.es\/diario\/wp-content\/uploads\/2020\/11\/FEVIDA_IV-ed_20201104-2-768x512.jpg 768w, https:\/\/www.upo.es\/diario\/wp-content\/uploads\/2020\/11\/FEVIDA_IV-ed_20201104-2-600x400.jpg 600w, https:\/\/www.upo.es\/diario\/wp-content\/uploads\/2020\/11\/FEVIDA_IV-ed_20201104-2-1536x1024.jpg 1536w, https:\/\/www.upo.es\/diario\/wp-content\/uploads\/2020\/11\/FEVIDA_IV-ed_20201104-2-2048x1366.jpg 2048w, https:\/\/www.upo.es\/diario\/wp-content\/uploads\/2020\/11\/FEVIDA_IV-ed_20201104-2-165x109.jpg 165w, https:\/\/www.upo.es\/diario\/wp-content\/uploads\/2020\/11\/FEVIDA_IV-ed_20201104-2-1320x880.jpg 1320w\" sizes=\"auto, (max-width: 750px) 100vw, 750px\" \/><\/a><figcaption id=\"caption-attachment-30863057\" class=\"wp-caption-text\">Macarena Tejada, Roc\u00edo Reinoso y Rosa D\u00edaz durante la inauguraci\u00f3n de la IV edici\u00f3n de FEVIDA<\/figcaption><\/figure>\n<p>Esta ma\u00f1ana, en el sal\u00f3n de grados del Edificio 7 de la Universidad Pablo de Olavide, ha tenido lugar el acto de apertura de la IV edici\u00f3n del T\u00edtulo Propio de Formaci\u00f3n para el empleo y la vida aut\u00f3noma de personas con diversidad funcional cognitiva (FEVIDA), el programa universitario <strong>que trata de preparar a j\u00f3venes con diversidad intelectual cognitiva a fin de mejorar su autonom\u00eda y sus posibilidades de inserci\u00f3n laboral. <\/strong>Este programa, que ha sido el <strong>mejor valorado <\/strong>por la Fundaci\u00f3n ONCE en su \u00faltima edici\u00f3n, incorpora en el nuevo curso a <strong>diecisiete j\u00f3venes que recibir\u00e1n una formaci\u00f3n de 30 cr\u00e9ditos <\/strong>basada en materias pr\u00e1cticas, human\u00edsticas y profesionales en el campus universitario. FEVIDA est\u00e1 financiado por la Fundaci\u00f3n ONCE, gestionado por la Fundaci\u00f3n Universidad Pablo de Olavide y cuenta con la colaboraci\u00f3n de entidades como Down Sevilla y la Asociaci\u00f3n Paz y Bien.<\/p>\n<p>El acto de apertura ha estado presidido por <strong>Roc\u00edo Reinoso Cuevas<\/strong>, presidenta del Consejo Social de la UPO; <strong>Rosa D\u00edaz Jim\u00e9nez<\/strong>, directora acad\u00e9mica de FEVIDA; <strong>Macarena Tejada Tejada<\/strong>, directora general de Postgrado y Formaci\u00f3n Permanente; <strong>Jos\u00e9 Manuel Hermida<\/strong>, director t\u00e9cnico de Down Sevilla; y <strong>Jos\u00e9 Luis Gordillo<\/strong> Garc\u00eda, responsable de proyectos de la Asociaci\u00f3n Paz y Bien.<\/p>\n<p>Durante la apertura, Roc\u00edo Reinoso ha puesto en valor el compromiso social tanto de la Universidad Pablo de Olavide como del Consejo Social que preside, pero ha destacado, sobre todo, el trabajo y el esfuerzo de las personas con diversidad funcional cognitiva en la sociedad: \u201cVuestra presencia aqu\u00ed es la prueba del esfuerzo y demuestra que no hay barreras que no puedan ser superadas con tes\u00f3n\u201d.<\/p>\n<p><img loading=\"lazy\" decoding=\"async\" class=\"alignright size-medium wp-image-30863058\" src=\"https:\/\/www.upo.es\/diario\/wp-content\/uploads\/2020\/11\/FEVIDA_IV-ed_20201104_3-360x203.jpg\" alt=\"\" width=\"360\" height=\"203\" srcset=\"https:\/\/www.upo.es\/diario\/wp-content\/uploads\/2020\/11\/FEVIDA_IV-ed_20201104_3-360x203.jpg 360w, https:\/\/www.upo.es\/diario\/wp-content\/uploads\/2020\/11\/FEVIDA_IV-ed_20201104_3-750x422.jpg 750w, https:\/\/www.upo.es\/diario\/wp-content\/uploads\/2020\/11\/FEVIDA_IV-ed_20201104_3-768x432.jpg 768w, https:\/\/www.upo.es\/diario\/wp-content\/uploads\/2020\/11\/FEVIDA_IV-ed_20201104_3-600x338.jpg 600w, https:\/\/www.upo.es\/diario\/wp-content\/uploads\/2020\/11\/FEVIDA_IV-ed_20201104_3-1536x864.jpg 1536w, https:\/\/www.upo.es\/diario\/wp-content\/uploads\/2020\/11\/FEVIDA_IV-ed_20201104_3-2048x1152.jpg 2048w, https:\/\/www.upo.es\/diario\/wp-content\/uploads\/2020\/11\/FEVIDA_IV-ed_20201104_3-1320x743.jpg 1320w\" sizes=\"auto, (max-width: 360px) 100vw, 360px\" \/>En la misma l\u00ednea, Rosa D\u00edaz ha subrayado el m\u00e9rito de los j\u00f3venes que comienzan este t\u00edtulo. \u201cEl camino hasta llegar aqu\u00ed no es un camino exento de sufrimiento (bullying) y violencias institucionales. Muchas personas con discapacidad intelectual se quedan en el colegio\u201d, ha explicado, destacando la importancia de que en el a\u00f1o 2017 este programa permitiera que personas con discapacidad intelectual pudieran acceder a la Universidad. \u201cEn FEVIDA queremos prepararos para que teng\u00e1is mejores posibilidades de empleo y de vida\u201d, ha subrayado.<\/p>\n<p>Por su parte, Macarena Tejada ha puesto en valor el trabajo realizado en ediciones anteriores del programa y ha recordado que la Universidad Pablo de Olavide desde su fundaci\u00f3n ha tenido entre sus principios b\u00e1sicos \u201cel apoyo a personas con necesidades especiales\u201d.<\/p>\n<p>De otro lado, Jos\u00e9 Manuel Hermida, en representaci\u00f3n de Down Sevilla, ha mostrado su apoyo al programa: \u201cQueremos dejar constancia que seguiremos remando a favor para contribuir al crecimiento de las personas con discapacidad intelectual\u201d.<\/p>\n<p>Por \u00faltimo, Jos\u00e9 Luis Gordillo, en nombre de la Asociaci\u00f3n Paz y Bien, ha agradecido a los estudiantes presentes en el sal\u00f3n de grados el sentimiento de ilusi\u00f3n que transmiten ante el inicio de curso: \u201cEs importante esa ilusi\u00f3n que transmiten las personas que quieren que su vida sea siempre un poco mejor y que quieren aportar a los dem\u00e1s lo mejor de lo que tienen\u201d.<\/p>\n<h3><strong>Adaptaci\u00f3n al escenario provocado por la pandemia<\/strong><\/h3>\n<p>La directora del programa ha se\u00f1alado que durante este curso, y a pesar de las circunstancias actuales provocadas por la pandemia, el programa intentar\u00e1 conseguir la mayor presencialidad posible, garantizando siempre la salud del alumnado. En este sentido, ha destacado la importancia que tiene para los estudiantes la semana de inmersi\u00f3n en la Residencia Universitaria Flora Trist\u00e1n, en la que conviven con otros j\u00f3venes, lejos de sus familias. \u201cEsto puede parecer muy habitual pero muy pocos han vivido un d\u00eda sin sus familias y muy pocos se han enfrentado, por ejemplo, a gestionar su propio dinero o a gestionar discusiones dom\u00e9sticas con otros compa\u00f1eros\u201d, ha recalcado.<\/p>\n<p>Como novedad, y atendiendo tambi\u00e9n a este nuevo escenario marcado por la COVID-19, el programa FEVIDA incorpora este a\u00f1o la figura del \u2018referente tecnol\u00f3gico&#8217;, un alumno o alumna de Grado que acompa\u00f1ar\u00e1 al estudiantado de FEVIDA en las necesidades tecnol\u00f3gicas que puedan surgir durante el curso.<\/p>\n<p><a title=\"FEVIDA - Inauguraci\u00f3n de la IV edici\u00f3n\" href=\"https:\/\/www.flickr.com\/photos\/pablodeolavide\/albums\/72157716750382527\" data-flickr-embed=\"true\"><img loading=\"lazy\" decoding=\"async\" src=\"https:\/\/live.staticflickr.com\/65535\/50565489838_6a6f0da786_z.jpg\" alt=\"FEVIDA - Inauguraci\u00f3n de la IV edici\u00f3n\" width=\"640\" height=\"480\" \/><\/a><script async src=\"\/\/embedr.flickr.com\/assets\/client-code.js\" charset=\"utf-8\"><\/script><\/p>\n<p>&nbsp;<\/p>\n<p>&nbsp;<\/p>\n","protected":false},"excerpt":{"rendered":"<p>Esta ma\u00f1ana, en el sal\u00f3n de grados del Edificio 7 de la Universidad Pablo de Olavide, ha tenido lugar el acto de apertura de la IV edici\u00f3n del T\u00edtulo Propio de Formaci\u00f3n para el empleo y la vida aut\u00f3noma de personas con diversidad funcional cognitiva (FEVIDA), el programa universitario que trata de preparar a j\u00f3venes con diversidad intelectual cognitiva a fin de mejorar su autonom\u00eda y sus posibilidades de inserci\u00f3n laboral. Este programa, que ha sido el mejor valorado por la Fundaci\u00f3n ONCE en su \u00faltima edici\u00f3n, incorpora en el nuevo curso a diecisiete j\u00f3venes que recibir\u00e1n una formaci\u00f3n de 30 cr\u00e9ditos basada en materias pr\u00e1cticas, human\u00edsticas y profesionales en el campus universitario. FEVIDA est\u00e1 financiado por la Fundaci\u00f3n ONCE, gestionado por la Fundaci\u00f3n Universidad Pablo de Olavide y cuenta con la colaboraci\u00f3n de entidades como Down Sevilla y la Asociaci\u00f3n Paz y Bien.<\/p>\n","protected":false},"author":15,"featured_media":30863058,"comment_status":"closed","ping_status":"open","sticky":false,"template":"","format":"standard","meta":{"_monsterinsights_skip_tracking":false,"_monsterinsights_sitenote_active":false,"_monsterinsights_sitenote_note":"","_monsterinsights_sitenote_category":0,"footnotes":""},"categories":[5843],"tags":[4436,6601,6755,4499,7033,5056,6168,339,6518,5854],"class_list":["post-30863054","post","type-post","status-publish","format-standard","has-post-thumbnail","hentry","category-cultura-social","tag-apertura","tag-covid-19","tag-curso-2020-2021","tag-discapacidad-intelectual","tag-diversidad-funcional-cognitiva","tag-fevida","tag-macarena-tejada","tag-programa","tag-rocio-reinoso","tag-rosa-diaz"],"_links":{"self":[{"href":"https:\/\/www.upo.es\/diario\/wp-json\/wp\/v2\/posts\/30863054","targetHints":{"allow":["GET"]}}],"collection":[{"href":"https:\/\/www.upo.es\/diario\/wp-json\/wp\/v2\/posts"}],"about":[{"href":"https:\/\/www.upo.es\/diario\/wp-json\/wp\/v2\/types\/post"}],"author":[{"embeddable":true,"href":"https:\/\/www.upo.es\/diario\/wp-json\/wp\/v2\/users\/15"}],"replies":[{"embeddable":true,"href":"https:\/\/www.upo.es\/diario\/wp-json\/wp\/v2\/comments?post=30863054"}],"version-history":[{"count":4,"href":"https:\/\/www.upo.es\/diario\/wp-json\/wp\/v2\/posts\/30863054\/revisions"}],"predecessor-version":[{"id":30863066,"href":"https:\/\/www.upo.es\/diario\/wp-json\/wp\/v2\/posts\/30863054\/revisions\/30863066"}],"wp:featuredmedia":[{"embeddable":true,"href":"https:\/\/www.upo.es\/diario\/wp-json\/wp\/v2\/media\/30863058"}],"wp:attachment":[{"href":"https:\/\/www.upo.es\/diario\/wp-json\/wp\/v2\/media?parent=30863054"}],"wp:term":[{"taxonomy":"category","embeddable":true,"href":"https:\/\/www.upo.es\/diario\/wp-json\/wp\/v2\/categories?post=30863054"},{"taxonomy":"post_tag","embeddable":true,"href":"https:\/\/www.upo.es\/diario\/wp-json\/wp\/v2\/tags?post=30863054"}],"curies":[{"name":"wp","href":"https:\/\/api.w.org\/{rel}","templated":true}]}}