{"id":30863128,"date":"2020-11-09T15:03:58","date_gmt":"2020-11-09T14:03:58","guid":{"rendered":"https:\/\/www.upo.es\/diario\/?p=30863128"},"modified":"2020-11-11T16:08:15","modified_gmt":"2020-11-11T15:08:15","slug":"el-vicerrector-de-postgrado-da-la-bienvenida-al-alumnado-de-master-universitario-del-curso-2020-2021","status":"publish","type":"post","link":"https:\/\/www.upo.es\/diario\/institucional\/2020\/11\/el-vicerrector-de-postgrado-da-la-bienvenida-al-alumnado-de-master-universitario-del-curso-2020-2021\/","title":{"rendered":"El vicerrector de Postgrado da la bienvenida al alumnado de m\u00e1ster universitario del curso 2020\/2021"},"content":{"rendered":"<figure id=\"attachment_30863129\" aria-describedby=\"caption-attachment-30863129\" style=\"width: 750px\" class=\"wp-caption aligncenter\"><a href=\"https:\/\/www.upo.es\/diario\/wp-content\/uploads\/2020\/11\/Bienvenida-Est-Masteres_20201109-scaled.jpg\"><img loading=\"lazy\" decoding=\"async\" class=\"size-large wp-image-30863129\" src=\"https:\/\/www.upo.es\/diario\/wp-content\/uploads\/2020\/11\/Bienvenida-Est-Masteres_20201109-750x422.jpg\" alt=\"Miquel Gual y Mercedes de la Torre dan la bienvenida a estudiantes de M\u00e1ster Universitario\" width=\"750\" height=\"422\" srcset=\"https:\/\/www.upo.es\/diario\/wp-content\/uploads\/2020\/11\/Bienvenida-Est-Masteres_20201109-750x422.jpg 750w, https:\/\/www.upo.es\/diario\/wp-content\/uploads\/2020\/11\/Bienvenida-Est-Masteres_20201109-360x203.jpg 360w, https:\/\/www.upo.es\/diario\/wp-content\/uploads\/2020\/11\/Bienvenida-Est-Masteres_20201109-768x432.jpg 768w, https:\/\/www.upo.es\/diario\/wp-content\/uploads\/2020\/11\/Bienvenida-Est-Masteres_20201109-600x338.jpg 600w, https:\/\/www.upo.es\/diario\/wp-content\/uploads\/2020\/11\/Bienvenida-Est-Masteres_20201109-1536x864.jpg 1536w, https:\/\/www.upo.es\/diario\/wp-content\/uploads\/2020\/11\/Bienvenida-Est-Masteres_20201109-2048x1152.jpg 2048w, https:\/\/www.upo.es\/diario\/wp-content\/uploads\/2020\/11\/Bienvenida-Est-Masteres_20201109-1320x743.jpg 1320w\" sizes=\"auto, (max-width: 750px) 100vw, 750px\" \/><\/a><figcaption id=\"caption-attachment-30863129\" class=\"wp-caption-text\">Miquel Gual y Mercedes de la Torre durante la bienvenida por videoconferencia al nuevo alumnado<\/figcaption><\/figure>\n<p><strong>Miquel Gual<\/strong>, vicerrector de Postgrado y Formaci\u00f3n Permanente, y <strong>Mercedes de la Torre<\/strong>, vicerrectora de Estudiantes, han dado esta ma\u00f1ana la <strong>bienvenida por videoconferencia a m\u00e1s de 1600 estudiantes que comienzan su formaci\u00f3n en alguno de los 41 m\u00e1steres impartidos por la Universidad Pablo de Olavide<\/strong>. Tras agradecer a los nuevos alumnos y alumnas haber elegido la UPO para su formaci\u00f3n de postgrado, Miquel Gual ha trasladado un mensaje de tranquilidad, afirmando que la Universidad se encuentra preparada para ofrecer una docencia <em>online<\/em> que permita adquirir las competencias contempladas en cada uno de los m\u00e1steres universitarios.<\/p>\n<p>El vicerrector de Postgrado ha pedido colaboraci\u00f3n a los estudiantes en este at\u00edpico inicio de curso. La <a href=\"https:\/\/www.diariodesevilla.es\/2020\/11\/09\/BOJA20-577-00009-13583-01_00180844.pdf?hash=2d9278dc8216aa6f433f51021d96fd6cef62fe97\">Orden de 8 de noviembre de 2020 de la Consejer\u00eda de Salud y Familias de la Junta de Andaluc\u00eda<\/a> establece que podr\u00e1 mantenerse la presencialidad para pr\u00e1cticas experimentales. En este sentido, Miquel Gual ha explicado que ser\u00e1 la comisi\u00f3n acad\u00e9mica de cada m\u00e1ster la que determine qu\u00e9 asignaturas podr\u00e1n llevarse a cabo en el campus las pr\u00f3ximas dos semanas, fecha en la que la Junta de Andaluc\u00eda revisar\u00e1 las medidas de contenci\u00f3n ante la Covid-19.<\/p>\n<p>Por su parte, <strong>Mercedes de la Torre<\/strong> ha exhortado a los estudiantes a no perder la ilusi\u00f3n por el inicio de sus estudios de postgrado a pesar de las restricciones sanitarias. Por otro lado, ha recordado d\u00f3nde pueden informarse del <a href=\"https:\/\/www.upo.es\/info-estudiantes-covid-19\/\">plan de contingencia de la Universidad ante la Covid-19<\/a> y la existencia de <a href=\"https:\/\/upo.gob.es\/system\/modules\/com.saga.upo.sedeelectronica.frontend\/handler\/download-alfresco-document.pdf?ref=8d4b7e86-c020-4a87-97c0-423133a47174\">ayudas sociales a estudiantes<\/a>, tanto para la matr\u00edcula como para material con el que seguir la docencia a distancia.<\/p>\n<p><strong>Miquel Gual ha finalizado el acto de bienvenida expresando su deseo de poder ver a los estudiantes pronto en el campus<\/strong> y agradeciendo a las comisiones acad\u00e9micas, y al profesorado de los m\u00e1steres, su compromiso con la calidad de unas titulaciones que, un a\u00f1o m\u00e1s, han tenido una alta demanda. Por \u00faltimo, ha invitado a los estudiantes que quieran iniciar en el futuro su carrera acad\u00e9mica a que conozcan la oferta de la <a href=\"https:\/\/www.upo.es\/postgrado\/es\/doctorado\/\">Escuela de Doctorado<\/a> de la Universidad y ha hecho un<strong> llamamiento a la participaci\u00f3n en las elecciones rectorales del pr\u00f3ximo jueves 12 de noviembre<\/strong>, en los t\u00e9rminos que establezca la Comisi\u00f3n Electoral de la UPO.<\/p>\n<p><iframe loading=\"lazy\" src=\"https:\/\/www.youtube.com\/embed\/QoohMiME3Qc\" width=\"560\" height=\"315\" frameborder=\"0\" allowfullscreen=\"allowfullscreen\"><\/iframe><\/p>\n","protected":false},"excerpt":{"rendered":"<p>Miquel Gual, vicerrector de Postgrado y Formaci\u00f3n Permanente, y Mercedes de la Torre, vicerrectora de Estudiantes, han dado esta ma\u00f1ana la bienvenida por videoconferencia a m\u00e1s de 1600 estudiantes que comienzan su formaci\u00f3n en alguno de los 41 m\u00e1steres impartidos por la Universidad Pablo de Olavide. Tras agradecer a los nuevos alumnos y alumnas haber elegido la UPO para su formaci\u00f3n de postgrado, Miquel Gual ha trasladado un mensaje de tranquilidad, afirmando que la Universidad se encuentra preparada para ofrecer una docencia online que permita adquirir las competencias contempladas en cada uno de los m\u00e1steres universitarios.<\/p>\n","protected":false},"author":6,"featured_media":30863129,"comment_status":"closed","ping_status":"open","sticky":false,"template":"","format":"standard","meta":{"_monsterinsights_skip_tracking":false,"_monsterinsights_sitenote_active":false,"_monsterinsights_sitenote_note":"","_monsterinsights_sitenote_category":0,"footnotes":""},"categories":[6],"tags":[853,614,21,1577,1779,6991,82,2114,3728],"class_list":["post-30863128","post","type-post","status-publish","format-standard","has-post-thumbnail","hentry","category-institucional","tag-bienvenida","tag-cedep","tag-estudiantes","tag-master-universitario","tag-mercedes-de-la-torre","tag-miquel-gual","tag-postgrado","tag-vicerrectorado-de-estudiantes","tag-vicerrectorado-de-postgrado-y-formacion-permanente"],"_links":{"self":[{"href":"https:\/\/www.upo.es\/diario\/wp-json\/wp\/v2\/posts\/30863128","targetHints":{"allow":["GET"]}}],"collection":[{"href":"https:\/\/www.upo.es\/diario\/wp-json\/wp\/v2\/posts"}],"about":[{"href":"https:\/\/www.upo.es\/diario\/wp-json\/wp\/v2\/types\/post"}],"author":[{"embeddable":true,"href":"https:\/\/www.upo.es\/diario\/wp-json\/wp\/v2\/users\/6"}],"replies":[{"embeddable":true,"href":"https:\/\/www.upo.es\/diario\/wp-json\/wp\/v2\/comments?post=30863128"}],"version-history":[{"count":5,"href":"https:\/\/www.upo.es\/diario\/wp-json\/wp\/v2\/posts\/30863128\/revisions"}],"predecessor-version":[{"id":30863142,"href":"https:\/\/www.upo.es\/diario\/wp-json\/wp\/v2\/posts\/30863128\/revisions\/30863142"}],"wp:featuredmedia":[{"embeddable":true,"href":"https:\/\/www.upo.es\/diario\/wp-json\/wp\/v2\/media\/30863129"}],"wp:attachment":[{"href":"https:\/\/www.upo.es\/diario\/wp-json\/wp\/v2\/media?parent=30863128"}],"wp:term":[{"taxonomy":"category","embeddable":true,"href":"https:\/\/www.upo.es\/diario\/wp-json\/wp\/v2\/categories?post=30863128"},{"taxonomy":"post_tag","embeddable":true,"href":"https:\/\/www.upo.es\/diario\/wp-json\/wp\/v2\/tags?post=30863128"}],"curies":[{"name":"wp","href":"https:\/\/api.w.org\/{rel}","templated":true}]}}