{"id":30863134,"date":"2020-11-09T15:32:07","date_gmt":"2020-11-09T14:32:07","guid":{"rendered":"https:\/\/www.upo.es\/diario\/?p=30863134"},"modified":"2020-11-09T15:32:07","modified_gmt":"2020-11-09T14:32:07","slug":"las-iii-jornadas-menores-en-desamparo-trataran-el-reto-que-supone-la-mayoria-de-edad-para-los-jovenes-tutelados","status":"publish","type":"post","link":"https:\/\/www.upo.es\/diario\/docencia-formacion\/2020\/11\/las-iii-jornadas-menores-en-desamparo-trataran-el-reto-que-supone-la-mayoria-de-edad-para-los-jovenes-tutelados\/","title":{"rendered":"Las III Jornadas \u2018Menores en Desamparo\u2019 tratar\u00e1n el reto que supone la mayor\u00eda de edad para los j\u00f3venes tutelados"},"content":{"rendered":"<p><a href=\"https:\/\/www.upo.es\/diario\/wp-content\/uploads\/2020\/10\/III-Jornadas-Menores-en-Desamparo.-Creando-Cultura-de-Acogimiento-El-reto-de-los-18-web-2-502x705-1.jpg\"><img loading=\"lazy\" decoding=\"async\" class=\"alignright size-medium wp-image-30863018\" src=\"https:\/\/www.upo.es\/diario\/wp-content\/uploads\/2020\/10\/III-Jornadas-Menores-en-Desamparo.-Creando-Cultura-de-Acogimiento-El-reto-de-los-18-web-2-502x705-1-256x360.jpg\" alt=\"\" width=\"256\" height=\"360\" srcset=\"https:\/\/www.upo.es\/diario\/wp-content\/uploads\/2020\/10\/III-Jornadas-Menores-en-Desamparo.-Creando-Cultura-de-Acogimiento-El-reto-de-los-18-web-2-502x705-1-256x360.jpg 256w, https:\/\/www.upo.es\/diario\/wp-content\/uploads\/2020\/10\/III-Jornadas-Menores-en-Desamparo.-Creando-Cultura-de-Acogimiento-El-reto-de-los-18-web-2-502x705-1.jpg 502w\" sizes=\"auto, (max-width: 256px) 100vw, 256px\" \/><\/a>Ma\u00f1ana martes 10 de noviembre comienzan la III edici\u00f3n de las Jornadas Menores en Desamparo. Creando Cultura de Acogimiento que en esta ocasi\u00f3n <strong>se celebrar\u00e1n <em>online<\/em> bajo el lema \u2018El reto de los 18\u2019<\/strong>. <strong>Mar\u00eda Rosa Herrera<\/strong>, directora del Departamento de Trabajo Social y Servicios Sociales de la Universidad Pablo de Olavide, y <strong>Encarnaci\u00f3n Vega<\/strong>, presidenta de la ONG Crecer con Futuro ser\u00e1n las encargadas de dar la bienvenida a los participantes a las 10 horas.<\/p>\n<p><strong>En esta tercera edici\u00f3n las Jornadas abordar\u00e1n la problem\u00e1tica que supone para los j\u00f3venes acogidos al Sistema de Protecci\u00f3n de Menores cumplir la mayor\u00eda de edad<\/strong>, momento en el que, a pesar de contar con una red socio-familiar debilitada y con recursos muy limitados, han de enfrentarse al reto de incorporarse al mundo adulto mucho antes que la mayor\u00eda de los chicos y chicas de su edad.<\/p>\n<p>La conferencia inaugural, \u2018El reto de los 18\u2019, correr\u00e1 a cargo de Enrique Mart\u00ednez Reguera, pedagogo, psic\u00f3logo, fil\u00f3sofo y autor del libro \u2018Cachorros de nadie\u2019, que cuenta con m\u00e1s de 40 a\u00f1os de experiencia como educador de j\u00f3venes tutelados. Las jornadas cuentan con otras tres sesiones que se desarrollar\u00e1n durante ma\u00f1ana martes y el pr\u00f3ximo jueves d\u00eda 12 de noviembre: \u00a0Recursos de Mayor\u00eda en Andaluc\u00eda; Situaci\u00f3n tras los 18; y El valor de lo intangible. Las jornadas han sido organizadas por la asociaci\u00f3n <strong>Crecer con Futuro<\/strong> y el <strong>Departamento de Trabajo Social y Servicios Sociales<\/strong> de la Universidad Pablo de Olavide.<\/p>\n<p>M\u00e1s informaci\u00f3n: <a href=\"https:\/\/crecerconfuturo.org\/iii-jornada-menores-en-desamparo-creando-cultura-de-acogimiento-el-reto-de-los-18\/\">Crecer con Futuro<\/a><\/p>\n","protected":false},"excerpt":{"rendered":"<p>Ma\u00f1ana martes 10 de noviembre comienzan la III edici\u00f3n de las Jornadas Menores en Desamparo. Creando Cultura de Acogimiento que en esta ocasi\u00f3n se celebrar\u00e1n online bajo el lema \u2018El reto de los 18\u2019. Mar\u00eda Rosa Herrera, directora del Departamento de Trabajo Social y Servicios Sociales de la Universidad Pablo de Olavide, y Encarnaci\u00f3n Vega, presidenta de la ONG Crecer con Futuro ser\u00e1n las encargadas de dar la bienvenida a los participantes a las 10 horas.<\/p>\n","protected":false},"author":6,"featured_media":30863018,"comment_status":"closed","ping_status":"open","sticky":false,"template":"","format":"standard","meta":{"_monsterinsights_skip_tracking":false,"_monsterinsights_sitenote_active":false,"_monsterinsights_sitenote_note":"","_monsterinsights_sitenote_category":0,"footnotes":""},"categories":[2779],"tags":[84,930,4973],"class_list":["post-30863134","post","type-post","status-publish","format-standard","has-post-thumbnail","hentry","category-docencia-formacion","tag-jornadas","tag-jovenes","tag-sistema-de-proteccion-de-menores"],"_links":{"self":[{"href":"https:\/\/www.upo.es\/diario\/wp-json\/wp\/v2\/posts\/30863134","targetHints":{"allow":["GET"]}}],"collection":[{"href":"https:\/\/www.upo.es\/diario\/wp-json\/wp\/v2\/posts"}],"about":[{"href":"https:\/\/www.upo.es\/diario\/wp-json\/wp\/v2\/types\/post"}],"author":[{"embeddable":true,"href":"https:\/\/www.upo.es\/diario\/wp-json\/wp\/v2\/users\/6"}],"replies":[{"embeddable":true,"href":"https:\/\/www.upo.es\/diario\/wp-json\/wp\/v2\/comments?post=30863134"}],"version-history":[{"count":2,"href":"https:\/\/www.upo.es\/diario\/wp-json\/wp\/v2\/posts\/30863134\/revisions"}],"predecessor-version":[{"id":30863136,"href":"https:\/\/www.upo.es\/diario\/wp-json\/wp\/v2\/posts\/30863134\/revisions\/30863136"}],"wp:featuredmedia":[{"embeddable":true,"href":"https:\/\/www.upo.es\/diario\/wp-json\/wp\/v2\/media\/30863018"}],"wp:attachment":[{"href":"https:\/\/www.upo.es\/diario\/wp-json\/wp\/v2\/media?parent=30863134"}],"wp:term":[{"taxonomy":"category","embeddable":true,"href":"https:\/\/www.upo.es\/diario\/wp-json\/wp\/v2\/categories?post=30863134"},{"taxonomy":"post_tag","embeddable":true,"href":"https:\/\/www.upo.es\/diario\/wp-json\/wp\/v2\/tags?post=30863134"}],"curies":[{"name":"wp","href":"https:\/\/api.w.org\/{rel}","templated":true}]}}