{"id":30863148,"date":"2020-11-10T14:39:59","date_gmt":"2020-11-10T13:39:59","guid":{"rendered":"https:\/\/www.upo.es\/diario\/?p=30863148"},"modified":"2020-11-11T23:47:16","modified_gmt":"2020-11-11T22:47:16","slug":"la-comision-electoral-mantiene-las-elecciones-rectorales-12-noviembre","status":"publish","type":"post","link":"https:\/\/www.upo.es\/diario\/institucional\/2020\/11\/la-comision-electoral-mantiene-las-elecciones-rectorales-12-noviembre\/","title":{"rendered":"La Comisi\u00f3n Electoral de la UPO mantiene las elecciones rectorales del pr\u00f3ximo jueves 12 de noviembre"},"content":{"rendered":"<p><a href=\"https:\/\/www.upo.es\/diario\/wp-content\/uploads\/2020\/10\/cubes-2492010_1920-elecciones.jpg\"><img loading=\"lazy\" decoding=\"async\" class=\"aligncenter size-large wp-image-30861905\" src=\"https:\/\/www.upo.es\/diario\/wp-content\/uploads\/2020\/10\/cubes-2492010_1920-elecciones-750x400.jpg\" alt=\"elecciones rectorales: 12 de noviembre de 2020\" width=\"750\" height=\"400\" srcset=\"https:\/\/www.upo.es\/diario\/wp-content\/uploads\/2020\/10\/cubes-2492010_1920-elecciones-750x400.jpg 750w, https:\/\/www.upo.es\/diario\/wp-content\/uploads\/2020\/10\/cubes-2492010_1920-elecciones-360x192.jpg 360w, https:\/\/www.upo.es\/diario\/wp-content\/uploads\/2020\/10\/cubes-2492010_1920-elecciones-768x410.jpg 768w, https:\/\/www.upo.es\/diario\/wp-content\/uploads\/2020\/10\/cubes-2492010_1920-elecciones-600x320.jpg 600w, https:\/\/www.upo.es\/diario\/wp-content\/uploads\/2020\/10\/cubes-2492010_1920-elecciones-1536x819.jpg 1536w, https:\/\/www.upo.es\/diario\/wp-content\/uploads\/2020\/10\/cubes-2492010_1920-elecciones-1320x704.jpg 1320w, https:\/\/www.upo.es\/diario\/wp-content\/uploads\/2020\/10\/cubes-2492010_1920-elecciones.jpg 1920w\" sizes=\"auto, (max-width: 750px) 100vw, 750px\" \/><\/a>Las elecciones rectorales de la Universidad Pablo de Olavide<strong> mantienen su fecha prevista y se celebrar\u00e1n el pr\u00f3ximo jueves 12 de noviembre. As\u00ed lo ha acordado hoy la Comisi\u00f3n Electoral, que considera que las restricciones vigentes \u2013cierre perimetral de los municipios y suspensi\u00f3n parcial de la docencia presencial\u2013, no impiden el derecho de participaci\u00f3n ya que las restantes actividades universitarias y la asistencia a los campus est\u00e1n permitidas<\/strong>.<\/p>\n<p>La Comisi\u00f3n Electoral de la UPO entiende que el desarrollo de las clases te\u00f3ricas <em>online<\/em> en las universidades, establecida por la Orden de 8 de noviembre de 2020 de la Consejer\u00eda de Salud y Familias, supone una dificultad adicional para la celebraci\u00f3n de las elecciones rectorales \u2013a\u00f1adida al teletrabajo, restricciones de movilidad, etc\u2013 pero no impiden el ejercicio del voto de los electores ya que la actividad universitaria contin\u00faa en el campus y est\u00e1 permitido acudir a los centros universitarios. En este sentido, emplaza a la Universidad a que facilite en lo posible los certificados que permitan al estudiantado, sector m\u00e1s perjudicado por las \u00faltimas medidas adoptadas, acudir al campus el pr\u00f3ximo jueves d\u00eda 12.<\/p>\n<figure id=\"attachment_30862982\" aria-describedby=\"caption-attachment-30862982\" style=\"width: 360px\" class=\"wp-caption alignright\"><a href=\"https:\/\/www.upo.es\/diario\/wp-content\/uploads\/2020\/10\/Candidatos-Rector-2020.jpg\"><img loading=\"lazy\" decoding=\"async\" class=\"size-medium wp-image-30862982\" src=\"https:\/\/www.upo.es\/diario\/wp-content\/uploads\/2020\/10\/Candidatos-Rector-2020-360x270.jpg\" alt=\"Francisco Oliva y Esteban Ruiz\" width=\"360\" height=\"270\" srcset=\"https:\/\/www.upo.es\/diario\/wp-content\/uploads\/2020\/10\/Candidatos-Rector-2020-360x270.jpg 360w, https:\/\/www.upo.es\/diario\/wp-content\/uploads\/2020\/10\/Candidatos-Rector-2020-750x562.jpg 750w, https:\/\/www.upo.es\/diario\/wp-content\/uploads\/2020\/10\/Candidatos-Rector-2020-768x575.jpg 768w, https:\/\/www.upo.es\/diario\/wp-content\/uploads\/2020\/10\/Candidatos-Rector-2020-600x450.jpg 600w, https:\/\/www.upo.es\/diario\/wp-content\/uploads\/2020\/10\/Candidatos-Rector-2020.jpg 1240w\" sizes=\"auto, (max-width: 360px) 100vw, 360px\" \/><\/a><figcaption id=\"caption-attachment-30862982\" class=\"wp-caption-text\">Francisco Oliva y Esteban Ruiz, candidatos a rector de la UPO<\/figcaption><\/figure>\n<p>Por otra parte, ha acordado en la sesi\u00f3n extraordinaria celebrada esta ma\u00f1ana, <strong>modificar el horario de votaci\u00f3n adelantando su inicio a las 9 horas y el cierre de las mesas a las seis de la tarde<\/strong>. As\u00ed mismo ha establecido siete mesas electorales que, de acuerdo al Plan de Actuaci\u00f3n supervisado por la comisi\u00f3n Covid-19 de la Universidad, estar\u00e1n situadas en salas con la adecuada amplitud, ventilaci\u00f3n y entrada y salidas diferenciadas. As\u00ed, en la Mesa 1 situada <strong>en el Paraninfo votar\u00e1 el sector A, profesorado con vinculaci\u00f3n permanente a la Universidad<\/strong>; en la <strong>sala multiusos del Rectorado votar\u00e1 el sector B, dem\u00e1s PDI,<\/strong> en la Mesa 2; <strong>el sector C, compuesto por estudiantes, dispondr\u00e1 de cuatro mesas para votar ubicadas en la carpa del parking 7<\/strong>; y el personal de administraci\u00f3n, <strong>sector D, votar\u00e1 en la sala de grados del edificio 6<\/strong>. El plazo para votar anticipadamente continuar\u00e1 abierto ma\u00f1ana mi\u00e9rcoles, d\u00eda anterior a las elecciones, si bien la campa\u00f1a electoral finaliza hoy 10 de noviembre.<\/p>\n<p>Los estatutos de la Universidad Pablo de Olavide establecen que el rector o rectora ser\u00e1 elegido por la comunidad universitaria mediante elecci\u00f3n directa y sufragio universal, libre y secreto, entre los catedr\u00e1ticos y catedr\u00e1ticas de Universidad en activo que presten servicio en la UPO. El voto de la comunidad universitaria se ponderar\u00e1 por sectores, correspondiendo al profesorado doctor con vinculaci\u00f3n permanente a la Universidad el 56 por ciento del voto ponderado; a estudiantes de grado y postgrado el 24 por ciento; al personal de administraci\u00f3n y servicios (PAS) el 12 por ciento; y al personal docente e investigador no incluido en el primer sector el 8 por ciento. De este modo, el censo electoral est\u00e1 compuesto por m\u00e1s de 14000 personas que integran la comunidad universitaria, entre profesorado, estudiantes y PAS.<\/p>\n","protected":false},"excerpt":{"rendered":"<p>Las elecciones rectorales de la Universidad Pablo de Olavide mantienen su fecha prevista y se celebrar\u00e1n el pr\u00f3ximo jueves 12 de noviembre. As\u00ed lo ha acordado hoy la Comisi\u00f3n Electoral, que considera que las restricciones vigentes \u2013cierre perimetral de los municipios y suspensi\u00f3n parcial de la docencia presencial\u2013, no impiden el derecho de participaci\u00f3n ya que las restantes actividades universitarias y la asistencia a los campus est\u00e1n permitidas.<\/p>\n","protected":false},"author":6,"featured_media":30861905,"comment_status":"closed","ping_status":"open","sticky":false,"template":"","format":"standard","meta":{"_monsterinsights_skip_tracking":false,"_monsterinsights_sitenote_active":false,"_monsterinsights_sitenote_note":"","_monsterinsights_sitenote_category":0,"footnotes":""},"categories":[6],"tags":[6994,3218,21,682,199],"class_list":["post-30863148","post","type-post","status-publish","format-standard","has-post-thumbnail","hentry","category-institucional","tag-comision-electoral","tag-elecciones-rectorales","tag-estudiantes","tag-pas","tag-profesorado"],"_links":{"self":[{"href":"https:\/\/www.upo.es\/diario\/wp-json\/wp\/v2\/posts\/30863148","targetHints":{"allow":["GET"]}}],"collection":[{"href":"https:\/\/www.upo.es\/diario\/wp-json\/wp\/v2\/posts"}],"about":[{"href":"https:\/\/www.upo.es\/diario\/wp-json\/wp\/v2\/types\/post"}],"author":[{"embeddable":true,"href":"https:\/\/www.upo.es\/diario\/wp-json\/wp\/v2\/users\/6"}],"replies":[{"embeddable":true,"href":"https:\/\/www.upo.es\/diario\/wp-json\/wp\/v2\/comments?post=30863148"}],"version-history":[{"count":2,"href":"https:\/\/www.upo.es\/diario\/wp-json\/wp\/v2\/posts\/30863148\/revisions"}],"predecessor-version":[{"id":30863174,"href":"https:\/\/www.upo.es\/diario\/wp-json\/wp\/v2\/posts\/30863148\/revisions\/30863174"}],"wp:featuredmedia":[{"embeddable":true,"href":"https:\/\/www.upo.es\/diario\/wp-json\/wp\/v2\/media\/30861905"}],"wp:attachment":[{"href":"https:\/\/www.upo.es\/diario\/wp-json\/wp\/v2\/media?parent=30863148"}],"wp:term":[{"taxonomy":"category","embeddable":true,"href":"https:\/\/www.upo.es\/diario\/wp-json\/wp\/v2\/categories?post=30863148"},{"taxonomy":"post_tag","embeddable":true,"href":"https:\/\/www.upo.es\/diario\/wp-json\/wp\/v2\/tags?post=30863148"}],"curies":[{"name":"wp","href":"https:\/\/api.w.org\/{rel}","templated":true}]}}