{"id":30863191,"date":"2020-11-13T10:12:15","date_gmt":"2020-11-13T09:12:15","guid":{"rendered":"https:\/\/www.upo.es\/diario\/?p=30863191"},"modified":"2020-11-26T14:52:32","modified_gmt":"2020-11-26T13:52:32","slug":"francisco-oliva-blazquez-nuevo-rector-de-la-universidad-pablo-de-olavide","status":"publish","type":"post","link":"https:\/\/www.upo.es\/diario\/institucional\/2020\/11\/francisco-oliva-blazquez-nuevo-rector-de-la-universidad-pablo-de-olavide\/","title":{"rendered":"Francisco Oliva Bl\u00e1zquez, nuevo rector de la Universidad Pablo de Olavide"},"content":{"rendered":"<figure id=\"attachment_30863187\" aria-describedby=\"caption-attachment-30863187\" style=\"width: 750px\" class=\"wp-caption aligncenter\"><a href=\"https:\/\/www.upo.es\/diario\/wp-content\/uploads\/2020\/11\/Francisco-Oliva-Blazquez_h_2.jpg\"><img loading=\"lazy\" decoding=\"async\" class=\"wp-image-30863187 size-large\" src=\"https:\/\/www.upo.es\/diario\/wp-content\/uploads\/2020\/11\/Francisco-Oliva-Blazquez_h_2-750x514.jpg\" alt=\"Francisco Oliva Bl\u00e1zquez\" width=\"750\" height=\"514\" srcset=\"https:\/\/www.upo.es\/diario\/wp-content\/uploads\/2020\/11\/Francisco-Oliva-Blazquez_h_2-750x514.jpg 750w, https:\/\/www.upo.es\/diario\/wp-content\/uploads\/2020\/11\/Francisco-Oliva-Blazquez_h_2-360x246.jpg 360w, https:\/\/www.upo.es\/diario\/wp-content\/uploads\/2020\/11\/Francisco-Oliva-Blazquez_h_2-768x526.jpg 768w, https:\/\/www.upo.es\/diario\/wp-content\/uploads\/2020\/11\/Francisco-Oliva-Blazquez_h_2-600x411.jpg 600w, https:\/\/www.upo.es\/diario\/wp-content\/uploads\/2020\/11\/Francisco-Oliva-Blazquez_h_2.jpg 1294w\" sizes=\"auto, (max-width: 750px) 100vw, 750px\" \/><\/a><figcaption id=\"caption-attachment-30863187\" class=\"wp-caption-text\">Francisco Oliva Bl\u00e1zquez<\/figcaption><\/figure>\n<p>Francisco Oliva Bl\u00e1zquez, catedr\u00e1tico de Derecho Civil, ha sido elegido rector de la Universidad Pablo de Olavide en las elecciones celebradas ayer a las que ha concurrido con el catedr\u00e1tico de Antropolog\u00eda Esteban Ruiz Ballesteros. <strong>Con el 100 por ciento de los votos escrutados, Francisco Oliva ha obtenido un 54.685 por ciento de los votos, seg\u00fan la ponderaci\u00f3n establecida en el art\u00edculo 33.2 de los Estatutos de la UPO, frente a un 45.315 por ciento alcanzado por Esteban Ruiz<\/strong>.<\/p>\n<p>Por sectores, <strong>Francisco Oliva<\/strong> ha conseguido el 24.93 por ciento de los votos ponderados del sector A de profesores doctores con vinculaci\u00f3n permanente a la Universidad; el 3.82 por ciento del sector B del resto de componentes del personal docente e investigador; el 17.81 por ciento del sector C de estudiantes; y del 8.10 por ciento del sector D del personal de administraci\u00f3n y servicios de la instituci\u00f3n.<\/p>\n<p>Por su parte, <strong>Esteban Ruiz Ballesteros<\/strong> ha obtenido el 31.06 por ciento de votos ponderados del sector A; el 4.17 por ciento del sector B; el 6.18 por ciento del sector C, y el 3.89 por ciento del sector D.<\/p>\n<p>La jornada electoral transcurri\u00f3 con normalidad y los miembros de la comunidad universitaria pudieron ejercer su derecho al voto entre las 9:00 y las 18:00 horas. Asimismo, desde el 30 de octubre y hasta el 11 de noviembre, tanto el profesorado, como el alumnado y el personal de administraci\u00f3n y servicios, han tenido la oportunidad de votar de forma anticipada en los espacios habilitados por la Universidad.<\/p>\n<h3><strong>Participaci\u00f3n de todos los sectores que conforman la comunidad universitaria<\/strong><\/h3>\n<p>Las elecciones rectorales de la Universidad Pablo de Olavide se han celebrado por sufragio universal, con la participaci\u00f3n de todos los sectores que integran la comunidad universitaria, con una <strong>ponderaci\u00f3n de voto<\/strong> del 56% para el sector A; del 8% para el sector B; del 24% para el sector C, y del 12% para el sector D.<\/p>\n<p>A estos comicios estaban convocadas unas <strong>12 185 personas, entre profesores, estudiantes y personal de administraci\u00f3n y servicios<\/strong>. De ellos, un total de 474 son profesores doctores con vinculaci\u00f3n permanente a la Universidad; 658 conforman el resto del personal docente e investigador; 10 589 personas integran el sector estudiantes; y 464 forman parte del personal de administraci\u00f3n y servicios.<\/p>\n<p><strong>La participaci\u00f3n ha sido del 84.39 por ciento en el sector A; del 43.77 por ciento del sector B; del 8.57 por ciento del sector C, y del 60.13 por ciento del sector D<\/strong>.<\/p>\n<p>La Comisi\u00f3n Electoral se re\u00fane hoy viernes para proclamar a Francisco Oliva como candidato electo provisional. El plazo de reclamaciones a los resultados se abrir\u00e1 durante los d\u00edas 16 y 17 de noviembre, siendo la proclamaci\u00f3n definitiva del candidato el pr\u00f3ximo mi\u00e9rcoles 18.<\/p>\n<p><a href=\"https:\/\/www.upo.es\/diario\/wp-content\/uploads\/2020\/11\/porcentajes-votos-sectores.png\"><img loading=\"lazy\" decoding=\"async\" class=\"aligncenter wp-image-30863197 size-large\" src=\"https:\/\/www.upo.es\/diario\/wp-content\/uploads\/2020\/11\/porcentajes-votos-sectores-750x374.png\" alt=\"\" width=\"750\" height=\"374\" srcset=\"https:\/\/www.upo.es\/diario\/wp-content\/uploads\/2020\/11\/porcentajes-votos-sectores-750x374.png 750w, https:\/\/www.upo.es\/diario\/wp-content\/uploads\/2020\/11\/porcentajes-votos-sectores-360x179.png 360w, https:\/\/www.upo.es\/diario\/wp-content\/uploads\/2020\/11\/porcentajes-votos-sectores-768x383.png 768w, https:\/\/www.upo.es\/diario\/wp-content\/uploads\/2020\/11\/porcentajes-votos-sectores-600x299.png 600w, https:\/\/www.upo.es\/diario\/wp-content\/uploads\/2020\/11\/porcentajes-votos-sectores.png 1088w\" sizes=\"auto, (max-width: 750px) 100vw, 750px\" \/><\/a><\/p>\n<h3><strong>Francisco Oliva Bl\u00e1zquez<\/strong><\/h3>\n<p>Francisco Oliva Bl\u00e1zquez (M\u00e1laga, 1972) es catedr\u00e1tico de Derecho Civil de la Universidad Pablo de Olavide. Como gestor ha sido vicesecretario general y secretario general de la UPO, y actualmente es responsable del \u00e1rea de Derecho Civil y codirector del Doble M\u00e1ster Universitario en Abogac\u00eda y Derecho de la Contrataci\u00f3n y Responsabilidad Civil.<\/p>\n<p>Ha dirigido su actividad investigadora pr\u00e1cticamente a todos los sectores del Derecho civil, y muy especialmente al Derecho de las obligaciones y contratos y de la responsabilidad civil. Adem\u00e1s, es experto en Bio\u00e9tica as\u00ed como en Derecho privado comparado. Autor de alrededor de cien publicaciones en forma de monograf\u00edas, manuales y art\u00edculos jur\u00eddicos en revistas y obras colectivas. Ha sido investigador principal de tres proyectos de investigaci\u00f3n competitivos de car\u00e1cter nacional.<\/p>\n<p>Como jurista experto en Bio\u00e9tica, ha participado en la redacci\u00f3n de diferentes leyes del sector sanitario, como la Ley de derechos y garant\u00edas de la dignidad de la persona en el proceso de muerte y el decreto por el que se regula el Registro de Voluntades Vitales Anticipadas de Andaluc\u00eda. Adem\u00e1s, es vocal del Comit\u00e9 de Bio\u00e9tica de Andaluc\u00eda y de la Comisi\u00f3n Auton\u00f3mica de Cribados Poblacionales y Actividades Preventivas de Detecci\u00f3n precoz de la Junta de Andaluc\u00eda.\u00a0 Igualmente, es miembro del European Law Institute (ELI).<\/p>\n<p><strong>M\u00e1s informaci\u00f3n:<\/strong> <a href=\"https:\/\/www.upo.es\/elec_rect\/web\/\">https:\/\/www.upo.es\/elec_rect\/web\/<\/a><\/p>\n","protected":false},"excerpt":{"rendered":"<p>Francisco Oliva Bl\u00e1zquez, catedr\u00e1tico de Derecho Civil, ha sido elegido hoy jueves 12 de noviembre rector de la Universidad Pablo de Olavide en las elecciones a las que ha concurrido con el catedr\u00e1tico de Antropolog\u00eda Esteban Ruiz Ballesteros. Con el 95 por ciento de los votos escrutados, Francisco Oliva ha obtenido un 54.67 por ciento de los votos, seg\u00fan la ponderaci\u00f3n establecida en el art\u00edculo 33.2 de los Estatutos de la UPO, frente a un 45.32 por ciento alcanzado por Esteban Ruiz. <\/p>\n","protected":false},"author":6,"featured_media":30863187,"comment_status":"closed","ping_status":"open","sticky":false,"template":"","format":"standard","meta":{"_monsterinsights_skip_tracking":false,"_monsterinsights_sitenote_active":false,"_monsterinsights_sitenote_note":"","_monsterinsights_sitenote_category":0,"footnotes":""},"categories":[6],"tags":[3218,21,4021,682,199],"class_list":["post-30863191","post","type-post","status-publish","format-standard","has-post-thumbnail","hentry","category-institucional","tag-elecciones-rectorales","tag-estudiantes","tag-francisco-oliva-blazquez","tag-pas","tag-profesorado"],"_links":{"self":[{"href":"https:\/\/www.upo.es\/diario\/wp-json\/wp\/v2\/posts\/30863191","targetHints":{"allow":["GET"]}}],"collection":[{"href":"https:\/\/www.upo.es\/diario\/wp-json\/wp\/v2\/posts"}],"about":[{"href":"https:\/\/www.upo.es\/diario\/wp-json\/wp\/v2\/types\/post"}],"author":[{"embeddable":true,"href":"https:\/\/www.upo.es\/diario\/wp-json\/wp\/v2\/users\/6"}],"replies":[{"embeddable":true,"href":"https:\/\/www.upo.es\/diario\/wp-json\/wp\/v2\/comments?post=30863191"}],"version-history":[{"count":8,"href":"https:\/\/www.upo.es\/diario\/wp-json\/wp\/v2\/posts\/30863191\/revisions"}],"predecessor-version":[{"id":30863200,"href":"https:\/\/www.upo.es\/diario\/wp-json\/wp\/v2\/posts\/30863191\/revisions\/30863200"}],"wp:featuredmedia":[{"embeddable":true,"href":"https:\/\/www.upo.es\/diario\/wp-json\/wp\/v2\/media\/30863187"}],"wp:attachment":[{"href":"https:\/\/www.upo.es\/diario\/wp-json\/wp\/v2\/media?parent=30863191"}],"wp:term":[{"taxonomy":"category","embeddable":true,"href":"https:\/\/www.upo.es\/diario\/wp-json\/wp\/v2\/categories?post=30863191"},{"taxonomy":"post_tag","embeddable":true,"href":"https:\/\/www.upo.es\/diario\/wp-json\/wp\/v2\/tags?post=30863191"}],"curies":[{"name":"wp","href":"https:\/\/api.w.org\/{rel}","templated":true}]}}