{"id":30863209,"date":"2020-11-13T16:12:14","date_gmt":"2020-11-13T15:12:14","guid":{"rendered":"https:\/\/www.upo.es\/diario\/?p=30863209"},"modified":"2020-11-17T15:09:25","modified_gmt":"2020-11-17T14:09:25","slug":"la-universidad-pablo-de-olavide-lanza-junto-a-la-de-cordoba-un-master-pionero-sobre-desarrollo-humano-sostenible","status":"publish","type":"post","link":"https:\/\/www.upo.es\/diario\/cultura-social\/2020\/11\/la-universidad-pablo-de-olavide-lanza-junto-a-la-de-cordoba-un-master-pionero-sobre-desarrollo-humano-sostenible\/","title":{"rendered":"La Universidad Pablo de Olavide lanza junto a la de C\u00f3rdoba un m\u00e1ster pionero sobre desarrollo humano sostenible"},"content":{"rendered":"<p><a href=\"https:\/\/www.upo.es\/diario\/wp-content\/uploads\/2020\/11\/ODS-2030.jpg\"><img loading=\"lazy\" decoding=\"async\" class=\"aligncenter wp-image-30863210 size-large\" src=\"https:\/\/www.upo.es\/diario\/wp-content\/uploads\/2020\/11\/ODS-2030-e1605280325965-750x463.jpg\" alt=\"Objetivos de Desarrollo Sostenible\" width=\"750\" height=\"463\" srcset=\"https:\/\/www.upo.es\/diario\/wp-content\/uploads\/2020\/11\/ODS-2030-e1605280325965-750x463.jpg 750w, https:\/\/www.upo.es\/diario\/wp-content\/uploads\/2020\/11\/ODS-2030-e1605280325965-360x222.jpg 360w, https:\/\/www.upo.es\/diario\/wp-content\/uploads\/2020\/11\/ODS-2030-e1605280325965-600x370.jpg 600w, https:\/\/www.upo.es\/diario\/wp-content\/uploads\/2020\/11\/ODS-2030-e1605280325965.jpg 754w\" sizes=\"auto, (max-width: 750px) 100vw, 750px\" \/><\/a>La transformaci\u00f3n del modelo de desarrollo se ha convertido en una prioridad pol\u00edtica de primer orden, presente en el discurso de muy diferentes instituciones, desde Naciones Unidas hasta los gobiernos locales. Problem\u00e1ticas como el Cambio Clim\u00e1tico, la p\u00e9rdida de biodiversidad o la desigualdad social y de g\u00e9nero han obligado a replantear la gesti\u00f3n y la actividad de Administraciones P\u00fablicas, empresas y organizaciones sociales, para afrontar estos desaf\u00edos que, sin duda, determinar\u00e1n el futuro m\u00e1s inmediato.<\/p>\n<p>La <strong>Universidad de C\u00f3rdoba<\/strong> y la <strong>Universidad Pablo de Olavide<\/strong>\u00a0 con la puesta en marcha del <strong><a href=\"https:\/\/www.upo.es\/postgrado\/Master-en-Politicas-y-Practicas-para-un-Desarrollo-Humano-Sostenible\/\">M\u00e1ster Propio Interuniversitario en Pol\u00edticas y Pr\u00e1cticas para un Desarrollo Humano Sostenible<\/a>,<\/strong> co-financiado por la Agencia Andaluza de Cooperaci\u00f3n Internacional para el Desarrollo (AACID), pretenden ampliar los conocimientos de los agentes empresariales, sociales y p\u00fablicos de Andaluc\u00eda sobre los valores, principios y pr\u00e1cticas para un Desarrollo Humano Sostenible, a trav\u00e9s de la adquisici\u00f3n de herramientas discursivas, de an\u00e1lisis cr\u00edtico y de puesta en marcha de alternativas pol\u00edticas y econ\u00f3micas que contribuyan a alcanzar las metas de la Agenda 2030 de las Naciones Unidas.<\/p>\n<p>Este M\u00e1ster se impartir\u00e1 en <strong>modalidad semipresencial<\/strong>. Entre las tem\u00e1ticas que se abordaran se encuentran las pol\u00edticas comerciales y financieras, el actual modelo de producci\u00f3n y consumo, las migraciones, las desigualdades, los paradigmas y agendas del desarrollo, as\u00ed como las pol\u00edticas de cooperaci\u00f3n, educaci\u00f3n y comunicaci\u00f3n para un Desarrollo Sostenible.\u00a0 Adem\u00e1s, el alumnado matriculado tendr\u00e1 la posibilidad de optar por una de las dos especialidades previstas: una sobre \u2018Agenda 2030, gobernanza multinivel y gobiernos locales\u2019 y otra sobre \u2018Alternativas econ\u00f3micas y empresas sociales\u2019.<\/p>\n<p>Est\u00e1 dirigido por el profesor <strong>Antonio Jes\u00fas Rodr\u00edguez<\/strong>, del Departamento de Psicolog\u00eda de la Universidad de C\u00f3rdoba, y por la profesora<strong> Isabel Victoria Lucena<\/strong>, del Departamento de Derecho P\u00fablico de la Universidad Pablo de Olavide Cuenta entre su profesorado con personalidades como la eco-feminista Yayo Herrero, los activistas Luis Gonz\u00e1lez de Ecologistas en Acci\u00f3n o Carlos Arce de la Asociaci\u00f3n Pro-Derechos Humanos de Andaluc\u00eda, as\u00ed como el profesorado universitario Ram\u00f3n Rom\u00e1n, Mamen Cu\u00e9llar, \u00c1ngel Calle, Mar\u00eda de la O Barroso, Enrique Gallicchio, Alfredo Langa, Nacho Mart\u00ednez, Jose Cand\u00f3n, Roc\u00edo Mu\u00f1oz y Jes\u00fas Delgado, entre otros\/as.<\/p>\n<p><strong>Del 10 al 25 de noviembre estar\u00e1 abierto el plazo de preinscripci\u00f3n en ambas universidades<\/strong>. El alumnado residente en Andaluc\u00eda tendr\u00e1 la posibilidad de optar a becas del 80% del coste de la matr\u00edcula. Adem\u00e1s, se cuenta con ayudas para aquel alumnado que resida a m\u00e1s de 30 kil\u00f3metros de las instalaciones de la UCO y la UPO donde se celebren las sesiones presenciales del M\u00e1ster. Igualmente se abrir\u00e1, una convocatoria de becas y ayudas para alumnado colaborador de entidades e iniciativas colaboradoras de las ONGDs andaluzas, que residan en alguno de los pa\u00edses prioritarios del Plan Andaluz de Cooperaci\u00f3n para el Desarrollo (PACODE). Toda la informaci\u00f3n estar\u00e1 disponible en la web <a href=\"http:\/\/www.masterdesarrollosostenible.org\">www.masterdesarrollosostenible.org<\/a><\/p>\n","protected":false},"excerpt":{"rendered":"<p>La transformaci\u00f3n del modelo de desarrollo se ha convertido en una prioridad pol\u00edtica de primer orden, presente en el discurso de muy diferentes instituciones, desde Naciones Unidas hasta los gobiernos locales. Problem\u00e1ticas como el Cambio Clim\u00e1tico, la p\u00e9rdida de biodiversidad o la desigualdad social y de g\u00e9nero han obligado a replantear la gesti\u00f3n y la actividad de Administraciones P\u00fablicas, empresas y organizaciones sociales, para afrontar estos desaf\u00edos que, sin duda, determinar\u00e1n el futuro m\u00e1s inmediato.<\/p>\n","protected":false},"author":6,"featured_media":30863210,"comment_status":"closed","ping_status":"open","sticky":false,"template":"","format":"standard","meta":{"_monsterinsights_skip_tracking":false,"_monsterinsights_sitenote_active":false,"_monsterinsights_sitenote_note":"","_monsterinsights_sitenote_category":0,"footnotes":""},"categories":[5843],"tags":[3007,118,5048,166,1583],"class_list":["post-30863209","post","type-post","status-publish","format-standard","has-post-thumbnail","hentry","category-cultura-social","tag-desarrollo-sostenible","tag-master","tag-ods","tag-titulo-propio","tag-universidad-de-cordoba"],"_links":{"self":[{"href":"https:\/\/www.upo.es\/diario\/wp-json\/wp\/v2\/posts\/30863209","targetHints":{"allow":["GET"]}}],"collection":[{"href":"https:\/\/www.upo.es\/diario\/wp-json\/wp\/v2\/posts"}],"about":[{"href":"https:\/\/www.upo.es\/diario\/wp-json\/wp\/v2\/types\/post"}],"author":[{"embeddable":true,"href":"https:\/\/www.upo.es\/diario\/wp-json\/wp\/v2\/users\/6"}],"replies":[{"embeddable":true,"href":"https:\/\/www.upo.es\/diario\/wp-json\/wp\/v2\/comments?post=30863209"}],"version-history":[{"count":3,"href":"https:\/\/www.upo.es\/diario\/wp-json\/wp\/v2\/posts\/30863209\/revisions"}],"predecessor-version":[{"id":30863247,"href":"https:\/\/www.upo.es\/diario\/wp-json\/wp\/v2\/posts\/30863209\/revisions\/30863247"}],"wp:featuredmedia":[{"embeddable":true,"href":"https:\/\/www.upo.es\/diario\/wp-json\/wp\/v2\/media\/30863210"}],"wp:attachment":[{"href":"https:\/\/www.upo.es\/diario\/wp-json\/wp\/v2\/media?parent=30863209"}],"wp:term":[{"taxonomy":"category","embeddable":true,"href":"https:\/\/www.upo.es\/diario\/wp-json\/wp\/v2\/categories?post=30863209"},{"taxonomy":"post_tag","embeddable":true,"href":"https:\/\/www.upo.es\/diario\/wp-json\/wp\/v2\/tags?post=30863209"}],"curies":[{"name":"wp","href":"https:\/\/api.w.org\/{rel}","templated":true}]}}