{"id":30863219,"date":"2020-11-16T13:17:11","date_gmt":"2020-11-16T12:17:11","guid":{"rendered":"https:\/\/www.upo.es\/diario\/?p=30863219"},"modified":"2020-11-16T15:28:33","modified_gmt":"2020-11-16T14:28:33","slug":"descienden-a-la-mitad-los-casos-covid-19-registrados-en-la-upo-durante-la-ultima-semana","status":"publish","type":"post","link":"https:\/\/www.upo.es\/diario\/comunidad\/2020\/11\/descienden-a-la-mitad-los-casos-covid-19-registrados-en-la-upo-durante-la-ultima-semana\/","title":{"rendered":"Descienden a la mitad los casos COVID-19 registrados en la UPO durante la \u00faltima semana"},"content":{"rendered":"<p style=\"text-align: justify; background: white; margin: 0cm 0cm 15.0pt 0cm;\"><span style=\"color: #2b2c30;\"><img loading=\"lazy\" decoding=\"async\" class=\"alignright size-medium wp-image-30860432\" src=\"https:\/\/www.upo.es\/diario\/wp-content\/uploads\/2020\/04\/Covid19_AI-360x225.jpg\" alt=\"\" width=\"360\" height=\"225\" srcset=\"https:\/\/www.upo.es\/diario\/wp-content\/uploads\/2020\/04\/Covid19_AI-360x225.jpg 360w, https:\/\/www.upo.es\/diario\/wp-content\/uploads\/2020\/04\/Covid19_AI-750x469.jpg 750w, https:\/\/www.upo.es\/diario\/wp-content\/uploads\/2020\/04\/Covid19_AI-768x480.jpg 768w, https:\/\/www.upo.es\/diario\/wp-content\/uploads\/2020\/04\/Covid19_AI-600x375.jpg 600w, https:\/\/www.upo.es\/diario\/wp-content\/uploads\/2020\/04\/Covid19_AI.jpg 960w\" sizes=\"auto, (max-width: 360px) 100vw, 360px\" \/>La Universidad Pablo de Olavide ha contabilizado entre los d\u00edas 9 y 15 de noviembre 9 casos positivos COVID-19, la mitad aproximadamente de la cifra que se ha registrado en semanas anteriores. Los 9 casos comunicados corresponden a estudiantes, seg\u00fan constata el \u00c1rea de Salud y Prevenci\u00f3n de la instituci\u00f3n, que recibe las notificaciones por parte de las personas afectadas y se encarga de activar todos los protocolos necesarios de rastreo y prevenci\u00f3n para evitar la propagaci\u00f3n del virus en el campus. No se ha registrado ning\u00fan caso positivo en el sector PDI ni PAS en estos siete d\u00edas.<\/span><\/p>\n<p style=\"text-align: start; background: white; box-sizing: inherit; font-variant-ligatures: normal; font-variant-caps: normal; orphans: 2; widows: 2; -webkit-text-stroke-width: 0px; text-decoration-style: initial; text-decoration-color: initial; word-spacing: 0px; margin: 0cm 0cm 15.0pt 0cm;\"><span style=\"color: #2b2c30;\">Por otro lado, durante esta \u00faltima semana, se han comunicado tambi\u00e9n 9 casos de sospecha que se encuentran pendientes de prueba PCR, todos ellos tambi\u00e9n entre el sector estudiantes.<\/span><\/p>\n<p style=\"text-align: start; background: white; box-sizing: inherit; font-variant-ligatures: normal; font-variant-caps: normal; orphans: 2; widows: 2; -webkit-text-stroke-width: 0px; text-decoration-style: initial; text-decoration-color: initial; word-spacing: 0px; margin: 0cm 0cm 15.0pt 0cm;\"><span style=\"color: #2b2c30;\">El total de casos positivos notificados desde el comienzo de las clases, el pasado 21 de septiembre, asciende a 79, de los cuales 8 corresponden al PAS, 8 al PDI y 63 al alumnado.<\/span><\/p>\n<h3 style=\"text-align: start; background: white; box-sizing: inherit; font-variant-ligatures: normal; font-variant-caps: normal; orphans: 2; widows: 2; -webkit-text-stroke-width: 0px; text-decoration-style: initial; text-decoration-color: initial; word-spacing: 0px; margin: 0cm 0cm 15.0pt 0cm;\"><strong style=\"box-sizing: inherit;\"><span style=\"color: #2b2c30;\">Seguimiento de los casos COVID-19 desde el \u00c1rea de Salud y Prevenci\u00f3n<\/span><\/strong><\/h3>\n<p style=\"text-align: start; background: white; box-sizing: inherit; font-variant-ligatures: normal; font-variant-caps: normal; orphans: 2; widows: 2; -webkit-text-stroke-width: 0px; text-decoration-style: initial; text-decoration-color: initial; word-spacing: 0px; margin: 0cm 0cm 15.0pt 0cm;\"><span style=\"color: #2b2c30;\">La Universidad Pablo de Olavide, a fin de facilitar una mejor gesti\u00f3n de la seguridad y salud de la comunidad universitaria y de conformidad con su plan de contingencia frente a la Covid-19, contempla un protocolo de actuaci\u00f3n en caso de sospecha o de confirmaci\u00f3n de infecci\u00f3n para los miembros de la comunidad universitaria. El plan de actuaci\u00f3n establece que, una vez seguidas las recomendaciones y efectuadas las comunicaciones prescritas por la autoridad sanitaria,\u00a0las personas afectadas (por sospecha o confirmaci\u00f3n)\u00a0<strong style=\"box-sizing: inherit;\">deben comunicar su circunstancia<\/strong>\u00a0al\u00a0<strong style=\"box-sizing: inherit;\">\u00c1rea de Salud y Prevenci\u00f3n de la Universidad<\/strong>, que se encargar\u00e1 de adoptar las medidas oportunas, con objeto de salvaguardar, adem\u00e1s de su propia salud, la de otros miembros de la comunidad universitaria y su entorno.<\/span><\/p>\n<p style=\"text-align: start; background: white; box-sizing: inherit; font-variant-ligatures: normal; font-variant-caps: normal; orphans: 2; widows: 2; -webkit-text-stroke-width: 0px; text-decoration-style: initial; text-decoration-color: initial; word-spacing: 0px; margin: 0cm 0cm 15.0pt 0cm;\"><span style=\"color: #2b2c30;\">El \u00c1rea de Salud y Prevenci\u00f3n trabaja sobre cada caso de contagio confirmado de manera personalizada y coordina con los responsables COVID de los siete centros que conforman la UPO, as\u00ed como con los responsables de CEDEP y del \u00c1rea de Formaci\u00f3n Permanente, la activaci\u00f3n de los protocolos de rastreo, prevenci\u00f3n y seguimiento hasta que se produce la recuperaci\u00f3n de la persona afectada. Asimismo, y entre otras cuestiones relacionadas con la COVID-19, el \u00c1rea de Salud y Prevenci\u00f3n tambi\u00e9n se encarga de atender dudas y consultas de diversa \u00edndole sobre la nueva situaci\u00f3n generada por el virus.<\/span><\/p>\n<p style=\"text-align: start; background: white; box-sizing: inherit; font-variant-ligatures: normal; font-variant-caps: normal; orphans: 2; widows: 2; -webkit-text-stroke-width: 0px; text-decoration-style: initial; text-decoration-color: initial; word-spacing: 0px; margin: 0cm 0cm 15.0pt 0cm;\"><span style=\"color: #2b2c30;\">La\u00a0 notificaci\u00f3n de contagio o sospecha de contagio por parte de los miembros de la comunidad universitaria se realiza a trav\u00e9s del formulario:\u00a0<a style=\"box-sizing: inherit;\" href=\"https:\/\/www.upo.es\/formularios\/comunicacion-covid19\/index.html\"><span style=\"color: black;\">https:\/\/www.upo.es\/formularios\/comunicacion-covid19\/index.html<\/span><\/a>.<\/span><\/p>\n<p style=\"text-align: start; background: white; box-sizing: inherit; font-variant-ligatures: normal; font-variant-caps: normal; orphans: 2; widows: 2; -webkit-text-stroke-width: 0px; text-decoration-style: initial; text-decoration-color: initial; word-spacing: 0px; margin: 0cm 0cm 15.0pt 0cm;\"><span style=\"color: #2b2c30;\">Informaci\u00f3n sobre el Protocolo Plan de contingencia-Covid-19 de la Universidad Pablo de Olavide:\u00a0<a style=\"box-sizing: inherit;\" href=\"https:\/\/www.upo.es\/upo_opencms\/export\/sites\/upo\/Temas\/Upo\/00_Contenidos\/Covid19\/plan-contingencia-Covid-19-UPO.pdf\"><span style=\"color: black;\">https:\/\/www.upo.es\/upo_opencms\/export\/sites\/upo\/Temas\/Upo\/00_Contenidos\/Covid19\/plan-contingencia-Covid-19-UPO.pdf<\/span><\/a><\/span><\/p>\n","protected":false},"excerpt":{"rendered":"<p>La Universidad Pablo de Olavide ha contabilizado entre los d\u00edas 9 y 15 de noviembre 9 casos positivos COVID-19, la mitad aproximadamente de la cifra que se ven\u00eda registrando en semanas anteriores. Los 9 casos comunicados corresponden a estudiantes, seg\u00fan constata el \u00c1rea de Salud y Prevenci\u00f3n de la instituci\u00f3n, que recibe las notificaciones por parte de las personas afectadas y se encarga de activar todos los protocolos necesarios de rastreo y prevenci\u00f3n para evitar la propagaci\u00f3n del virus en el campus. No se ha registrado ning\u00fan caso positivo en el sector PDI ni PAS en estos siete d\u00edas.<\/p>\n","protected":false},"author":15,"featured_media":30860432,"comment_status":"closed","ping_status":"open","sticky":false,"template":"","format":"standard","meta":{"_monsterinsights_skip_tracking":false,"_monsterinsights_sitenote_active":false,"_monsterinsights_sitenote_note":"","_monsterinsights_sitenote_category":0,"footnotes":""},"categories":[5842],"tags":[5484,7012,7063,7017,6870,7062,7037],"class_list":["post-30863219","post","type-post","status-publish","format-standard","has-post-thumbnail","hentry","category-comunidad","tag-area-de-salud-y-prevencion","tag-casos-covid","tag-descenso","tag-positivos","tag-registro","tag-semana-9-15-noviembre","tag-sospecha"],"_links":{"self":[{"href":"https:\/\/www.upo.es\/diario\/wp-json\/wp\/v2\/posts\/30863219","targetHints":{"allow":["GET"]}}],"collection":[{"href":"https:\/\/www.upo.es\/diario\/wp-json\/wp\/v2\/posts"}],"about":[{"href":"https:\/\/www.upo.es\/diario\/wp-json\/wp\/v2\/types\/post"}],"author":[{"embeddable":true,"href":"https:\/\/www.upo.es\/diario\/wp-json\/wp\/v2\/users\/15"}],"replies":[{"embeddable":true,"href":"https:\/\/www.upo.es\/diario\/wp-json\/wp\/v2\/comments?post=30863219"}],"version-history":[{"count":3,"href":"https:\/\/www.upo.es\/diario\/wp-json\/wp\/v2\/posts\/30863219\/revisions"}],"predecessor-version":[{"id":30863229,"href":"https:\/\/www.upo.es\/diario\/wp-json\/wp\/v2\/posts\/30863219\/revisions\/30863229"}],"wp:featuredmedia":[{"embeddable":true,"href":"https:\/\/www.upo.es\/diario\/wp-json\/wp\/v2\/media\/30860432"}],"wp:attachment":[{"href":"https:\/\/www.upo.es\/diario\/wp-json\/wp\/v2\/media?parent=30863219"}],"wp:term":[{"taxonomy":"category","embeddable":true,"href":"https:\/\/www.upo.es\/diario\/wp-json\/wp\/v2\/categories?post=30863219"},{"taxonomy":"post_tag","embeddable":true,"href":"https:\/\/www.upo.es\/diario\/wp-json\/wp\/v2\/tags?post=30863219"}],"curies":[{"name":"wp","href":"https:\/\/api.w.org\/{rel}","templated":true}]}}