{"id":30863272,"date":"2020-11-18T11:01:12","date_gmt":"2020-11-18T10:01:12","guid":{"rendered":"https:\/\/www.upo.es\/diario\/?p=30863272"},"modified":"2020-11-18T16:10:39","modified_gmt":"2020-11-18T15:10:39","slug":"la-ii-edicion-de-campus-poligono-sur-promueve-la-busqueda-de-alternativas-a-los-codigos-culturales-establecidos","status":"publish","type":"post","link":"https:\/\/www.upo.es\/diario\/cultura\/2020\/11\/la-ii-edicion-de-campus-poligono-sur-promueve-la-busqueda-de-alternativas-a-los-codigos-culturales-establecidos\/","title":{"rendered":"La II edici\u00f3n de Campus Pol\u00edgono Sur promueve la b\u00fasqueda  de alternativas a los c\u00f3digos culturales establecidos"},"content":{"rendered":"<figure id=\"attachment_30863277\" aria-describedby=\"caption-attachment-30863277\" style=\"width: 750px\" class=\"wp-caption aligncenter\"><a href=\"https:\/\/www.upo.es\/diario\/wp-content\/uploads\/2020\/11\/FactoriaCultural-2020-elodia-scaled.jpg\"><img loading=\"lazy\" decoding=\"async\" class=\"wp-image-30863277 size-large\" src=\"https:\/\/www.upo.es\/diario\/wp-content\/uploads\/2020\/11\/FactoriaCultural-2020-elodia-750x421.jpg\" alt=\"Elodia Hern\u00e1ndez Le\u00f3n, vicerrectora de Cultura y Compromiso Social UPO\" width=\"750\" height=\"421\" srcset=\"https:\/\/www.upo.es\/diario\/wp-content\/uploads\/2020\/11\/FactoriaCultural-2020-elodia-750x421.jpg 750w, https:\/\/www.upo.es\/diario\/wp-content\/uploads\/2020\/11\/FactoriaCultural-2020-elodia-360x202.jpg 360w, https:\/\/www.upo.es\/diario\/wp-content\/uploads\/2020\/11\/FactoriaCultural-2020-elodia-768x431.jpg 768w, https:\/\/www.upo.es\/diario\/wp-content\/uploads\/2020\/11\/FactoriaCultural-2020-elodia-600x337.jpg 600w, https:\/\/www.upo.es\/diario\/wp-content\/uploads\/2020\/11\/FactoriaCultural-2020-elodia-1536x863.jpg 1536w, https:\/\/www.upo.es\/diario\/wp-content\/uploads\/2020\/11\/FactoriaCultural-2020-elodia-2048x1150.jpg 2048w\" sizes=\"auto, (max-width: 750px) 100vw, 750px\" \/><\/a><figcaption id=\"caption-attachment-30863277\" class=\"wp-caption-text\">Elodia Hern\u00e1ndez, vicerrectora de Cultura y Compromiso Social, durante la inauguraci\u00f3n<\/figcaption><\/figure>\n<p>Cuestionar las visiones consensuadas y estereotipadas que tenemos sobre la cultura, romper los modos de acercamiento tradicionales y construir procesos de inversi\u00f3n simb\u00f3lica que presenten una alternativa a los c\u00f3digos culturales, los valores y las normas com\u00fanmente mantenidos. Es el objetivo del II Campus Pol\u00edgono Sur, promovido por Factor\u00eda Cultural del Instituto de la Cultura y las Artes (ICAS) del Ayuntamiento de Sevilla y la Universidad Pablo de Olavide, y que, <strong>desde hoy y hasta el pr\u00f3ximo d\u00eda 27, se desarrollar\u00e1 en este equipamiento municipal con el total de plazas ofertadas cubiertas<\/strong>.<\/p>\n<p><a href=\"https:\/\/www.upo.es\/diario\/wp-content\/uploads\/2020\/10\/CAMPUS-2020-Cartel-1.jpg\"><img loading=\"lazy\" decoding=\"async\" class=\"alignright size-medium wp-image-30862972\" src=\"https:\/\/www.upo.es\/diario\/wp-content\/uploads\/2020\/10\/CAMPUS-2020-Cartel-1-274x360.jpg\" alt=\"II Campus Pol\u00edgono Sur: del 18 al 27 de noviembre\" width=\"274\" height=\"360\" srcset=\"https:\/\/www.upo.es\/diario\/wp-content\/uploads\/2020\/10\/CAMPUS-2020-Cartel-1-274x360.jpg 274w, https:\/\/www.upo.es\/diario\/wp-content\/uploads\/2020\/10\/CAMPUS-2020-Cartel-1-570x750.jpg 570w, https:\/\/www.upo.es\/diario\/wp-content\/uploads\/2020\/10\/CAMPUS-2020-Cartel-1-768x1010.jpg 768w, https:\/\/www.upo.es\/diario\/wp-content\/uploads\/2020\/10\/CAMPUS-2020-Cartel-1-600x789.jpg 600w, https:\/\/www.upo.es\/diario\/wp-content\/uploads\/2020\/10\/CAMPUS-2020-Cartel-1-1168x1536.jpg 1168w, https:\/\/www.upo.es\/diario\/wp-content\/uploads\/2020\/10\/CAMPUS-2020-Cartel-1.jpg 1194w\" sizes=\"auto, (max-width: 274px) 100vw, 274px\" \/><\/a>\u201cSe trata de trabajar desde Pol\u00edgono Sur y generar en este barrio de la ciudad un espacio para la creaci\u00f3n art\u00edstica que promueva la reflexi\u00f3n sobre arte, sociedad, territorio y ciudadan\u00eda\u201d, ha explicado el delegado de H\u00e1bitat Urbano, Cultura y Turismo del Ayuntamiento, Antonio Mu\u00f1oz. Y todo ello a trav\u00e9s del Campus Pol\u00edgono Sur, \u201cun proyecto \u00fanico que naci\u00f3 con vocaci\u00f3n de continuidad para aunar formaci\u00f3n y arte\u201d y que cuenta con la colaboraci\u00f3n de 12 artistas nacionales del \u00e1mbito gr\u00e1fico que actuar\u00e1n como mentores; \u00c1lex Pe\u00f1a, Isa\u00edas Gri\u00f1olo, Nathalie Bell\u00f3n, Patricio Hidalgo, Claudia Ihrek, Alejandro Morales, Ana Penyas, JL Jorge Romero, Inmaculada Salinas, Seisdedos (\u00c1lvaro Garc\u00eda), Jos\u00e9 Luis Albu\u00e9s y Ram\u00f3n Ravazsa.<\/p>\n<p>Organizado por <strong>Factor\u00eda Cultural-ICAS<\/strong> y el <strong>Vicerrectorado de Cultura y Compromiso Social de la Universidad Pablo Olavide<\/strong>, a trav\u00e9s del <a href=\"https:\/\/www.arteycompromiso.com\/\">Proyecto Atalaya <em>Arte y Compromiso<\/em><\/a> y con la colaboraci\u00f3n de la Universidad Loyola Andaluc\u00eda, la Universidad Internacional de Andaluc\u00eda y el Centro de Iniciativas Culturales de la Universidad de Sevilla, el II Campos Pol\u00edgono Sur se desarrollar\u00e1 en dos fases: una primera en la que se tratar\u00e1n los fundamentos te\u00f3ricos; y la segunda, en la que se realizar\u00e1n los talleres.<\/p>\n<h3><strong>Emisi\u00f3n en <em>streaming<\/em> de las charlas y debates<\/strong><\/h3>\n<p>Esta segunda edici\u00f3n propone adentrarse en la comprensi\u00f3n de algunas expresiones de las culturas populares (historietas, c\u00f3mics, etc.), en sus zonas de fluctuaci\u00f3n, conexi\u00f3n y de antagonismo con otras experimentaciones que se han dado y contin\u00faan d\u00e1ndose en la cultura contempor\u00e1nea. Este ser\u00e1 el tema de las charlas-debate que correr\u00e1n a cargo del artista Pedro G. Romero y la investigadora, profesora y escritora Ana Longoni y que ser\u00e1n transmitidas en <em>streaming<\/em> a trav\u00e9s del <a href=\"https:\/\/www.youtube.com\/channel\/UCf0M52zhMM8y0qRZmK1wlow?feature=emb_ch_name_ex\">canal de YouTube de Campus Pol\u00edgono Sur<\/a>.<\/p>\n<p>Escultor, pintor y cr\u00edtico de arte, Pedro G. Romero ha trabajado en la direcci\u00f3n art\u00edstica del bailaor Israel Galv\u00e1n y con el Ni\u00f1o de Elche, Roc\u00edo M\u00e1rquez o Tom\u00e1s de Perrate. Asimismo, ha trabajado como comisario en varios proyectos. Por su parte, Ana Longoni es tambi\u00e9n doctora en arte y, desde 2018, directora de Actividades P\u00fablicas del Museo Reina Sof\u00eda.<\/p>\n<p>De otro lado, los talleres pr\u00e1cticos estar\u00e1n conducidos por la historiadora del arte Guille Mongan y el dibujante y escritor sevillano Miguel Brieva, con varios libros en su haber y trabajos para publicaciones como El Jueves, Cineman\u00eda, El Pa\u00eds o Rolling Stone. Ambos se encargar\u00e1n de los talleres de creaci\u00f3n art\u00edstica que se desarrollar\u00e1n en horario de ma\u00f1ana (impartidos por Miguel Brieva) y tarde (impartidos por Guille Mongan). Los de tarde han sido tambi\u00e9n abiertos a la participaci\u00f3n de movimientos sociales, previa consulta en el correo campuspoligonosur@gmail.com.<\/p>\n<p>Pero, adem\u00e1s, los alumnos tendr\u00e1n la posibilidad de colaborar con una serie serie de mentores vinculados a las artes visuales que, bas\u00e1ndose en su trayectoria y experiencia, podr\u00e1n aconsejar, estimular y guiar los conocimientos y producciones art\u00edsticas de estos.<\/p>\n<p>En relaci\u00f3n con la COVID-19, Factor\u00eda Cultural y la actividad Campus Pol\u00edgono Sur seguir\u00e1n las medidas y protocolos sanitarios exigidos.<\/p>\n<p>La primera edici\u00f3n de esta iniciativa (\u2018Arte de contexto en la periferia\u2019) finaliz\u00f3 en cotubre del pasadoa\u00f1o con la publicaci\u00f3n del videoclip Aqu\u00ed Pol\u00edgono Sur, dirigido por el cineasta Paco Ba\u00f1os y con m\u00fasica del guitarrista Ra\u00fal Cantizano, en el que se mostraba el reclamo de los vecinos por ser incluidos como vecinos de Sevilla. En la realizaci\u00f3n del videoclip se involucraron artistas del barrio o que mantienen una estrecha relaci\u00f3n con \u00e9l, de diferentes procedencias y estilos, como Emilio Caracaf\u00e9, Negro Jari, Samu, el Coro Meridianos, Afrika Move o el colectivo Fuera de Serie. Toda la informaci\u00f3n sobre lo acontecido durante la pasada edici\u00f3n puede consultarse en la web del proyecto Arte y Compromiso Experiencias para el Cambio Social.<\/p>\n<p><strong>M\u00e1s informaci\u00f3n:<\/strong> <a href=\"https:\/\/drive.google.com\/file\/d\/19dFwUhnW1L9Je5vz0rplsFAG3y2RjCsL\/view\">II Campus Pol\u00edgono Sur &#8211; Programa<\/a><\/p>\n","protected":false},"excerpt":{"rendered":"<p>Cuestionar las visiones consensuadas y estereotipadas que tenemos sobre la cultura, romper los modos de acercamiento tradicionales y construir procesos de inversi\u00f3n simb\u00f3lica que presenten una alternativa a los c\u00f3digos culturales, los valores y las normas com\u00fanmente mantenidos. Es el objetivo del II Campus Pol\u00edgono Sur, promovido por Factor\u00eda Cultural del Instituto de la Cultura y las Artes (ICAS) del Ayuntamiento de Sevilla y la Universidad Pablo de Olavide, y que, desde hoy y hasta el pr\u00f3ximo d\u00eda 27, se desarrollar\u00e1 en este equipamiento municipal con el total de plazas ofertadas cubiertas.  <\/p>\n","protected":false},"author":6,"featured_media":30863277,"comment_status":"closed","ping_status":"open","sticky":false,"template":"","format":"standard","meta":{"_monsterinsights_skip_tracking":false,"_monsterinsights_sitenote_active":false,"_monsterinsights_sitenote_note":"","_monsterinsights_sitenote_category":0,"footnotes":""},"categories":[7],"tags":[4033,357,94,3746],"class_list":["post-30863272","post","type-post","status-publish","format-standard","has-post-thumbnail","hentry","category-cultura","tag-arte-y-compromiso","tag-poligono-sur","tag-proyecto-atalaya","tag-servicio-de-extension-cultural"],"_links":{"self":[{"href":"https:\/\/www.upo.es\/diario\/wp-json\/wp\/v2\/posts\/30863272","targetHints":{"allow":["GET"]}}],"collection":[{"href":"https:\/\/www.upo.es\/diario\/wp-json\/wp\/v2\/posts"}],"about":[{"href":"https:\/\/www.upo.es\/diario\/wp-json\/wp\/v2\/types\/post"}],"author":[{"embeddable":true,"href":"https:\/\/www.upo.es\/diario\/wp-json\/wp\/v2\/users\/6"}],"replies":[{"embeddable":true,"href":"https:\/\/www.upo.es\/diario\/wp-json\/wp\/v2\/comments?post=30863272"}],"version-history":[{"count":5,"href":"https:\/\/www.upo.es\/diario\/wp-json\/wp\/v2\/posts\/30863272\/revisions"}],"predecessor-version":[{"id":30863283,"href":"https:\/\/www.upo.es\/diario\/wp-json\/wp\/v2\/posts\/30863272\/revisions\/30863283"}],"wp:featuredmedia":[{"embeddable":true,"href":"https:\/\/www.upo.es\/diario\/wp-json\/wp\/v2\/media\/30863277"}],"wp:attachment":[{"href":"https:\/\/www.upo.es\/diario\/wp-json\/wp\/v2\/media?parent=30863272"}],"wp:term":[{"taxonomy":"category","embeddable":true,"href":"https:\/\/www.upo.es\/diario\/wp-json\/wp\/v2\/categories?post=30863272"},{"taxonomy":"post_tag","embeddable":true,"href":"https:\/\/www.upo.es\/diario\/wp-json\/wp\/v2\/tags?post=30863272"}],"curies":[{"name":"wp","href":"https:\/\/api.w.org\/{rel}","templated":true}]}}