{"id":30863284,"date":"2020-11-18T16:57:30","date_gmt":"2020-11-18T15:57:30","guid":{"rendered":"https:\/\/www.upo.es\/diario\/?p=30863284"},"modified":"2020-11-19T11:51:04","modified_gmt":"2020-11-19T10:51:04","slug":"estudiantes-de-la-facultad-de-humanidades-celebran-el-dia-mundial-de-la-filosofia","status":"publish","type":"post","link":"https:\/\/www.upo.es\/diario\/comunidad\/2020\/11\/estudiantes-de-la-facultad-de-humanidades-celebran-el-dia-mundial-de-la-filosofia\/","title":{"rendered":"Estudiantes de la Facultad de Humanidades celebran el D\u00eda Mundial de la Filosof\u00eda"},"content":{"rendered":"<p><img loading=\"lazy\" decoding=\"async\" class=\"alignright size-medium wp-image-30863287\" src=\"https:\/\/www.upo.es\/diario\/wp-content\/uploads\/2020\/11\/Cartel-Dia-Mundial-Filosofia-2020-360x360.png\" alt=\"d\u00eda mundial de la filosof\u00eda\" width=\"360\" height=\"360\" srcset=\"https:\/\/www.upo.es\/diario\/wp-content\/uploads\/2020\/11\/Cartel-Dia-Mundial-Filosofia-2020-360x360.png 360w, https:\/\/www.upo.es\/diario\/wp-content\/uploads\/2020\/11\/Cartel-Dia-Mundial-Filosofia-2020-750x750.png 750w, https:\/\/www.upo.es\/diario\/wp-content\/uploads\/2020\/11\/Cartel-Dia-Mundial-Filosofia-2020-150x150.png 150w, https:\/\/www.upo.es\/diario\/wp-content\/uploads\/2020\/11\/Cartel-Dia-Mundial-Filosofia-2020-600x599.png 600w, https:\/\/www.upo.es\/diario\/wp-content\/uploads\/2020\/11\/Cartel-Dia-Mundial-Filosofia-2020.png 757w\" sizes=\"auto, (max-width: 360px) 100vw, 360px\" \/>El <a href=\"https:\/\/es.unesco.org\/commemorations\/philosophyday\">D\u00eda Mundial de la Filosof\u00eda<\/a>, promovido por la <strong>UNESCO<\/strong> se celebra desde 2002 cada <strong>tercer jueves del mes de noviembre<\/strong>. En este d\u00eda se conmemora la importancia de la reflexi\u00f3n filos\u00f3fica y se anima a las personas de todo el mundo a compartir sus herencias filos\u00f3ficas. Con este motivo, ma\u00f1ana jueves 19 de noviembre, <strong>estudiantes de la asignatura &#8216;G\u00e9nero y cr\u00edtica de las ideolog\u00edas&#8217; de la Facultad de Humanidades dar\u00e1n a conocer textos de cuarenta fil\u00f3sofas de distintas \u00e9pocas<\/strong>, desde Hipatia de Alejandr\u00eda a Mar\u00eda Zambrano o Hannah Arendt. Han elaborado as\u00ed mismo una <strong>exposici\u00f3n virtual divulgativa con carteles<\/strong>\u00a0sobre la vida y las obras de fil\u00f3sofas.<\/p>\n<p>La asignatura &#8216;G\u00e9nero y Cr\u00edtica de las ideolog\u00edas&#8217; se imparte en el Grado en Humanidades y en el doble Grado en Humanidades y Traducci\u00f3n e Interpretaci\u00f3n por <strong>Marian P\u00e9rez Bernal<\/strong> profesora del Departamento de Geograf\u00eda, Historia y Filosof\u00eda.<\/p>\n<p>Los contenidos elaborados por estudiantes de la Facultad de Humanidades pueden seguirse a trav\u00e9s de las redes sociales de este centro (<a href=\"https:\/\/twitter.com\/f_humanidades\">@f_humanidades<\/a>) y de <a href=\"https:\/\/upotv.upo.es\/series\/5fb23202abe3c676638b456f\">UPOtv<\/a>. Y la exposici\u00f3n virtual de carteles en la web de la Biblioteca:<br \/>\n<a href=\"https:\/\/www.upo.es\/biblioteca\/servicios\/inst_equip\/area_expo\/expovirtuales\/diafilosofia\/diafilosofia\/index.html\">www.upo.es\/biblioteca\/servicios\/inst_equip\/area_expo\/expovirtuales\/diafilosofia\/diafilosofia\/<\/a><\/p>\n<p><iframe loading=\"lazy\" id=\"pumukitiframe\" src=\"https:\/\/upotv.upo.es\/iframe\/5fb3c2feabe3c646438b4567\" width=\"560\" height=\"315\" frameborder=\"0\" allowfullscreen=\"allowfullscreen\"><\/iframe><\/p>\n","protected":false},"excerpt":{"rendered":"<p>El D\u00eda Mundial de la Filosof\u00eda, promovido por la UNESCO se celebra desde 2002 cada tercer jueves del mes de noviembre. En este d\u00eda se conmemora la importancia de la reflexi\u00f3n filos\u00f3fica y se anima a las personas de todo el mundo a compartir sus herencias filos\u00f3ficas. Con este motivo, ma\u00f1ana jueves 19 de noviembre, estudiantes de la asignatura &#8216;G\u00e9nero y cr\u00edtica de las ideolog\u00edas&#8217; de la Facultad de Humanidades dar\u00e1n a conocer textos de fil\u00f3sofas de distintas \u00e9pocas, desde Hipatia de Alejandr\u00eda a Mar\u00eda Zambrano o Hannah Arendt. Han elaborado as\u00ed mismo una exposici\u00f3n virtual divulgativa con carteles\u00a0sobre la vida y las obras de fil\u00f3sofas.<\/p>\n","protected":false},"author":6,"featured_media":30863287,"comment_status":"closed","ping_status":"open","sticky":false,"template":"","format":"standard","meta":{"_monsterinsights_skip_tracking":false,"_monsterinsights_sitenote_active":false,"_monsterinsights_sitenote_note":"","_monsterinsights_sitenote_category":0,"footnotes":""},"categories":[5842],"tags":[970,21,96,3004,2751],"class_list":["post-30863284","post","type-post","status-publish","format-standard","has-post-thumbnail","hentry","category-comunidad","tag-divulgacion","tag-estudiantes","tag-facultad-de-humanidades","tag-filosofia","tag-videos"],"_links":{"self":[{"href":"https:\/\/www.upo.es\/diario\/wp-json\/wp\/v2\/posts\/30863284","targetHints":{"allow":["GET"]}}],"collection":[{"href":"https:\/\/www.upo.es\/diario\/wp-json\/wp\/v2\/posts"}],"about":[{"href":"https:\/\/www.upo.es\/diario\/wp-json\/wp\/v2\/types\/post"}],"author":[{"embeddable":true,"href":"https:\/\/www.upo.es\/diario\/wp-json\/wp\/v2\/users\/6"}],"replies":[{"embeddable":true,"href":"https:\/\/www.upo.es\/diario\/wp-json\/wp\/v2\/comments?post=30863284"}],"version-history":[{"count":5,"href":"https:\/\/www.upo.es\/diario\/wp-json\/wp\/v2\/posts\/30863284\/revisions"}],"predecessor-version":[{"id":30863292,"href":"https:\/\/www.upo.es\/diario\/wp-json\/wp\/v2\/posts\/30863284\/revisions\/30863292"}],"wp:featuredmedia":[{"embeddable":true,"href":"https:\/\/www.upo.es\/diario\/wp-json\/wp\/v2\/media\/30863287"}],"wp:attachment":[{"href":"https:\/\/www.upo.es\/diario\/wp-json\/wp\/v2\/media?parent=30863284"}],"wp:term":[{"taxonomy":"category","embeddable":true,"href":"https:\/\/www.upo.es\/diario\/wp-json\/wp\/v2\/categories?post=30863284"},{"taxonomy":"post_tag","embeddable":true,"href":"https:\/\/www.upo.es\/diario\/wp-json\/wp\/v2\/tags?post=30863284"}],"curies":[{"name":"wp","href":"https:\/\/api.w.org\/{rel}","templated":true}]}}