{"id":30863310,"date":"2020-11-20T10:48:38","date_gmt":"2020-11-20T09:48:38","guid":{"rendered":"https:\/\/www.upo.es\/diario\/?p=30863310"},"modified":"2020-11-27T11:41:46","modified_gmt":"2020-11-27T10:41:46","slug":"la-universidad-pablo-de-olavide-participa-un-ano-mas-en-la-noche-europea-de-ls-investigadores","status":"publish","type":"post","link":"https:\/\/www.upo.es\/diario\/docencia-formacion\/2020\/11\/la-universidad-pablo-de-olavide-participa-un-ano-mas-en-la-noche-europea-de-ls-investigadores\/","title":{"rendered":"La Universidad Pablo de Olavide participa un a\u00f1o m\u00e1s en la Noche Europea de l@s Investigador@es"},"content":{"rendered":"<p><iframe loading=\"lazy\" src=\"https:\/\/www.youtube.com\/embed\/3ahkrLEphCo\" width=\"720\" height=\"405\" frameborder=\"0\" allowfullscreen=\"allowfullscreen\"><span data-mce-type=\"bookmark\" style=\"display: inline-block; width: 0px; overflow: hidden; line-height: 0;\" class=\"mce_SELRES_start\">\ufeff<\/span><\/iframe><\/p>\n<p>La Universidad Pablo de Olavide participa un a\u00f1o m\u00e1s en la <strong>Noche Europea de l@s Investigador@es<\/strong>, un <strong>evento internacional de divulgaci\u00f3n cient\u00edfica<\/strong> que en esta ocasi\u00f3n se celebra el <strong>27 de noviembre de manera <em>online<\/em><\/strong> debido a actual situaci\u00f3n sanitaria provocada por la COVID-19.<\/p>\n<p>La Oficina de Transferencia de Resultados de Investigaci\u00f3n (OTRI) de la UPO, que coordina el programa con el que esta entidad participa en el encuentro, ha preparado para esta ocasi\u00f3n un total de 15 actividades protagonizadas por cerca de 50 investigadores e investigadoras, que estar\u00e1n disponibles a partir de las 17:00 horas del viernes 27 de noviembre a trav\u00e9s del enlace <a href=\"https:\/\/lanochedelosinvestigadores.fundaciondescubre.es\">https:\/\/lanochedelosinvestigadores.fundaciondescubre.es<\/a><\/p>\n<p>Todas las actividades organizadas por la UPO son de libre acceso con excepci\u00f3n de la visita guiada virtual <strong><a href=\"https:\/\/lanochedelosinvestigadores.fundaciondescubre.es\/actividades\/paseando-por-las-plazas-de-sevilla-de-la-encarnacion-a-la-plaza-nueva\/\">\u2018Paseando por las plazas de Sevilla. De la Encarnaci\u00f3n a la Plaza Nueva\u2019<\/a><\/strong> a cargo de Jos\u00e9 Mar\u00eda Miura Andrades, profesor del \u00c1rea de Historia Medieval. Para ello es necesario reservar plaza y la organizaci\u00f3n enviar\u00e1 a los interesados un enlace de conexi\u00f3n.<\/p>\n<p>Por otro lado, el p\u00fablico podr\u00e1 disfrutar de los microencuentros virtuales <strong><a href=\"https:\/\/lanochedelosinvestigadores.fundaciondescubre.es\/actividades\/crispr-cas-o-esa-revolucion-en-la-biologia-del-siglo-xxi\/\">\u2018CRISPR-Cas o esa revoluci\u00f3n en la biolog\u00eda del siglo XXI\u2019<\/a><\/strong>, de Miguel \u00c1ngel Moreno Mateos, del \u00c1rea de Gen\u00e9tica de la Olavide\/Centro Andaluz de Biolog\u00eda del Desarrollo (CABD); <a href=\"https:\/\/lanochedelosinvestigadores.fundaciondescubre.es\/actividades\/biodiversidad-de-los-organismos-del-suelo-viscoso-pero-sabroso\/\">\u2018<strong>Biodiversidad de los organismos del suelo: viscoso pero sabroso\u2019<\/strong><\/a>, de Manuel Delgado Baquerizo, del \u00c1rea de Ecolog\u00eda; <strong><a href=\"https:\/\/lanochedelosinvestigadores.fundaciondescubre.es\/actividades\/peces-moluscos-y-crustaceos-animales-corrientes-de-nombres-particulares\/\">\u2018Peces, moluscos y crust\u00e1ceos: animales corrientes de nombres particulares\u2019<\/a><\/strong>, de Mercedes de la Torre Garc\u00eda, del \u00c1rea de Lengua Espa\u00f1ola; y<strong> <a href=\"https:\/\/lanochedelosinvestigadores.fundaciondescubre.es\/actividades\/son-los-deportistas-diferentes-a-los-demas-deporte-y-pandemia-2\/\">\u2018\u00bfSon los deportistas diferentes a los dem\u00e1s?: Deporte y pandemia\u2019<\/a><\/strong>, de Jos\u00e9 Carlos Jaenes S\u00e1nchez, del \u00c1rea de Educaci\u00f3n f\u00edsica y deportiva.<\/p>\n<p>Tambi\u00e9n, desde la UPO participan en la Noche los investigadores Marie Curie del \u00c1rea de Historia Moderna Brice Cosart, con el microencuentro<strong> <a href=\"https:\/\/lanochedelosinvestigadores.fundaciondescubre.es\/actividades\/manejar-los-canones-de-un-imperio-sevilla-y-los-artilleros-de-la-carrera-de-indias-1560-1610\/\">\u2018Manejar los ca\u00f1ones de un imperio: Sevilla y los artilleros de la Carrera de Indias (1560-1610)\u2019<\/a>,<\/strong> y Jos\u00e9 Miguel Escribano P\u00e1ez, con su microencuentro <strong><a href=\"https:\/\/lanochedelosinvestigadores.fundaciondescubre.es\/actividades\/borrador-automatico\/\">\u2018Violencia y paz multicultural. Origen y resoluci\u00f3n de conflictos entre culturas\u2019<\/a><\/strong>.<\/p>\n<p>Asimismo, se han organizado los talleres virtuales<strong> <a href=\"https:\/\/lanochedelosinvestigadores.fundaciondescubre.es\/actividades\/como-acabar-con-los-hongos-que-infectan-a-nuestros-cultivos\/\">\u2018C\u00f3mo acabar con los hongos que infectan a nuestros cultivos\u2019<\/a><\/strong>, coordinado por Jos\u00e9 Ignacio Ibeas Corcelles, del \u00c1rea de Gen\u00e9tica de la UPO\/ Centro Andaluz de Biolog\u00eda del Desarrollo (CABD); y <strong><a href=\"https:\/\/lanochedelosinvestigadores.fundaciondescubre.es\/actividades\/en-un-lugar-del-planeta-subtitulo-presentacion-de-material-didactico\/\">\u2018En un lugar del planeta. Presentaci\u00f3n de material did\u00e1ctico\u2019<\/a><\/strong>, que coordina Ver\u00f3nica Pacheco Costa, del \u00c1rea de Filolog\u00eda Inglesa.<\/p>\n<p>El p\u00fablico tambi\u00e9n podr\u00e1 participar en un escaperoom interlingu\u0308i\u0301stico en el que podr\u00e1n ponerse en la piel de un traductor e inte\u0301rprete y vivir alguna de las experiencias propias del di\u0301a a di\u0301a de estos profesionales de una manera original y divertida. <strong><a href=\"https:\/\/lanochedelosinvestigadores.fundaciondescubre.es\/actividades\/traduce-como-puedas\/\">\u2018Traduce como puedas\u2019<\/a><\/strong> est\u00e1 dirigido por Miguel Cisneros Perales y Mar\u00eda del Carmen Velasco Montiel, del \u00c1rea de Traducci\u00f3n e Interpretaci\u00f3n.<\/p>\n<p>Adem\u00e1s, los ni\u00f1os tambi\u00e9n podr\u00e1n participar en este evento con los talleres virtuales <strong><a href=\"https:\/\/lanochedelosinvestigadores.fundaciondescubre.es\/actividades\/taller-el-ejercicio-es-medicina\/\">\u2018El Ejercicio es Medicina\u2019,<\/a><\/strong> de la mano de Diego Mungu\u00eda Izquierdo y Javier Bueno Antequera, pertenecientes al Centro de Investigaci\u00f3n en Rendimiento F\u00edsico y Deportivo; y \u2018<strong><a href=\"https:\/\/lanochedelosinvestigadores.fundaciondescubre.es\/actividades\/una-mano-paleografica-descubriendo-la-practica-escrita-de-los-siglos-xvi-y-xvii\/\">Una mano paleogr\u00e1fica. Descubriendo la pr\u00e1ctica escrita de los siglos XVI y XVII\u2019<\/a><\/strong>, del que es responsable Roc\u00edo Moreno Cabanillas, del \u00c1rea de Ciencias y T\u00e9cnicas Historiogr\u00e1ficas.<\/p>\n<p>De otro lado, tambi\u00e9n estar\u00e1 disponible la conferencia audiovisual \u2018<strong><a href=\"https:\/\/lanochedelosinvestigadores.fundaciondescubre.es\/actividades\/un-oceano-de-negocios-de-la-navegacion-costera-a-la-navegacion-oceanica-s-xv-xvi-colon-magallanes-el-cano-y-la-ruta-de-las-especias-la-primera-globalizacion\/\">Un oc\u00e9ano de negocios. De la navegaci\u00f3n costera a la navegaci\u00f3n oce\u00e1nica. S.XV-XVI. Col\u00f3n, Magallanes, El Cano y la ruta de las especias. La primera globalizaci\u00f3n\u2019<\/a><\/strong>, bajo la coordinaci\u00f3n de Juan Marchena Fern\u00e1ndez, del \u00c1rea de Historia de Am\u00e9rica.<\/p>\n<p>Y, por \u00faltimo, Furor Bacchicus Teatro, de la Facultad de Humanidades, nos divertir\u00e1 con la representaci\u00f3n grabada de la obra <a href=\"https:\/\/lanochedelosinvestigadores.fundaciondescubre.es\/actividades\/todas-contra-euripides-2\/\">\u2018<strong>\u00a1Todas contra Eur\u00edpides!\u2019<\/strong><\/a>, dirigida por Rosario Moreno Soldevila y Mercedes de la Torre Garc\u00eda, de las \u00c1reas de Filolog\u00eda Latina y de Lengua Espa\u00f1ola.<\/p>\n<p><strong>Promotores de la actividad<\/strong><\/p>\n<p>La Noche Europea de l@s Investigador@es es un proyecto de divulgaci\u00f3n cient\u00edfica promovido por la Comisi\u00f3n Europea dentro de las acciones Marie Sk\u0142odowska-Curie del programa Horizonte 2020, coordinado en Andaluc\u00eda por la Fundaci\u00f3n Descubre con financiaci\u00f3n de la Consejer\u00eda de Transformaci\u00f3n Econ\u00f3mica, Industria, Conocimiento y Universidades.<\/p>\n<p>Conforman el consorcio las Universidades de Almer\u00eda, C\u00e1diz, C\u00f3rdoba, Granada, Huelva, Ja\u00e9n, M\u00e1laga, Pablo de Olavide y Sevilla, ocho centros del Consejo Superior de Investigaciones Cient\u00edficas (CSIC), el IMGEMA-Real Jard\u00edn Bot\u00e1nico de C\u00f3rdoba y la Fundaci\u00f3n P\u00fablica Progreso y Salud a trav\u00e9s de Genyo y el Biobanco del Sistema Sanitario.<\/p>\n<p>Paralelamente, Radio Televisi\u00f3n de Andaluc\u00eda y el Instituto Andaluz de Investigaci\u00f3n y Formaci\u00f3n Agraria, Pesquera, Alimentaria y de la Producci\u00f3n Ecol\u00f3gica (IFAPA) son socios estrat\u00e9gicos del proyecto y colaboran estrechamente en su desarrollo.<\/p>\n<p>El evento estar\u00e1 dedicado este a\u00f1o en Andaluc\u00eda a los Objetivos de Desarrollo Sostenible (ODS) que marca la ONU. Las actividades promovidas en las ocho provincias andaluzas tendr\u00e1n los ODS como hilo conductor, al tiempo que el proyecto andaluz volver\u00e1 a colaborar con Noches de Suecia, Malta, Reino Unido e Irlanda con actividades conjuntas centradas en los retos de la Agenda 2030.<\/p>\n<p>&nbsp;<\/p>\n<p><strong>\u2192Sigue la ERN en:<\/strong> <a href=\"https:\/\/lanochedelosinvestigadores.fundaciondescubre.es\/\">https:\/\/lanochedelosinvestigadores.fundaciondescubre.es\/<\/a><\/p>\n<p>&nbsp;<\/p>\n<p>M\u00e1s informaci\u00f3n<strong>: <a href=\"http:\/\/lanochedelosinvestigadores.fundaciondecubre.es\">lanochedelosinvestigadores.fundaciondecubre.es<\/a><\/strong><\/p>\n<p><em>Facebook<\/em>: <a href=\"http:\/\/www.facebook.com\/FundacionDescubre\">www.facebook.com\/FundacionDescubre<\/a><\/p>\n<p><em>Twitter<\/em>: <a href=\"http:\/\/www.twitter.com\/FDescubre\">www.twitter.com\/FDescubre<\/a> y el hashtag <a href=\"https:\/\/twitter.com\/search?q=%23NIGHTspain\">#NIGHTspain<\/a><\/p>\n<p><em>Youtube<\/em>: <a href=\"http:\/\/www.youtube.com\/user\/fundaciondescubre\">www.youtube.com\/user\/fundaciondescubre<\/a><\/p>\n<p><em>Instagram:<\/em> <a href=\"http:\/\/www.instagram.com\/fundaciondescubre\">www.instagram.com\/fundaciondescubre<\/a><\/p>\n<p><em>Flickr:<\/em> <a href=\"http:\/\/www.flickr.com\/photos\/fundaciondescubre\">www.flickr.com\/photos\/fundaciondescubre<\/a><\/p>\n","protected":false},"excerpt":{"rendered":"<p>La Universidad Pablo de Olavide participa un a\u00f1o m\u00e1s en la Noche Europea de l@s Investigador@es, un evento internacional de divulgaci\u00f3n cient\u00edfica que en esta ocasi\u00f3n se celebra el 27 de noviembre de manera online debido a actual situaci\u00f3n sanitaria provocada por la COVID-19.<\/p>\n","protected":false},"author":2,"featured_media":30863388,"comment_status":"closed","ping_status":"open","sticky":false,"template":"","format":"standard","meta":{"_monsterinsights_skip_tracking":false,"_monsterinsights_sitenote_active":false,"_monsterinsights_sitenote_note":"","_monsterinsights_sitenote_category":0,"footnotes":""},"categories":[2779],"tags":[190,2645,1411,5528,68],"class_list":["post-30863310","post","type-post","status-publish","format-standard","has-post-thumbnail","hentry","category-docencia-formacion","tag-andalucia","tag-divulgacion-cientifica","tag-fundacion-descubre","tag-la-noche-europea-de-ls-investigadors","tag-union-europea"],"_links":{"self":[{"href":"https:\/\/www.upo.es\/diario\/wp-json\/wp\/v2\/posts\/30863310","targetHints":{"allow":["GET"]}}],"collection":[{"href":"https:\/\/www.upo.es\/diario\/wp-json\/wp\/v2\/posts"}],"about":[{"href":"https:\/\/www.upo.es\/diario\/wp-json\/wp\/v2\/types\/post"}],"author":[{"embeddable":true,"href":"https:\/\/www.upo.es\/diario\/wp-json\/wp\/v2\/users\/2"}],"replies":[{"embeddable":true,"href":"https:\/\/www.upo.es\/diario\/wp-json\/wp\/v2\/comments?post=30863310"}],"version-history":[{"count":4,"href":"https:\/\/www.upo.es\/diario\/wp-json\/wp\/v2\/posts\/30863310\/revisions"}],"predecessor-version":[{"id":30863387,"href":"https:\/\/www.upo.es\/diario\/wp-json\/wp\/v2\/posts\/30863310\/revisions\/30863387"}],"wp:featuredmedia":[{"embeddable":true,"href":"https:\/\/www.upo.es\/diario\/wp-json\/wp\/v2\/media\/30863388"}],"wp:attachment":[{"href":"https:\/\/www.upo.es\/diario\/wp-json\/wp\/v2\/media?parent=30863310"}],"wp:term":[{"taxonomy":"category","embeddable":true,"href":"https:\/\/www.upo.es\/diario\/wp-json\/wp\/v2\/categories?post=30863310"},{"taxonomy":"post_tag","embeddable":true,"href":"https:\/\/www.upo.es\/diario\/wp-json\/wp\/v2\/tags?post=30863310"}],"curies":[{"name":"wp","href":"https:\/\/api.w.org\/{rel}","templated":true}]}}