{"id":30863401,"date":"2020-11-27T12:09:28","date_gmt":"2020-11-27T11:09:28","guid":{"rendered":"https:\/\/www.upo.es\/diario\/?p=30863401"},"modified":"2020-11-27T12:10:51","modified_gmt":"2020-11-27T11:10:51","slug":"la-vicerrectora-de-relaciones-institucionales-de-la-upo-se-reune-con-la-direccion-del-festival-de-sevilla","status":"publish","type":"post","link":"https:\/\/www.upo.es\/diario\/institucional\/2020\/11\/la-vicerrectora-de-relaciones-institucionales-de-la-upo-se-reune-con-la-direccion-del-festival-de-sevilla\/","title":{"rendered":"La vicerrectora de Relaciones Institucionales de la UPO se re\u00fane con la direcci\u00f3n del Festival de Sevilla"},"content":{"rendered":"<figure id=\"attachment_30863413\" aria-describedby=\"caption-attachment-30863413\" style=\"width: 750px\" class=\"wp-caption aligncenter\"><a href=\"https:\/\/www.upo.es\/diario\/wp-content\/uploads\/2020\/11\/reunion-SEFF-UPO-scaled.jpg\"><img loading=\"lazy\" decoding=\"async\" class=\"size-large wp-image-30863413\" src=\"https:\/\/www.upo.es\/diario\/wp-content\/uploads\/2020\/11\/reunion-SEFF-UPO-750x563.jpg\" alt=\"Jos\u00e9 Luis Cienfuegos, Roc\u00edo Reinoso, Pilar Rodr\u00edguez y Mariona Viaber\" width=\"750\" height=\"563\" srcset=\"https:\/\/www.upo.es\/diario\/wp-content\/uploads\/2020\/11\/reunion-SEFF-UPO-750x563.jpg 750w, https:\/\/www.upo.es\/diario\/wp-content\/uploads\/2020\/11\/reunion-SEFF-UPO-360x270.jpg 360w, https:\/\/www.upo.es\/diario\/wp-content\/uploads\/2020\/11\/reunion-SEFF-UPO-768x576.jpg 768w, https:\/\/www.upo.es\/diario\/wp-content\/uploads\/2020\/11\/reunion-SEFF-UPO-600x450.jpg 600w, https:\/\/www.upo.es\/diario\/wp-content\/uploads\/2020\/11\/reunion-SEFF-UPO-1536x1152.jpg 1536w, https:\/\/www.upo.es\/diario\/wp-content\/uploads\/2020\/11\/reunion-SEFF-UPO-2048x1536.jpg 2048w, https:\/\/www.upo.es\/diario\/wp-content\/uploads\/2020\/11\/reunion-SEFF-UPO-1320x990.jpg 1320w\" sizes=\"auto, (max-width: 750px) 100vw, 750px\" \/><\/a><figcaption id=\"caption-attachment-30863413\" class=\"wp-caption-text\">Jos\u00e9 Luis Cienfuegos, Roc\u00edo Reinoso, Pilar Rodr\u00edguez y Mariona Viaber<\/figcaption><\/figure>\n<p><strong>Pilar Rodr\u00edguez Reina<\/strong> y <strong>Roc\u00edo Reinoso<\/strong>, vicerrectora de Relaciones Institucionales en funciones y presidenta del Consejo Social de la Universidad Pablo de Olavide respectivamente, han mantenido recientemente una reuni\u00f3n con <strong>Jos\u00e9 Luis Cienfuegos<\/strong>, director del Festival de Cine Europeo de Sevilla y la coordinadora del certamen, <strong>Mariona Viaber<\/strong>. El encuentro ha servido para valorar la participaci\u00f3n de la UPO en el Festival y su desarrollo en general. Tanto la vicerrectora como el director del SEFF lo han valorado positivamente a pesar de las restricciones sanitarias, que fueron modificadas una vez iniciada la edici\u00f3n de este a\u00f1o.<\/p>\n<p><strong>La Universidad Pablo de Olavide seguir\u00e1 colaborando con el Festival de Sevilla.<\/strong> En la edici\u00f3n recientemente finalizada han participado ocho estudiantes de la Facultad de Humanidades y se han otorgado los <a href=\"https:\/\/www.upo.es\/diario\/cultura\/2020\/11\/of-hearts-and-castles-silencio-sismico-premios-rosario-valpuesta-festival-sevilla-2020\/\">Premios Rosario Valpuesta al Mejor Cortometraje y a la Categor\u00eda Art\u00edstica de la secci\u00f3n Panorama Andaluz<\/a>.<\/p>\n","protected":false},"excerpt":{"rendered":"<p>Pilar Rodr\u00edguez Reina y Roc\u00edo Reinoso, vicerrectora de Relaciones Institucionales y presidenta del Consejo Social de la Universidad Pablo de Olavide respectivamente, han mantenido recientemente una reuni\u00f3n con Jos\u00e9 Luis Cienfuegos, director del Festival de Cine Europeo de Sevilla y la coordinadora del certamen, Mariona Viaber. El encuentro ha servido para valorar la participaci\u00f3n de la UPO en el Festival y su desarrollo en general. Tanto la vicerrectora como el director del SEFF lo han valorado positivamente a pesar de las restricciones sanitarias, que fueron modificadas una vez iniciada la edici\u00f3n de este a\u00f1o.<\/p>\n","protected":false},"author":6,"featured_media":30863413,"comment_status":"closed","ping_status":"open","sticky":false,"template":"","format":"standard","meta":{"_monsterinsights_skip_tracking":false,"_monsterinsights_sitenote_active":false,"_monsterinsights_sitenote_note":"","_monsterinsights_sitenote_category":0,"footnotes":""},"categories":[6],"tags":[1951,1794,6518,1952,5512],"class_list":["post-30863401","post","type-post","status-publish","format-standard","has-post-thumbnail","hentry","category-institucional","tag-festival-de-cine-europeo-de-sevilla","tag-pilar-rodriguez-reina","tag-rocio-reinoso","tag-seff","tag-vicerrectorado-de-relaciones-institucionales"],"_links":{"self":[{"href":"https:\/\/www.upo.es\/diario\/wp-json\/wp\/v2\/posts\/30863401","targetHints":{"allow":["GET"]}}],"collection":[{"href":"https:\/\/www.upo.es\/diario\/wp-json\/wp\/v2\/posts"}],"about":[{"href":"https:\/\/www.upo.es\/diario\/wp-json\/wp\/v2\/types\/post"}],"author":[{"embeddable":true,"href":"https:\/\/www.upo.es\/diario\/wp-json\/wp\/v2\/users\/6"}],"replies":[{"embeddable":true,"href":"https:\/\/www.upo.es\/diario\/wp-json\/wp\/v2\/comments?post=30863401"}],"version-history":[{"count":7,"href":"https:\/\/www.upo.es\/diario\/wp-json\/wp\/v2\/posts\/30863401\/revisions"}],"predecessor-version":[{"id":30863419,"href":"https:\/\/www.upo.es\/diario\/wp-json\/wp\/v2\/posts\/30863401\/revisions\/30863419"}],"wp:featuredmedia":[{"embeddable":true,"href":"https:\/\/www.upo.es\/diario\/wp-json\/wp\/v2\/media\/30863413"}],"wp:attachment":[{"href":"https:\/\/www.upo.es\/diario\/wp-json\/wp\/v2\/media?parent=30863401"}],"wp:term":[{"taxonomy":"category","embeddable":true,"href":"https:\/\/www.upo.es\/diario\/wp-json\/wp\/v2\/categories?post=30863401"},{"taxonomy":"post_tag","embeddable":true,"href":"https:\/\/www.upo.es\/diario\/wp-json\/wp\/v2\/tags?post=30863401"}],"curies":[{"name":"wp","href":"https:\/\/api.w.org\/{rel}","templated":true}]}}