{"id":30863421,"date":"2020-11-30T06:19:36","date_gmt":"2020-11-30T05:19:36","guid":{"rendered":"https:\/\/www.upo.es\/diario\/?p=30863421"},"modified":"2020-11-30T10:12:27","modified_gmt":"2020-11-30T09:12:27","slug":"congreso-internacional-discurso-del-odio","status":"publish","type":"post","link":"https:\/\/www.upo.es\/diario\/docencia-formacion\/2020\/11\/congreso-internacional-discurso-del-odio\/","title":{"rendered":"Un congreso internacional analiza desde hoy el tratamiento normativo del discurso del odio"},"content":{"rendered":"<p><a href=\"https:\/\/www.upo.es\/diario\/wp-content\/uploads\/2020\/11\/Congreso-Internacional-Discurso-de-Odio-dupo.png\"><img loading=\"lazy\" decoding=\"async\" class=\"aligncenter size-large wp-image-30863364\" src=\"https:\/\/www.upo.es\/diario\/wp-content\/uploads\/2020\/11\/Congreso-Internacional-Discurso-de-Odio-dupo-750x296.png\" alt=\"\" width=\"750\" height=\"296\" srcset=\"https:\/\/www.upo.es\/diario\/wp-content\/uploads\/2020\/11\/Congreso-Internacional-Discurso-de-Odio-dupo-750x296.png 750w, https:\/\/www.upo.es\/diario\/wp-content\/uploads\/2020\/11\/Congreso-Internacional-Discurso-de-Odio-dupo-360x142.png 360w, https:\/\/www.upo.es\/diario\/wp-content\/uploads\/2020\/11\/Congreso-Internacional-Discurso-de-Odio-dupo-768x303.png 768w, https:\/\/www.upo.es\/diario\/wp-content\/uploads\/2020\/11\/Congreso-Internacional-Discurso-de-Odio-dupo-600x237.png 600w, https:\/\/www.upo.es\/diario\/wp-content\/uploads\/2020\/11\/Congreso-Internacional-Discurso-de-Odio-dupo.png 780w\" sizes=\"auto, (max-width: 750px) 100vw, 750px\" \/><\/a>Las normativas existentes ante el discurso del odio desde el punto de vista internacional, la postura de entidades como la Comisi\u00f3n Europea y la Organizaci\u00f3n para la Seguridad y la Cooperaci\u00f3n en Europa (OSCE), de las confesiones religiosas, adem\u00e1s de la problem\u00e1tica actual de fen\u00f3menos como la islamofobia, el antisemitismo y el anticristianismo, ser\u00e1n abordados en el <a href=\"https:\/\/eventos.upo.es\/58719\/detail\/congreso-internacional-sobre-el-tratamiento-normativo-del-discurso-del-odio.html\">Congreso Internacional sobre Tratamiento Normativo del Discurso del Odio<\/a>, organizado por la Universidad Pablo de Olavide los pr\u00f3ximos d\u00edas 30 de noviembre y 1 de diciembre. <strong>La asistencia a las jornadas es gratuita y la inscripci\u00f3n contin\u00faa abierta hasta ma\u00f1ana s\u00e1bado<\/strong> completando el siguiente formulario: <a href=\"https:\/\/forms.gle\/HP6e9jQnRKuLSS6h7\">https:\/\/forms.gle\/HP6e9jQnRKuLSS6h7<\/a> .<\/p>\n<p><strong>Mercedes Murillo Mu\u00f1oz<\/strong>, subdirectora general de Libertad Religiosa del Ministerio de Presidencia, Relaciones con las Cortes y Memoria Democr\u00e1tica, y secretaria de la Fundaci\u00f3n Pluralismo y Convivencia, inaugurar\u00e1 el congreso hoy lunes a las 10 horas. Este se celebrar\u00e1 <em>online<\/em> por las restricciones sanitarias frente a la Covid-19.<\/p>\n<p>El congreso ha sido organizado en torno a cinco mesas. Hoy lunes d\u00eda 30 tendr\u00e1n lugar las tres primeras que abordar\u00e1n temas como el tratamiento del discurso del odio en el contexto internacional, la postura de las confesiones religiosas y el camino hacia una normativa integral contra la discriminaci\u00f3n religiosa y el discurso del odio. El martes 1 de diciembre se analizar\u00e1 el problema desde el punto de vista del Derecho penal y procesal as\u00ed como desde la perspectiva internacional. <strong>In\u00e9s Mazarrasa<\/strong>, directora de la Fundaci\u00f3n Pluralismo y Convivencia del Ministerio de la Presidencia, clausurar\u00e1 este encuentro que ha sido dirigido por <strong>Jos\u00e9 Mar\u00eda Contreras Mazar\u00edo<\/strong> y <strong>Ra\u00fal S\u00e1nchez G\u00f3mez<\/strong>, profesores de Derecho Eclesi\u00e1stico y de Derecho Procesal de la Universidad Pablo de Olavide.<\/p>\n<p>M\u00e1s informaci\u00f3n: <a href=\"https:\/\/eventos.upo.es\/_files\/_event\/_58719\/_editorFiles\/file\/Congreso-Internacional-Discurso-de-Odio.pdf\">Programa del Congreso (pdf)<\/a><\/p>\n","protected":false},"excerpt":{"rendered":"<p>Las normativas existentes ante el discurso del odio desde el punto de vista internacional, la postura de entidades como la Comisi\u00f3n Europea y la Organizaci\u00f3n para la Seguridad y la Cooperaci\u00f3n en Europa (OSCE), de las confesiones religiosas, adem\u00e1s de la problem\u00e1tica actual de fen\u00f3menos como la islamofobia, el antisemitismo y el anticristianismo, ser\u00e1n abordados en el Congreso Internacional sobre Tratamiento Normativo del Discurso del Odio, organizado por la Universidad Pablo de Olavide los pr\u00f3ximos d\u00edas 30 de noviembre y 1 de diciembre. La asistencia a las jornadas es gratuita y la inscripci\u00f3n contin\u00faa abierta hasta ma\u00f1ana s\u00e1bado completando el siguiente formulario: https:\/\/forms.gle\/HP6e9jQnRKuLSS6h7 . <\/p>\n","protected":false},"author":6,"featured_media":30863364,"comment_status":"closed","ping_status":"open","sticky":false,"template":"","format":"standard","meta":{"_monsterinsights_skip_tracking":false,"_monsterinsights_sitenote_active":false,"_monsterinsights_sitenote_note":"","_monsterinsights_sitenote_category":0,"footnotes":""},"categories":[2779],"tags":[5730,5291,842,925,6374],"class_list":["post-30863421","post","type-post","status-publish","format-standard","has-post-thumbnail","hentry","category-docencia-formacion","tag-delitos","tag-derecho-eclesiastico","tag-derecho-penal","tag-internacionalizacion","tag-pluralismo-religioso"],"_links":{"self":[{"href":"https:\/\/www.upo.es\/diario\/wp-json\/wp\/v2\/posts\/30863421","targetHints":{"allow":["GET"]}}],"collection":[{"href":"https:\/\/www.upo.es\/diario\/wp-json\/wp\/v2\/posts"}],"about":[{"href":"https:\/\/www.upo.es\/diario\/wp-json\/wp\/v2\/types\/post"}],"author":[{"embeddable":true,"href":"https:\/\/www.upo.es\/diario\/wp-json\/wp\/v2\/users\/6"}],"replies":[{"embeddable":true,"href":"https:\/\/www.upo.es\/diario\/wp-json\/wp\/v2\/comments?post=30863421"}],"version-history":[{"count":3,"href":"https:\/\/www.upo.es\/diario\/wp-json\/wp\/v2\/posts\/30863421\/revisions"}],"predecessor-version":[{"id":30863438,"href":"https:\/\/www.upo.es\/diario\/wp-json\/wp\/v2\/posts\/30863421\/revisions\/30863438"}],"wp:featuredmedia":[{"embeddable":true,"href":"https:\/\/www.upo.es\/diario\/wp-json\/wp\/v2\/media\/30863364"}],"wp:attachment":[{"href":"https:\/\/www.upo.es\/diario\/wp-json\/wp\/v2\/media?parent=30863421"}],"wp:term":[{"taxonomy":"category","embeddable":true,"href":"https:\/\/www.upo.es\/diario\/wp-json\/wp\/v2\/categories?post=30863421"},{"taxonomy":"post_tag","embeddable":true,"href":"https:\/\/www.upo.es\/diario\/wp-json\/wp\/v2\/tags?post=30863421"}],"curies":[{"name":"wp","href":"https:\/\/api.w.org\/{rel}","templated":true}]}}