{"id":30863424,"date":"2020-11-27T15:33:45","date_gmt":"2020-11-27T14:33:45","guid":{"rendered":"https:\/\/www.upo.es\/diario\/?p=30863424"},"modified":"2020-11-27T15:33:45","modified_gmt":"2020-11-27T14:33:45","slug":"la-noche-europea-de-ls-investigadors-inauguracion","status":"publish","type":"post","link":"https:\/\/www.upo.es\/diario\/video\/2020\/11\/la-noche-europea-de-ls-investigadors-inauguracion\/","title":{"rendered":"La Noche Europea de l@s Investigador@s &#8211; Inauguraci\u00f3n"},"content":{"rendered":"<p><iframe loading=\"lazy\" src=\"https:\/\/www.youtube.com\/embed\/W6mSHEVHxSY\" width=\"720\" height=\"405\" frameborder=\"0\" allowfullscreen=\"allowfullscreen\"><span data-mce-type=\"bookmark\" style=\"display: inline-block; width: 0px; overflow: hidden; line-height: 0;\" class=\"mce_SELRES_start\">\ufeff<\/span><\/iframe><\/p>\n<p>M\u00e1s de 200 representantes del <strong>CSIC, la UPO, la US y el JRC<\/strong> hablar\u00e1n del reciclaje en las c\u00e9lulas, las energ\u00edas renovables o la fabricaci\u00f3n de ca\u00f1ones en Sevilla, entre otras muchas propuestas. Las actividades se podr\u00e1n seguir <strong>desde las 17.00 horas<\/strong> a trav\u00e9s de la web del evento:<br \/>\n<a href=\"https:\/\/lanochedelosinvestigadores.fundaciondescubre.es\/\"><strong>https:\/\/lanochedelosinvestigadores.fundaciondescubre.es\/<\/strong><\/a><\/p>\n","protected":false},"excerpt":{"rendered":"<p>M\u00e1s de 200 representantes del CSIC, la UPO, la US y el JRC hablar\u00e1n del reciclaje en las c\u00e9lulas, las energ\u00edas renovables o la fabricaci\u00f3n de ca\u00f1ones en Sevilla, entre otras muchas propuestas. Las actividades se podr\u00e1n seguir desde las 17.00 horas.<\/p>\n","protected":false},"author":6,"featured_media":30863388,"comment_status":"closed","ping_status":"open","sticky":false,"template":"","format":"video","meta":{"_monsterinsights_skip_tracking":false,"_monsterinsights_sitenote_active":false,"_monsterinsights_sitenote_note":"","_monsterinsights_sitenote_category":0,"footnotes":""},"categories":[6038],"tags":[2645,1844],"class_list":["post-30863424","post","type-post","status-publish","format-video","has-post-thumbnail","hentry","category-video","tag-divulgacion-cientifica","tag-la-noche-de-ls-investigadors","post_format-post-format-video"],"_links":{"self":[{"href":"https:\/\/www.upo.es\/diario\/wp-json\/wp\/v2\/posts\/30863424","targetHints":{"allow":["GET"]}}],"collection":[{"href":"https:\/\/www.upo.es\/diario\/wp-json\/wp\/v2\/posts"}],"about":[{"href":"https:\/\/www.upo.es\/diario\/wp-json\/wp\/v2\/types\/post"}],"author":[{"embeddable":true,"href":"https:\/\/www.upo.es\/diario\/wp-json\/wp\/v2\/users\/6"}],"replies":[{"embeddable":true,"href":"https:\/\/www.upo.es\/diario\/wp-json\/wp\/v2\/comments?post=30863424"}],"version-history":[{"count":2,"href":"https:\/\/www.upo.es\/diario\/wp-json\/wp\/v2\/posts\/30863424\/revisions"}],"predecessor-version":[{"id":30863426,"href":"https:\/\/www.upo.es\/diario\/wp-json\/wp\/v2\/posts\/30863424\/revisions\/30863426"}],"wp:featuredmedia":[{"embeddable":true,"href":"https:\/\/www.upo.es\/diario\/wp-json\/wp\/v2\/media\/30863388"}],"wp:attachment":[{"href":"https:\/\/www.upo.es\/diario\/wp-json\/wp\/v2\/media?parent=30863424"}],"wp:term":[{"taxonomy":"category","embeddable":true,"href":"https:\/\/www.upo.es\/diario\/wp-json\/wp\/v2\/categories?post=30863424"},{"taxonomy":"post_tag","embeddable":true,"href":"https:\/\/www.upo.es\/diario\/wp-json\/wp\/v2\/tags?post=30863424"}],"curies":[{"name":"wp","href":"https:\/\/api.w.org\/{rel}","templated":true}]}}