{"id":30863454,"date":"2020-11-30T13:18:27","date_gmt":"2020-11-30T12:18:27","guid":{"rendered":"https:\/\/www.upo.es\/diario\/?p=30863454"},"modified":"2020-11-30T13:18:27","modified_gmt":"2020-11-30T12:18:27","slug":"manana-se-celebran-las-i-jornadas-internacionales-paisaje-linguistico","status":"publish","type":"post","link":"https:\/\/www.upo.es\/diario\/docencia-formacion\/2020\/11\/manana-se-celebran-las-i-jornadas-internacionales-paisaje-linguistico\/","title":{"rendered":"Ma\u00f1ana se celebran las I Jornadas Internacionales &#8216;Paisaje Ling\u00fc\u00edstico&#8217;"},"content":{"rendered":"<p><a href=\"https:\/\/www.upo.es\/diario\/wp-content\/uploads\/2020\/11\/Paisaje_Ling\u00fc\u00edstico_CARTEL_AF.jpg\"><img loading=\"lazy\" decoding=\"async\" class=\"alignright size-medium wp-image-30863436\" src=\"https:\/\/www.upo.es\/diario\/wp-content\/uploads\/2020\/11\/Paisaje_Ling\u00fc\u00edstico_CARTEL_AF-360x360.jpg\" alt=\"\" width=\"360\" height=\"360\" srcset=\"https:\/\/www.upo.es\/diario\/wp-content\/uploads\/2020\/11\/Paisaje_Ling\u00fc\u00edstico_CARTEL_AF-360x360.jpg 360w, https:\/\/www.upo.es\/diario\/wp-content\/uploads\/2020\/11\/Paisaje_Ling\u00fc\u00edstico_CARTEL_AF-750x750.jpg 750w, https:\/\/www.upo.es\/diario\/wp-content\/uploads\/2020\/11\/Paisaje_Ling\u00fc\u00edstico_CARTEL_AF-150x150.jpg 150w, https:\/\/www.upo.es\/diario\/wp-content\/uploads\/2020\/11\/Paisaje_Ling\u00fc\u00edstico_CARTEL_AF-768x768.jpg 768w, https:\/\/www.upo.es\/diario\/wp-content\/uploads\/2020\/11\/Paisaje_Ling\u00fc\u00edstico_CARTEL_AF-600x600.jpg 600w, https:\/\/www.upo.es\/diario\/wp-content\/uploads\/2020\/11\/Paisaje_Ling\u00fc\u00edstico_CARTEL_AF-1536x1536.jpg 1536w, https:\/\/www.upo.es\/diario\/wp-content\/uploads\/2020\/11\/Paisaje_Ling\u00fc\u00edstico_CARTEL_AF-1320x1320.jpg 1320w, https:\/\/www.upo.es\/diario\/wp-content\/uploads\/2020\/11\/Paisaje_Ling\u00fc\u00edstico_CARTEL_AF.jpg 1920w\" sizes=\"auto, (max-width: 360px) 100vw, 360px\" \/><\/a>Ma\u00f1ana martes, 1 de diciembre, a las 10:00 horas, se inauguran las <a href=\"https:\/\/www.upo.es\/diario\/wp-content\/uploads\/2020\/11\/Paisaje_Ling%C3%BC%C3%ADstico_PROGRAMA.pdf\">I Jornadas Internacionales \u2018Paisaje Ling\u00fc\u00edstico. Cambio, intercambio y m\u00e9todos\u2019<\/a>, un espacio de divulgaci\u00f3n virtual en el que participar\u00e1n ponentes de reconocido prestigio a nivel nacional e internacional en el campo de la Ling\u00fc\u00edstica. Las jornadas, que finalizar\u00e1n el pr\u00f3ximo mi\u00e9rcoles d\u00eda 2, est\u00e1n organizadas por los profesores de la Universidad Pablo de Olavide <strong>Francisco Molina D\u00edaz, Mercedes de la Torre Garc\u00eda y Amalia Vah\u00ed Serrano<\/strong>, del Departamento de Filolog\u00eda y Traducci\u00f3n de esta instituci\u00f3n. La inscripci\u00f3n a las jornadas es gratuita y a los asistentes se les har\u00e1 entrega de certificado de asistencia.<\/p>\n<p>La conferencia \u2018Biling\u00fcismo, multiling\u00fcismo y paisaje ling\u00fc\u00edstico, del profesor de la Universidad Pablo de Olavide Francisco Lorenzo Bergillos, ser\u00e1 la primera en abrir este espacio de divulgaci\u00f3n en el que tambi\u00e9n participar\u00e1n el martes el profesor Francisco Jos\u00e9 Torres Guti\u00e9rrez, de la misma universidad, con \u2018Aproximaci\u00f3n al paisaje ling\u00fc\u00edstico desde la geograf\u00eda social urbana\u2019 y el profesor Ricard Morant i Marco, de la Universidad de Valencia.<\/p>\n<p>Las conferencias del d\u00eda 2 ser\u00e1n \u2018El espa\u00f1ol en el paisaje ling\u00fc\u00edstico italiano: Contexto metodolog\u00eda y an\u00e1lisis de datos\u2019, de las profesoras Rosana Ariolfo y Laura Mariottini, \u00a0de la Universit\u00e0 degli Studi di Trieste y de la Universit\u00e0 La Sapienza di Roma, respectivamente; \u2018Leer la diacron\u00eda en la sincron\u00eda del paisaje ling\u00fc\u00edstico:el caso del espa\u00f1ol en Lausana, de la profesora M\u00f3nica Castillo Lluch, de la Universit\u00e9 de Lausanne; y \u2018El paisaje ling\u00fc\u00edstico de Sevilla\u2019, de la profesora Lola Pons Rodr\u00edguez, de la Universidad hispalense.<\/p>\n<p><strong><br \/>\nInscripci\u00f3n: <\/strong><strong>https:\/\/forms.gle\/eMPjU5VvnJmKGDhm8<\/strong><\/p>\n<p><strong>Correo de contacto: <\/strong><strong>mcisper@upo.es<\/strong><\/p>\n","protected":false},"excerpt":{"rendered":"<p>Ma\u00f1ana martes, 1 de diciembre, a las 10:00 horas, se inauguran las I Jornadas Internacionales \u2018Paisaje Ling\u00fc\u00edstico. Cambio, intercambio y m\u00e9todos\u2019, un espacio de divulgaci\u00f3n virtual en el que participar\u00e1n ponentes de reconocido prestigio a nivel nacional e internacional en el campo de la Ling\u00fc\u00edstica. Las jornadas, que finalizar\u00e1n el pr\u00f3ximo mi\u00e9rcoles d\u00eda 2, est\u00e1n organizadas por los profesores de la Universidad Pablo de Olavide Francisco Molina D\u00edaz, Mercedes de la Torre Garc\u00eda y Amalia Vah\u00ed Serrano, del Departamento de Filolog\u00eda y Traducci\u00f3n de esta instituci\u00f3n. La inscripci\u00f3n a las jornadas es gratuita y a los asistentes se les har\u00e1 entrega de certificado de asistencia.<\/p>\n","protected":false},"author":6,"featured_media":30863436,"comment_status":"closed","ping_status":"open","sticky":false,"template":"","format":"standard","meta":{"_monsterinsights_skip_tracking":false,"_monsterinsights_sitenote_active":false,"_monsterinsights_sitenote_note":"","_monsterinsights_sitenote_category":0,"footnotes":""},"categories":[2779],"tags":[84,3183],"class_list":["post-30863454","post","type-post","status-publish","format-standard","has-post-thumbnail","hentry","category-docencia-formacion","tag-jornadas","tag-linguistica"],"_links":{"self":[{"href":"https:\/\/www.upo.es\/diario\/wp-json\/wp\/v2\/posts\/30863454","targetHints":{"allow":["GET"]}}],"collection":[{"href":"https:\/\/www.upo.es\/diario\/wp-json\/wp\/v2\/posts"}],"about":[{"href":"https:\/\/www.upo.es\/diario\/wp-json\/wp\/v2\/types\/post"}],"author":[{"embeddable":true,"href":"https:\/\/www.upo.es\/diario\/wp-json\/wp\/v2\/users\/6"}],"replies":[{"embeddable":true,"href":"https:\/\/www.upo.es\/diario\/wp-json\/wp\/v2\/comments?post=30863454"}],"version-history":[{"count":1,"href":"https:\/\/www.upo.es\/diario\/wp-json\/wp\/v2\/posts\/30863454\/revisions"}],"predecessor-version":[{"id":30863455,"href":"https:\/\/www.upo.es\/diario\/wp-json\/wp\/v2\/posts\/30863454\/revisions\/30863455"}],"wp:featuredmedia":[{"embeddable":true,"href":"https:\/\/www.upo.es\/diario\/wp-json\/wp\/v2\/media\/30863436"}],"wp:attachment":[{"href":"https:\/\/www.upo.es\/diario\/wp-json\/wp\/v2\/media?parent=30863454"}],"wp:term":[{"taxonomy":"category","embeddable":true,"href":"https:\/\/www.upo.es\/diario\/wp-json\/wp\/v2\/categories?post=30863454"},{"taxonomy":"post_tag","embeddable":true,"href":"https:\/\/www.upo.es\/diario\/wp-json\/wp\/v2\/tags?post=30863454"}],"curies":[{"name":"wp","href":"https:\/\/api.w.org\/{rel}","templated":true}]}}