{"id":30863467,"date":"2020-12-01T11:09:57","date_gmt":"2020-12-01T10:09:57","guid":{"rendered":"https:\/\/www.upo.es\/diario\/?p=30863467"},"modified":"2020-12-09T14:57:55","modified_gmt":"2020-12-09T13:57:55","slug":"un-estudio-analiza-la-percepcion-que-tiene-la-comunidad-universitaria-de-la-upo-sobre-la-violencia-de-genero","status":"publish","type":"post","link":"https:\/\/www.upo.es\/diario\/comunidad\/2020\/12\/un-estudio-analiza-la-percepcion-que-tiene-la-comunidad-universitaria-de-la-upo-sobre-la-violencia-de-genero\/","title":{"rendered":"Un estudio analiza la percepci\u00f3n que tiene la comunidad universitaria de la UPO sobre la violencia de g\u00e9nero"},"content":{"rendered":"<p><img loading=\"lazy\" decoding=\"async\" class=\"alignright size-full wp-image-30863474\" src=\"https:\/\/www.upo.es\/diario\/wp-content\/uploads\/2020\/12\/inves_violenciadegenero-e1606819888767.jpg\" alt=\"\" width=\"300\" height=\"424\" \/>Analizar la percepci\u00f3n que tiene la comunidad universitaria sobre la violencia de g\u00e9nero, las agresiones sexuales y el acoso sexual es uno de los objetivos principales de un estudio desarrollado por un grupo de investigaci\u00f3n de la Universidad Pablo de Olavide, con el fin de poder continuar desde esta instituci\u00f3n articulando estrategias y medidas que favorezcan la prevenci\u00f3n de este tipo de violencias.<\/p>\n<p>Iniciado el pasado mes de julio, el proyecto comienza ahora la fase de recogida de datos, por lo que ha puesto a disposici\u00f3n del personal de administraci\u00f3n de servicios, personal docente e investigador y estudiantes, una encuesta en l\u00ednea cuyo objetivo ser\u00e1 generar un conocimiento s\u00f3lidamente fundamentado respecto a la magnitud e impacto de la violencia de g\u00e9nero en el \u00e1mbito universitario.<\/p>\n<p>De esta manera, se podr\u00e1 establecer el conocimiento que tiene la comunidad universitaria de la UPO sobre las violencias sexuales y las estrategias que existen al respecto, as\u00ed como conocer si entre sus miembros se han desarrollado situaciones de acoso y hostigamiento sexual. Por otro lado, tambi\u00e9n se podr\u00e1 analizar el impacto que est\u00e1n teniendo las medidas desarrolladas por la Universidad Pablo de Olavide para prevenir las violencias sexuales en su comunidad universitaria.<\/p>\n<p>\u201cLas agresiones sexuales y el acoso sexual o por raz\u00f3n de sexo son algunas de las expresiones de la violencia de g\u00e9nero que ocurre en diferentes contextos, en la que se visibiliza la posici\u00f3n de desigualdad de g\u00e9nero y del ejercicio del poder, por lo que analizar su presencia en las universidades resulta de gran relevancia\u201d, explica Roc\u00edo C\u00e1rdenas, directora del estudio, quien a\u00f1ade que \u201csin embargo, parece que en el contexto universitario espa\u00f1ol la mayor\u00eda de casos pasan todav\u00eda desapercibidos\u201d.<\/p>\n<p>Los resultados de la investigaci\u00f3n tendr\u00e1n un importante impacto para la elaboraci\u00f3n de las pol\u00edticas de igualdad en la Universidad relativas a la prevenci\u00f3n y a la lucha contra las violencias de g\u00e9nero, por lo que la Universidad Pablo de Olavide contin\u00faa con su compromiso de sensibilizar, prevenir y actuar contra cualquiera de las expresiones de las violencias contra las mujeres.<\/p>\n<p>Liderado por la profesora Roc\u00edo C\u00e1rdenas Rodr\u00edguez, este estudio est\u00e1 siendo desarrollado por los investigadores e investigadoras Teresa Terr\u00f3n Caro, Gonzalo del Moral Arroyo, Roc\u00edo Rodr\u00edguez Casado, Victoria Chac\u00f3n Chamorro, Candelaria Terce\u00f1o Sol\u00f3zano, y el t\u00e9cnico de investigaci\u00f3n Antonio Pi\u00f1ero Luna, todos ellos con experiencia en estudios de g\u00e9nero.<\/p>\n<p><a href=\"https:\/\/www.upo.es\/upsc\/igualdad\/detalle-noticias\/Proyecto-de-Investigacion-Violencia-de-genero-agresiones-y-acoso-sexuales-en-el-ambito-universitario.-Analisis-de-la-percepcion-de-la-comunidad-universitaria.\/\">\u2018Violencia de g\u00e9nero, agresiones sexuales y acoso sexual en el \u00e1mbito universitario. An\u00e1lisis de la percepci\u00f3n de la comunidad universitaria\u2019<\/a>, es una investigaci\u00f3n subvencionada con los fondos del Pacto de Estado contra la Violencia de G\u00e9nero, transferidos a la Universidad Pablo de Olavide para el desarrollo de acciones y estudios que favorezcan la lucha contra la violencia de g\u00e9nero.<\/p>\n<p>&nbsp;<\/p>\n<p><strong><u>M\u00e1s informaci\u00f3n:<\/u><\/strong><\/p>\n<p><a href=\"https:\/\/forms.gle\/GEbxuKBAaDbzLFmi7\">Enlace a la encuesta del proyecto \u2018Violencia de g\u00e9nero, agresiones sexuales y acoso sexual en el \u00e1mbito universitario. An\u00e1lisis de la percepci\u00f3n de la comunidad universitaria\u2019.<\/a><\/p>\n<p><a href=\"https:\/\/www.upo.es\/upsc\/igualdad\/pacto-de-estado-contra-la-violencia-de-genero\/\">Pacto de Estado contra la violencia de g\u00e9nero<\/a><\/p>\n","protected":false},"excerpt":{"rendered":"<p>Analizar la percepci\u00f3n que tiene la comunidad universitaria sobre la violencia de g\u00e9nero, las agresiones sexuales y el acoso sexual es uno de los objetivos principales de un estudio desarrollado por un grupo de investigaci\u00f3n de la Universidad Pablo de Olavide, con el fin de poder continuar desde esta instituci\u00f3n articulando estrategias y medidas que favorezcan la prevenci\u00f3n de este tipo de violencias.<\/p>\n","protected":false},"author":2,"featured_media":30863474,"comment_status":"closed","ping_status":"open","sticky":false,"template":"","format":"standard","meta":{"_monsterinsights_skip_tracking":false,"_monsterinsights_sitenote_active":false,"_monsterinsights_sitenote_note":"","_monsterinsights_sitenote_category":0,"footnotes":""},"categories":[5842],"tags":[3015,7110,238,859,7105,7111,347,3317,2441],"class_list":["post-30863467","post","type-post","status-publish","format-standard","has-post-thumbnail","hentry","category-comunidad","tag-acoso-sexual","tag-agresion-sexual","tag-encuesta","tag-estudio","tag-pacto-de-estado-contra-la-violencia-de-genero","tag-politicas-de-igualdad","tag-prevencion","tag-sensibilizar","tag-violencia-de-genero"],"_links":{"self":[{"href":"https:\/\/www.upo.es\/diario\/wp-json\/wp\/v2\/posts\/30863467","targetHints":{"allow":["GET"]}}],"collection":[{"href":"https:\/\/www.upo.es\/diario\/wp-json\/wp\/v2\/posts"}],"about":[{"href":"https:\/\/www.upo.es\/diario\/wp-json\/wp\/v2\/types\/post"}],"author":[{"embeddable":true,"href":"https:\/\/www.upo.es\/diario\/wp-json\/wp\/v2\/users\/2"}],"replies":[{"embeddable":true,"href":"https:\/\/www.upo.es\/diario\/wp-json\/wp\/v2\/comments?post=30863467"}],"version-history":[{"count":4,"href":"https:\/\/www.upo.es\/diario\/wp-json\/wp\/v2\/posts\/30863467\/revisions"}],"predecessor-version":[{"id":30863475,"href":"https:\/\/www.upo.es\/diario\/wp-json\/wp\/v2\/posts\/30863467\/revisions\/30863475"}],"wp:featuredmedia":[{"embeddable":true,"href":"https:\/\/www.upo.es\/diario\/wp-json\/wp\/v2\/media\/30863474"}],"wp:attachment":[{"href":"https:\/\/www.upo.es\/diario\/wp-json\/wp\/v2\/media?parent=30863467"}],"wp:term":[{"taxonomy":"category","embeddable":true,"href":"https:\/\/www.upo.es\/diario\/wp-json\/wp\/v2\/categories?post=30863467"},{"taxonomy":"post_tag","embeddable":true,"href":"https:\/\/www.upo.es\/diario\/wp-json\/wp\/v2\/tags?post=30863467"}],"curies":[{"name":"wp","href":"https:\/\/api.w.org\/{rel}","templated":true}]}}